{"id":17500,"date":"2025-07-23T10:36:43","date_gmt":"2025-07-23T16:36:43","guid":{"rendered":"https:\/\/digitalreportmx.com\/?p=17500"},"modified":"2025-07-23T10:38:24","modified_gmt":"2025-07-23T16:38:24","slug":"revela-alcalde-de-garcia-joyita-que-quemo-casa-de-el-bronco","status":"publish","type":"post","link":"https:\/\/digitalreportmx.com\/index.php\/2025\/07\/23\/revela-alcalde-de-garcia-joyita-que-quemo-casa-de-el-bronco\/","title":{"rendered":"Revela alcalde de Garc\u00eda &#8216;joyita&#8217; que quem\u00f3 casa de &#8216;El Bronco&#8217;"},"content":{"rendered":"\n<p><kbd>Garc\u00eda<\/kbd>, NL<\/p>\n\n\n\n<p>El alcalde de Garc\u00eda, Manuel Guerra Cavazos, di\u00f3 a conocer el presunto ladr\u00f3n que ingres\u00f3 y quem\u00f3 la casa del ex gobernador Jaime Rodr\u00edguez Calder\u00f3n en este municipio.<\/p>\n\n\n\n<p>En sus redes sociales, el ex mun\u00edcipe public\u00f3 un texto y una imagen del joven dentro de una patrulla.<\/p>\n\n\n\n<p>&#8220;Les presento a la joyita que ingres\u00f3 a la casa del Ex Gobernador el d\u00eda de ayer, ya lo dieron de alta y va camino pal bote.<\/p>\n\n\n\n<p>&#8220;Les comparto que es muy lamentable su situaci\u00f3n, lleva m\u00e1s de 17 detenciones relacionadas con intoxicaci\u00f3n, \u00f3sea es reh\u00e9n de las drogas. Insisto, nuestro gobierno est\u00e1 puesto para apoyar a quien quiera salir de ese tormento. Y a toda mi muchachada de oro, que a\u00fan est\u00e9n a tiempo, no est\u00e1n solos&#8221;, se\u00f1al\u00f3 en su cuenta personal de Facebook.<\/p>\n\n\n\n<figure class=\"wp-block-image size-large\"><img loading=\"lazy\" decoding=\"async\" width=\"461\" height=\"1024\" src=\"https:\/\/digitalreportmx.com\/wp-content\/uploads\/2025\/07\/Screenshot_20250723-103136_WhatsApp-461x1024.png\" alt=\"\" class=\"wp-image-17502\" srcset=\"https:\/\/digitalreportmx.com\/wp-content\/uploads\/2025\/07\/Screenshot_20250723-103136_WhatsApp-461x1024.png 461w, https:\/\/digitalreportmx.com\/wp-content\/uploads\/2025\/07\/Screenshot_20250723-103136_WhatsApp-135x300.png 135w, https:\/\/digitalreportmx.com\/wp-content\/uploads\/2025\/07\/Screenshot_20250723-103136_WhatsApp-768x1707.png 768w, https:\/\/digitalreportmx.com\/wp-content\/uploads\/2025\/07\/Screenshot_20250723-103136_WhatsApp-691x1536.png 691w, https:\/\/digitalreportmx.com\/wp-content\/uploads\/2025\/07\/Screenshot_20250723-103136_WhatsApp-922x2048.png 922w, https:\/\/digitalreportmx.com\/wp-content\/uploads\/2025\/07\/Screenshot_20250723-103136_WhatsApp.png 1080w\" sizes=\"auto, (max-width: 461px) 100vw, 461px\" \/><\/figure>\n\n\n\n<p>Este martes por la tarde fue detenido un joven en visible estado de intoxicaci\u00f3n, tras ingresar a una propiedad de \u201cEl Bronco\u201d, ubicada en la zona del casco antiguo del municipio.<\/p>\n\n\n\n<p>Los hechos ocurrieron alrededor de las 14:00 horas, cuando se recibi\u00f3 un reporte al sistema 911 sobre una persona que hab\u00eda ingresado a un domicilio. Al arribar elementos de la Polic\u00eda Preventiva, se confirm\u00f3 que se trataba del inmueble perteneciente al exmandatario estatal.<\/p>\n\n\n\n<p>De acuerdo con los primeros reportes, el individuo \u2014quien no ha podido proporcionar su identidad debido al alto grado de intoxicaci\u00f3n que presenta\u2014 ingres\u00f3 a la propiedad a trav\u00e9s del paso de una acequia, no de forma violenta, presuntamente con intenciones de robo. Al no lograr su cometido, subi\u00f3 a la planta alta, donde prendi\u00f3 fuego en una de las habitaciones utilizadas como gimnasio.<\/p>\n\n\n\n<p>Durante el incidente, el sujeto amenaz\u00f3 con un machete a empleados que se encontraban en la propiedad. Al intentar huir, uno de los elementos de seguridad asignados al exgobernador, perteneciente a Fuerza Civil, le dispar\u00f3 e hiri\u00f3 en un muslo, logrando su contenci\u00f3n.<\/p>\n","protected":false},"excerpt":{"rendered":"<p>Garc\u00eda, NL El alcalde de Garc\u00eda, Manuel Guerra Cavazos, di\u00f3 a conocer el presunto ladr\u00f3n que ingres\u00f3 y quem\u00f3 la casa del ex gobernador Jaime Rodr\u00edguez Calder\u00f3n en este municipio. En sus redes sociales, el ex mun\u00edcipe public\u00f3 un texto y una imagen del joven dentro de una patrulla. &#8220;Les presento a la joyita que [&hellip;]<\/p>\n","protected":false},"author":1,"featured_media":17501,"comment_status":"open","ping_status":"open","sticky":false,"template":"","format":"standard","meta":{"om_disable_all_campaigns":false,"_monsterinsights_skip_tracking":false,"_monsterinsights_sitenote_active":false,"_monsterinsights_sitenote_note":"","_monsterinsights_sitenote_category":0,"footnotes":""},"categories":[16,13],"tags":[],"class_list":["post-17500","post","type-post","status-publish","format-standard","has-post-thumbnail","hentry","category-relevante-2","category-reporte-local"],"aioseo_notices":[],"_links":{"self":[{"href":"https:\/\/digitalreportmx.com\/index.php\/wp-json\/wp\/v2\/posts\/17500","targetHints":{"allow":["GET"]}}],"collection":[{"href":"https:\/\/digitalreportmx.com\/index.php\/wp-json\/wp\/v2\/posts"}],"about":[{"href":"https:\/\/digitalreportmx.com\/index.php\/wp-json\/wp\/v2\/types\/post"}],"author":[{"embeddable":true,"href":"https:\/\/digitalreportmx.com\/index.php\/wp-json\/wp\/v2\/users\/1"}],"replies":[{"embeddable":true,"href":"https:\/\/digitalreportmx.com\/index.php\/wp-json\/wp\/v2\/comments?post=17500"}],"version-history":[{"count":2,"href":"https:\/\/digitalreportmx.com\/index.php\/wp-json\/wp\/v2\/posts\/17500\/revisions"}],"predecessor-version":[{"id":17504,"href":"https:\/\/digitalreportmx.com\/index.php\/wp-json\/wp\/v2\/posts\/17500\/revisions\/17504"}],"wp:featuredmedia":[{"embeddable":true,"href":"https:\/\/digitalreportmx.com\/index.php\/wp-json\/wp\/v2\/media\/17501"}],"wp:attachment":[{"href":"https:\/\/digitalreportmx.com\/index.php\/wp-json\/wp\/v2\/media?parent=17500"}],"wp:term":[{"taxonomy":"category","embeddable":true,"href":"https:\/\/digitalreportmx.com\/index.php\/wp-json\/wp\/v2\/categories?post=17500"},{"taxonomy":"post_tag","embeddable":true,"href":"https:\/\/digitalreportmx.com\/index.php\/wp-json\/wp\/v2\/tags?post=17500"}],"curies":[{"name":"wp","href":"https:\/\/api.w.org\/{rel}","templated":true}]}}