{"id":17607,"date":"2025-07-24T19:15:17","date_gmt":"2025-07-25T01:15:17","guid":{"rendered":"https:\/\/digitalreportmx.com\/?p=17607"},"modified":"2025-07-24T19:15:20","modified_gmt":"2025-07-25T01:15:20","slug":"avance-positivo-en-percepcion-de-seguridad-es-resultado-de-estrategia-nava","status":"publish","type":"post","link":"https:\/\/digitalreportmx.com\/index.php\/2025\/07\/24\/avance-positivo-en-percepcion-de-seguridad-es-resultado-de-estrategia-nava\/","title":{"rendered":"Avance positivo en percepci\u00f3n de seguridad es resultado de estrategia: Nava"},"content":{"rendered":"\n<p><kbd>Santa Catarina<\/kbd><\/p>\n\n\n\n<p>El Municipio de Santa Catarina mejor\u00f3 en la percepci\u00f3n positiva de seguridad en un 6.3 por ciento, de acuerdo a la Encuesta Nacional de Seguridad P\u00fablica Urbana (ENSU) del INEGI.<\/p>\n\n\n\n<p>La \u00faltima estad\u00edstica de dicha encuesta indica que la ciudad pas\u00f3 de 56.4 por ciento a un 50.1 por ciento en cuanto a percepci\u00f3n de inseguridad entre su poblaci\u00f3n, durante el segundo trimestre de este a\u00f1o, comprendido de marzo a junio.<\/p>\n\n\n\n<p>\u201cEsta disminuci\u00f3n en cuanto a inseguridad que percibe la gente es el resultado de una gran estrategia en materia de seguridad p\u00fablica que se ha implementado con operativos, equipamiento, unidades, infraestructura y tecnolog\u00eda\u201d, expres\u00f3 el Edil.<\/p>\n\n\n\n<figure class=\"wp-block-image size-large\"><img loading=\"lazy\" decoding=\"async\" width=\"1024\" height=\"768\" src=\"https:\/\/digitalreportmx.com\/wp-content\/uploads\/2025\/07\/IMG-20250724-WA0179-1024x768.jpg\" alt=\"\" class=\"wp-image-17609\" srcset=\"https:\/\/digitalreportmx.com\/wp-content\/uploads\/2025\/07\/IMG-20250724-WA0179-1024x768.jpg 1024w, https:\/\/digitalreportmx.com\/wp-content\/uploads\/2025\/07\/IMG-20250724-WA0179-300x225.jpg 300w, https:\/\/digitalreportmx.com\/wp-content\/uploads\/2025\/07\/IMG-20250724-WA0179-768x576.jpg 768w, https:\/\/digitalreportmx.com\/wp-content\/uploads\/2025\/07\/IMG-20250724-WA0179.jpg 1280w\" sizes=\"auto, (max-width: 1024px) 100vw, 1024px\" \/><\/figure>\n\n\n\n<p>El Edil agreg\u00f3 que dicha estad\u00edstica reportada por el INEGI refleja adem\u00e1s el esfuerzo y trabajo del gobierno municipal en coordinaci\u00f3n con el Estado y la Federaci\u00f3n, como la Fiscal\u00eda General de Justicia del Estado, el Ej\u00e9rcito y la Guardia Nacional.<\/p>\n\n\n\n<p>Nava Rivera reiter\u00f3 que la seguridad p\u00fablica es una de las prioridades de la administraci\u00f3n que encabeza, por lo que se continuar\u00e1n poniendo en marcha acciones para cuidar la integridad f\u00edsica y el patrimonio de los santacatarinenses.<\/p>\n\n\n\n<figure class=\"wp-block-video\"><video controls src=\"https:\/\/digitalreportmx.com\/wp-content\/uploads\/2025\/07\/f0aef906-4ad9-402c-8079-a38e1ebe69e6.mov\"><\/video><\/figure>\n","protected":false},"excerpt":{"rendered":"<p>Santa Catarina El Municipio de Santa Catarina mejor\u00f3 en la percepci\u00f3n positiva de seguridad en un 6.3 por ciento, de acuerdo a la Encuesta Nacional de Seguridad P\u00fablica Urbana (ENSU) del INEGI. La \u00faltima estad\u00edstica de dicha encuesta indica que la ciudad pas\u00f3 de 56.4 por ciento a un 50.1 por ciento en cuanto a [&hellip;]<\/p>\n","protected":false},"author":1,"featured_media":17608,"comment_status":"open","ping_status":"open","sticky":false,"template":"","format":"standard","meta":{"om_disable_all_campaigns":false,"_monsterinsights_skip_tracking":false,"_monsterinsights_sitenote_active":false,"_monsterinsights_sitenote_note":"","_monsterinsights_sitenote_category":0,"footnotes":""},"categories":[16,13],"tags":[],"class_list":["post-17607","post","type-post","status-publish","format-standard","has-post-thumbnail","hentry","category-relevante-2","category-reporte-local"],"aioseo_notices":[],"_links":{"self":[{"href":"https:\/\/digitalreportmx.com\/index.php\/wp-json\/wp\/v2\/posts\/17607","targetHints":{"allow":["GET"]}}],"collection":[{"href":"https:\/\/digitalreportmx.com\/index.php\/wp-json\/wp\/v2\/posts"}],"about":[{"href":"https:\/\/digitalreportmx.com\/index.php\/wp-json\/wp\/v2\/types\/post"}],"author":[{"embeddable":true,"href":"https:\/\/digitalreportmx.com\/index.php\/wp-json\/wp\/v2\/users\/1"}],"replies":[{"embeddable":true,"href":"https:\/\/digitalreportmx.com\/index.php\/wp-json\/wp\/v2\/comments?post=17607"}],"version-history":[{"count":1,"href":"https:\/\/digitalreportmx.com\/index.php\/wp-json\/wp\/v2\/posts\/17607\/revisions"}],"predecessor-version":[{"id":17611,"href":"https:\/\/digitalreportmx.com\/index.php\/wp-json\/wp\/v2\/posts\/17607\/revisions\/17611"}],"wp:featuredmedia":[{"embeddable":true,"href":"https:\/\/digitalreportmx.com\/index.php\/wp-json\/wp\/v2\/media\/17608"}],"wp:attachment":[{"href":"https:\/\/digitalreportmx.com\/index.php\/wp-json\/wp\/v2\/media?parent=17607"}],"wp:term":[{"taxonomy":"category","embeddable":true,"href":"https:\/\/digitalreportmx.com\/index.php\/wp-json\/wp\/v2\/categories?post=17607"},{"taxonomy":"post_tag","embeddable":true,"href":"https:\/\/digitalreportmx.com\/index.php\/wp-json\/wp\/v2\/tags?post=17607"}],"curies":[{"name":"wp","href":"https:\/\/api.w.org\/{rel}","templated":true}]}}