{"id":17637,"date":"2025-07-25T12:36:33","date_gmt":"2025-07-25T18:36:33","guid":{"rendered":"https:\/\/digitalreportmx.com\/?p=17637"},"modified":"2025-07-25T12:36:36","modified_gmt":"2025-07-25T18:36:36","slug":"confirma-seccion-50-del-snte-pago-de-retroactivo","status":"publish","type":"post","link":"https:\/\/digitalreportmx.com\/index.php\/2025\/07\/25\/confirma-seccion-50-del-snte-pago-de-retroactivo\/","title":{"rendered":"Confirma secci\u00f3n 50 del SNTE pago de retroactivo"},"content":{"rendered":"\n<p><kbd>Monterrey<\/kbd><\/p>\n\n\n\n<p>El Sindicato Nacional de Trabajadores de la Educaci\u00f3n, Secci\u00f3n 50, informa que el pago del retroactivo al 15 de julio, as\u00ed como el aumento salarial correspondiente a la respuesta salarial 2025, se realizar\u00e1 en la segunda quincena del presente mes.<\/p>\n\n\n\n<p>Esta confirmaci\u00f3n se da luego de la solicitud formal presentada por esta organizaci\u00f3n sindical ante el Gobierno del Estado, y tras las gestiones encabezadas por el Mtro. Juan Jos\u00e9 Guti\u00e9rrez Reynosa, Secretario General de la Secci\u00f3n 50 del SNTE. En un encuentro sostenido este mismo d\u00eda con el Gobernador Samuel Garc\u00eda Sep\u00falveda, se ratific\u00f3 el compromiso de cumplir en tiempo y forma con esta obligaci\u00f3n.<\/p>\n\n\n\n<p>Durante la reuni\u00f3n, el Gobernador reconoci\u00f3 que el magisterio es parte fundamental y una prioridad para su administraci\u00f3n, al tiempo que reiter\u00f3 que la educaci\u00f3n p\u00fablica es clave para el desarrollo de Nuevo Le\u00f3n.<\/p>\n\n\n\n<p>Desde la Secci\u00f3n 50 refrendamos nuestro compromiso de mantener informados a nuestros compa\u00f1eros y de seguir trabajando con responsabilidad para defender sus derechos y conquistas laborales.<\/p>\n","protected":false},"excerpt":{"rendered":"<p>Monterrey El Sindicato Nacional de Trabajadores de la Educaci\u00f3n, Secci\u00f3n 50, informa que el pago del retroactivo al 15 de julio, as\u00ed como el aumento salarial correspondiente a la respuesta salarial 2025, se realizar\u00e1 en la segunda quincena del presente mes. Esta confirmaci\u00f3n se da luego de la solicitud formal presentada por esta organizaci\u00f3n sindical [&hellip;]<\/p>\n","protected":false},"author":1,"featured_media":17638,"comment_status":"open","ping_status":"open","sticky":false,"template":"","format":"standard","meta":{"om_disable_all_campaigns":false,"_monsterinsights_skip_tracking":false,"_monsterinsights_sitenote_active":false,"_monsterinsights_sitenote_note":"","_monsterinsights_sitenote_category":0,"footnotes":""},"categories":[16,13],"tags":[],"class_list":["post-17637","post","type-post","status-publish","format-standard","has-post-thumbnail","hentry","category-relevante-2","category-reporte-local"],"aioseo_notices":[],"_links":{"self":[{"href":"https:\/\/digitalreportmx.com\/index.php\/wp-json\/wp\/v2\/posts\/17637","targetHints":{"allow":["GET"]}}],"collection":[{"href":"https:\/\/digitalreportmx.com\/index.php\/wp-json\/wp\/v2\/posts"}],"about":[{"href":"https:\/\/digitalreportmx.com\/index.php\/wp-json\/wp\/v2\/types\/post"}],"author":[{"embeddable":true,"href":"https:\/\/digitalreportmx.com\/index.php\/wp-json\/wp\/v2\/users\/1"}],"replies":[{"embeddable":true,"href":"https:\/\/digitalreportmx.com\/index.php\/wp-json\/wp\/v2\/comments?post=17637"}],"version-history":[{"count":1,"href":"https:\/\/digitalreportmx.com\/index.php\/wp-json\/wp\/v2\/posts\/17637\/revisions"}],"predecessor-version":[{"id":17639,"href":"https:\/\/digitalreportmx.com\/index.php\/wp-json\/wp\/v2\/posts\/17637\/revisions\/17639"}],"wp:featuredmedia":[{"embeddable":true,"href":"https:\/\/digitalreportmx.com\/index.php\/wp-json\/wp\/v2\/media\/17638"}],"wp:attachment":[{"href":"https:\/\/digitalreportmx.com\/index.php\/wp-json\/wp\/v2\/media?parent=17637"}],"wp:term":[{"taxonomy":"category","embeddable":true,"href":"https:\/\/digitalreportmx.com\/index.php\/wp-json\/wp\/v2\/categories?post=17637"},{"taxonomy":"post_tag","embeddable":true,"href":"https:\/\/digitalreportmx.com\/index.php\/wp-json\/wp\/v2\/tags?post=17637"}],"curies":[{"name":"wp","href":"https:\/\/api.w.org\/{rel}","templated":true}]}}