{"id":17651,"date":"2025-07-25T13:38:30","date_gmt":"2025-07-25T19:38:30","guid":{"rendered":"https:\/\/digitalreportmx.com\/?p=17651"},"modified":"2025-07-25T13:38:31","modified_gmt":"2025-07-25T19:38:31","slug":"agilizara-san-pedro-vialidad-vespertina-con-contraflujo-hacia-el-tunel","status":"publish","type":"post","link":"https:\/\/digitalreportmx.com\/index.php\/2025\/07\/25\/agilizara-san-pedro-vialidad-vespertina-con-contraflujo-hacia-el-tunel\/","title":{"rendered":"Agilizar\u00e1 San Pedro vialidad vespertina con contraflujo hacia el T\u00fanel"},"content":{"rendered":"\n<p><kbd>San Pedro Garza Garcia<\/kbd><\/p>\n\n\n\n<p>Con el objetivo de mejorar la circulaci\u00f3n vespertina y facilitar la salida de veh\u00edculos hacia Monterrey, el Municipio de San Pedro Garza Garc\u00eda implementar\u00e1, a partir del lunes 28 de julio, un carril en contraflujo sobre la Avenida Vasconcelos que conectar\u00e1 directamente al T\u00fanel de la Loma Larga \u201cAgust\u00edn Basave Fern\u00e1ndez del Valle\u201d.<\/p>\n\n\n\n<p>El contraflujo funcionar\u00e1 en los horarios de mayor demanda: de lunes a jueves de 16:00 a 20:00 horas, y los viernes de 14:00 a 20:00 horas.<\/p>\n\n\n\n<p>El Municipio de San Pedro estima que la implementaci\u00f3n permitir\u00e1 desfogar el tr\u00e1fico de Vasconcelos hacia Monterrey y mejorar la circulaci\u00f3n en zonas como San Agust\u00edn y Valle Oriente.<\/p>\n\n\n\n<figure class=\"wp-block-image size-large\"><img loading=\"lazy\" decoding=\"async\" width=\"1024\" height=\"683\" src=\"https:\/\/digitalreportmx.com\/wp-content\/uploads\/2025\/07\/1000108982-1024x683.jpg\" alt=\"\" class=\"wp-image-17656\" srcset=\"https:\/\/digitalreportmx.com\/wp-content\/uploads\/2025\/07\/1000108982-1024x683.jpg 1024w, https:\/\/digitalreportmx.com\/wp-content\/uploads\/2025\/07\/1000108982-300x200.jpg 300w, https:\/\/digitalreportmx.com\/wp-content\/uploads\/2025\/07\/1000108982-768x512.jpg 768w, https:\/\/digitalreportmx.com\/wp-content\/uploads\/2025\/07\/1000108982-1536x1024.jpg 1536w, https:\/\/digitalreportmx.com\/wp-content\/uploads\/2025\/07\/1000108982-2048x1366.jpg 2048w\" sizes=\"auto, (max-width: 1024px) 100vw, 1024px\" \/><\/figure>\n\n\n\n<p>Este nuevo esquema de circulaci\u00f3n iniciar\u00e1 en Vasconcelos, a la altura de la calle Los Rosales, donde el carril m\u00e1s cercano al camell\u00f3n central ser\u00e1 habilitado para circular en sentido opuesto (sur a norte), permitiendo a los conductores incorporarse directamente al T\u00fanel sin interferir con la circulaci\u00f3n regular de Vasconcelos.<\/p>\n\n\n\n<p>Adem\u00e1s del contraflujo, se contempla una modificaci\u00f3n en la configuraci\u00f3n vial dentro del T\u00fanel de la Loma Larga; en colaboraci\u00f3n con el Municipio de Monterrey se eliminar\u00e1n los acotamientos para habilitar cuatro carriles de circulaci\u00f3n por sentido, lo que permitir\u00e1 una mayor capacidad de flujo vehicular.<\/p>\n\n\n\n<p>Con estas acciones, el Municipio de San Pedro reafirma su compromiso con una movilidad m\u00e1s eficiente, ordenada y segura para todas las personas que transitan en la zona oriente.<\/p>\n","protected":false},"excerpt":{"rendered":"<p>San Pedro Garza Garcia Con el objetivo de mejorar la circulaci\u00f3n vespertina y facilitar la salida de veh\u00edculos hacia Monterrey, el Municipio de San Pedro Garza Garc\u00eda implementar\u00e1, a partir del lunes 28 de julio, un carril en contraflujo sobre la Avenida Vasconcelos que conectar\u00e1 directamente al T\u00fanel de la Loma Larga \u201cAgust\u00edn Basave Fern\u00e1ndez [&hellip;]<\/p>\n","protected":false},"author":1,"featured_media":17657,"comment_status":"open","ping_status":"open","sticky":false,"template":"","format":"standard","meta":{"om_disable_all_campaigns":false,"_monsterinsights_skip_tracking":false,"_monsterinsights_sitenote_active":false,"_monsterinsights_sitenote_note":"","_monsterinsights_sitenote_category":0,"footnotes":""},"categories":[15,6],"tags":[],"class_list":["post-17651","post","type-post","status-publish","format-standard","has-post-thumbnail","hentry","category-relevante","category-local"],"aioseo_notices":[],"_links":{"self":[{"href":"https:\/\/digitalreportmx.com\/index.php\/wp-json\/wp\/v2\/posts\/17651","targetHints":{"allow":["GET"]}}],"collection":[{"href":"https:\/\/digitalreportmx.com\/index.php\/wp-json\/wp\/v2\/posts"}],"about":[{"href":"https:\/\/digitalreportmx.com\/index.php\/wp-json\/wp\/v2\/types\/post"}],"author":[{"embeddable":true,"href":"https:\/\/digitalreportmx.com\/index.php\/wp-json\/wp\/v2\/users\/1"}],"replies":[{"embeddable":true,"href":"https:\/\/digitalreportmx.com\/index.php\/wp-json\/wp\/v2\/comments?post=17651"}],"version-history":[{"count":1,"href":"https:\/\/digitalreportmx.com\/index.php\/wp-json\/wp\/v2\/posts\/17651\/revisions"}],"predecessor-version":[{"id":17658,"href":"https:\/\/digitalreportmx.com\/index.php\/wp-json\/wp\/v2\/posts\/17651\/revisions\/17658"}],"wp:featuredmedia":[{"embeddable":true,"href":"https:\/\/digitalreportmx.com\/index.php\/wp-json\/wp\/v2\/media\/17657"}],"wp:attachment":[{"href":"https:\/\/digitalreportmx.com\/index.php\/wp-json\/wp\/v2\/media?parent=17651"}],"wp:term":[{"taxonomy":"category","embeddable":true,"href":"https:\/\/digitalreportmx.com\/index.php\/wp-json\/wp\/v2\/categories?post=17651"},{"taxonomy":"post_tag","embeddable":true,"href":"https:\/\/digitalreportmx.com\/index.php\/wp-json\/wp\/v2\/tags?post=17651"}],"curies":[{"name":"wp","href":"https:\/\/api.w.org\/{rel}","templated":true}]}}