{"id":17652,"date":"2025-07-25T13:31:40","date_gmt":"2025-07-25T19:31:40","guid":{"rendered":"https:\/\/digitalreportmx.com\/?p=17652"},"modified":"2025-07-25T13:32:02","modified_gmt":"2025-07-25T19:32:02","slug":"arman-show-familiar-con-guardianes-de-la-memoria-en-mhm","status":"publish","type":"post","link":"https:\/\/digitalreportmx.com\/index.php\/2025\/07\/25\/arman-show-familiar-con-guardianes-de-la-memoria-en-mhm\/","title":{"rendered":"Arman show familiar con Guardianes de la Memoria en MHM"},"content":{"rendered":"\n<p><kbd>Monterrey<\/kbd><\/p>\n\n\n\n<p>Una madrugada helada, los habitantes de Nomeolvides, Nuevo Le\u00f3n, despertaron con un viento extra\u00f1o que se colaba por cada rendija&#8230;<\/p>\n\n\n\n<p>Ese viento, dicen los viejos del lugar, tra\u00eda consigo a dos figuras oscuras: La bruja Desmemoria y El mago Qu\u00e9 S\u00e9 Yo, enemigos declarados de la historia, la cultura y el arte.<br>La historia de ese pueblo olvidado \u2014y de quienes lucharon por devolverle la memoria\u2014 ser\u00e1 estrenada en \u201cGuardianes de la Memoria\u201d, un espect\u00e1culo familiar, musical y profundamente norestense, que se presentar\u00e1 en el auditorio del Museo de Historia Mexicana los domingos 27 de julio, 3 y 10 de agosto de 2025 a las 17:00 horas. La entrada es gratuita y el cupo limitado, as\u00ed que m\u00e1s vale llegar temprano.<br>Lo peor del caso es que en Nomeolvides, en un abrir y cerrar de ojos, la bruja y el mago hipnotizaron a todos. Se borraron los recuerdos, las canciones, los cuentos de la abuela. El pueblo se volvi\u00f3 un lugar gris, aficionado a la televisi\u00f3n y a la rutina sin alma. Pero no todo estaba perdido\u2026<br>Una noche, un meteorito cay\u00f3 del cielo, iluminando el monte y estremeciendo la tierra. Del cr\u00e1ter apareci\u00f3 un peque\u00f1o y valiente tlacuache, quien cargaba el meteorito hasta la plaza principal. Al abrirlo, brot\u00f3 una brillante luz que proyect\u00f3 im\u00e1genes m\u00e1gicas: exposiciones inolvidables, personajes hist\u00f3ricos, haza\u00f1as colectivas y los momentos m\u00e1s significativos de los 30 a\u00f1os del Museo de Historia Mexicana.<br>Y as\u00ed regresaron la alegr\u00eda, la memoria y el arte al noreste, gracias a Aguililla y Tlacuache los \u201cGuardianes de la Memoria\u201d.<br>Esta historia llega dentro de la celebraci\u00f3n del 30 aniversario del Museo de Historia Mexicana, de la mano de La Percha Teatro, agrupaci\u00f3n regiomontana fundada en 1984 por Leticia Parra, Jorge A. Vargas y Gerardo D\u00e1vila. Nacidos como un grupo de mimos en plena efervescencia del teatro independiente, han sido faro cultural por m\u00e1s de 40 a\u00f1os, explorando el clown, la pantomima y el teatro popular. Fueron distinguidos con el Premio a las Artes de la UANL en Artes Esc\u00e9nicas (2020), entre otros reconocimientos.<br>Hoy, su arte regresa al escenario con \u201cGuardianes de la Memoria\u201d, una producci\u00f3n en la que participan criaturas de la fauna norestense, una cantante sonidera llamada Tula Ch\u00e1vez (interpretada por Ale S\u00e1nchez), y un pueblo que revive gracias al poder del teatro, la m\u00fasica y la imaginaci\u00f3n.<br>\u201cGuardianes de la Memoria\u201d se estrena el domingo 27 de julio. Ven con tu familia, disfruten, aprendan y celebren los 30 a\u00f1os del Museo de Historia Mexicana. Para m\u00e1s informaci\u00f3n visita www.3museos.com o consulta las redes sociales de @3museos.<\/p>\n\n\n\n<figure class=\"wp-block-image size-large\"><img loading=\"lazy\" decoding=\"async\" width=\"1024\" height=\"1024\" src=\"https:\/\/digitalreportmx.com\/wp-content\/uploads\/2025\/07\/2-1024x1024.jpg\" alt=\"\" class=\"wp-image-17626\" srcset=\"https:\/\/digitalreportmx.com\/wp-content\/uploads\/2025\/07\/2-1024x1024.jpg 1024w, https:\/\/digitalreportmx.com\/wp-content\/uploads\/2025\/07\/2-300x300.jpg 300w, https:\/\/digitalreportmx.com\/wp-content\/uploads\/2025\/07\/2-150x150.jpg 150w, https:\/\/digitalreportmx.com\/wp-content\/uploads\/2025\/07\/2-768x768.jpg 768w, https:\/\/digitalreportmx.com\/wp-content\/uploads\/2025\/07\/2.jpg 1080w\" sizes=\"auto, (max-width: 1024px) 100vw, 1024px\" \/><\/figure>\n","protected":false},"excerpt":{"rendered":"<p>Monterrey Una madrugada helada, los habitantes de Nomeolvides, Nuevo Le\u00f3n, despertaron con un viento extra\u00f1o que se colaba por cada rendija&#8230; Ese viento, dicen los viejos del lugar, tra\u00eda consigo a dos figuras oscuras: La bruja Desmemoria y El mago Qu\u00e9 S\u00e9 Yo, enemigos declarados de la historia, la cultura y el arte.La historia de [&hellip;]<\/p>\n","protected":false},"author":1,"featured_media":17653,"comment_status":"open","ping_status":"open","sticky":false,"template":"","format":"standard","meta":{"om_disable_all_campaigns":false,"_monsterinsights_skip_tracking":false,"_monsterinsights_sitenote_active":false,"_monsterinsights_sitenote_note":"","_monsterinsights_sitenote_category":0,"footnotes":""},"categories":[12,16],"tags":[],"class_list":["post-17652","post","type-post","status-publish","format-standard","has-post-thumbnail","hentry","category-cooltura","category-relevante-2"],"aioseo_notices":[],"_links":{"self":[{"href":"https:\/\/digitalreportmx.com\/index.php\/wp-json\/wp\/v2\/posts\/17652","targetHints":{"allow":["GET"]}}],"collection":[{"href":"https:\/\/digitalreportmx.com\/index.php\/wp-json\/wp\/v2\/posts"}],"about":[{"href":"https:\/\/digitalreportmx.com\/index.php\/wp-json\/wp\/v2\/types\/post"}],"author":[{"embeddable":true,"href":"https:\/\/digitalreportmx.com\/index.php\/wp-json\/wp\/v2\/users\/1"}],"replies":[{"embeddable":true,"href":"https:\/\/digitalreportmx.com\/index.php\/wp-json\/wp\/v2\/comments?post=17652"}],"version-history":[{"count":1,"href":"https:\/\/digitalreportmx.com\/index.php\/wp-json\/wp\/v2\/posts\/17652\/revisions"}],"predecessor-version":[{"id":17655,"href":"https:\/\/digitalreportmx.com\/index.php\/wp-json\/wp\/v2\/posts\/17652\/revisions\/17655"}],"wp:featuredmedia":[{"embeddable":true,"href":"https:\/\/digitalreportmx.com\/index.php\/wp-json\/wp\/v2\/media\/17653"}],"wp:attachment":[{"href":"https:\/\/digitalreportmx.com\/index.php\/wp-json\/wp\/v2\/media?parent=17652"}],"wp:term":[{"taxonomy":"category","embeddable":true,"href":"https:\/\/digitalreportmx.com\/index.php\/wp-json\/wp\/v2\/categories?post=17652"},{"taxonomy":"post_tag","embeddable":true,"href":"https:\/\/digitalreportmx.com\/index.php\/wp-json\/wp\/v2\/tags?post=17652"}],"curies":[{"name":"wp","href":"https:\/\/api.w.org\/{rel}","templated":true}]}}