{"id":17659,"date":"2025-07-25T13:57:17","date_gmt":"2025-07-25T19:57:17","guid":{"rendered":"https:\/\/digitalreportmx.com\/?p=17659"},"modified":"2025-07-25T13:58:34","modified_gmt":"2025-07-25T19:58:34","slug":"extienden-un-dia-la-entrega-de-utiles-utiles-en-monterrey","status":"publish","type":"post","link":"https:\/\/digitalreportmx.com\/index.php\/2025\/07\/25\/extienden-un-dia-la-entrega-de-utiles-utiles-en-monterrey\/","title":{"rendered":"Extienden un d\u00eda la entrega de \u00datiles, \u00fatiles en Monterrey"},"content":{"rendered":"\n<p><kbd>Monterrey, NL<\/kbd><\/p>\n\n\n\n<p>El Programa municipal \u00datiles, \u00fatiles del Gobierno de Monterrey se extiende hasta el d\u00eda \u00faltimo del mes, informaron los secretarios de Desarrollo Humano e Igualdad Sustantiva, Karina Barr\u00f3n y de Participaci\u00f3n Ciudadana, Rafael Ramos.<\/p>\n\n\n\n<p>Se\u00f1alaron que la entrega de los paquetes de materiales escolares para estudiantes del nivel b\u00e1sico entra este fin de semana en su etapa final en la zona sur de la ciudad.<\/p>\n\n\n\n<figure class=\"wp-block-video\"><video controls src=\"https:\/\/digitalreportmx.com\/wp-content\/uploads\/2025\/07\/1000109014.mp4\"><\/video><\/figure>\n\n\n\n<p>El reparto se realiza este viernes y s\u00e1bado en la Bas\u00edlica de Guadalupe en la colonia Independencia, domingo, lunes y martes en el Gimnasio de la colonia Bur\u00f3cratas Municipales, y mi\u00e9rcoles 30 y jueves 31 en el Parque Canoas.<\/p>\n\n\n\n<p>Inicialmente estaba contemplado entregar los \u00fatiles s\u00f3lo el d\u00eda 30 en Canoas, pero se determin\u00f3 extenderlo al d\u00eda \u00faltimo para concluir con los 80 mil paquetes que se otorgar\u00e1n a alumnos de preescolar, primaria y secundaria en Monterrey.<\/p>\n\n\n\n<figure class=\"wp-block-image size-large\"><img loading=\"lazy\" decoding=\"async\" width=\"1024\" height=\"682\" src=\"https:\/\/digitalreportmx.com\/wp-content\/uploads\/2025\/07\/1000109008-1024x682.jpg\" alt=\"\" class=\"wp-image-17665\" srcset=\"https:\/\/digitalreportmx.com\/wp-content\/uploads\/2025\/07\/1000109008-1024x682.jpg 1024w, https:\/\/digitalreportmx.com\/wp-content\/uploads\/2025\/07\/1000109008-300x200.jpg 300w, https:\/\/digitalreportmx.com\/wp-content\/uploads\/2025\/07\/1000109008-768x512.jpg 768w, https:\/\/digitalreportmx.com\/wp-content\/uploads\/2025\/07\/1000109008-1536x1023.jpg 1536w, https:\/\/digitalreportmx.com\/wp-content\/uploads\/2025\/07\/1000109008.jpg 1600w\" sizes=\"auto, (max-width: 1024px) 100vw, 1024px\" \/><\/figure>\n\n\n\n<p>\u201cLo ampliamos para que ning\u00fan ni\u00f1o se quede sin estudiar por falta de \u00fatiles\u201d, sentenci\u00f3 Karina Barr\u00f3n.<\/p>\n\n\n\n<p>El municipio busca con este proyecto fortalecer la educaci\u00f3n formal de las infancias regiomontanas y aliviar un poco las finanzas familiares.<\/p>\n","protected":false},"excerpt":{"rendered":"<p>Monterrey, NL El Programa municipal \u00datiles, \u00fatiles del Gobierno de Monterrey se extiende hasta el d\u00eda \u00faltimo del mes, informaron los secretarios de Desarrollo Humano e Igualdad Sustantiva, Karina Barr\u00f3n y de Participaci\u00f3n Ciudadana, Rafael Ramos. Se\u00f1alaron que la entrega de los paquetes de materiales escolares para estudiantes del nivel b\u00e1sico entra este fin de [&hellip;]<\/p>\n","protected":false},"author":1,"featured_media":17663,"comment_status":"open","ping_status":"open","sticky":false,"template":"","format":"standard","meta":{"om_disable_all_campaigns":false,"_monsterinsights_skip_tracking":false,"_monsterinsights_sitenote_active":false,"_monsterinsights_sitenote_note":"","_monsterinsights_sitenote_category":0,"footnotes":""},"categories":[15,6],"tags":[],"class_list":["post-17659","post","type-post","status-publish","format-standard","has-post-thumbnail","hentry","category-relevante","category-local"],"aioseo_notices":[],"_links":{"self":[{"href":"https:\/\/digitalreportmx.com\/index.php\/wp-json\/wp\/v2\/posts\/17659","targetHints":{"allow":["GET"]}}],"collection":[{"href":"https:\/\/digitalreportmx.com\/index.php\/wp-json\/wp\/v2\/posts"}],"about":[{"href":"https:\/\/digitalreportmx.com\/index.php\/wp-json\/wp\/v2\/types\/post"}],"author":[{"embeddable":true,"href":"https:\/\/digitalreportmx.com\/index.php\/wp-json\/wp\/v2\/users\/1"}],"replies":[{"embeddable":true,"href":"https:\/\/digitalreportmx.com\/index.php\/wp-json\/wp\/v2\/comments?post=17659"}],"version-history":[{"count":2,"href":"https:\/\/digitalreportmx.com\/index.php\/wp-json\/wp\/v2\/posts\/17659\/revisions"}],"predecessor-version":[{"id":17666,"href":"https:\/\/digitalreportmx.com\/index.php\/wp-json\/wp\/v2\/posts\/17659\/revisions\/17666"}],"wp:featuredmedia":[{"embeddable":true,"href":"https:\/\/digitalreportmx.com\/index.php\/wp-json\/wp\/v2\/media\/17663"}],"wp:attachment":[{"href":"https:\/\/digitalreportmx.com\/index.php\/wp-json\/wp\/v2\/media?parent=17659"}],"wp:term":[{"taxonomy":"category","embeddable":true,"href":"https:\/\/digitalreportmx.com\/index.php\/wp-json\/wp\/v2\/categories?post=17659"},{"taxonomy":"post_tag","embeddable":true,"href":"https:\/\/digitalreportmx.com\/index.php\/wp-json\/wp\/v2\/tags?post=17659"}],"curies":[{"name":"wp","href":"https:\/\/api.w.org\/{rel}","templated":true}]}}