{"id":17737,"date":"2025-07-27T11:33:04","date_gmt":"2025-07-27T17:33:04","guid":{"rendered":"https:\/\/digitalreportmx.com\/?p=17737"},"modified":"2025-07-27T11:34:35","modified_gmt":"2025-07-27T17:34:35","slug":"igualdad-impone-marca-de-asistencia-a-campamento-de-verano","status":"publish","type":"post","link":"https:\/\/digitalreportmx.com\/index.php\/2025\/07\/27\/igualdad-impone-marca-de-asistencia-a-campamento-de-verano\/","title":{"rendered":"Igualdad de NL impone marca de asistencia a Campamento de Verano"},"content":{"rendered":"\n<p><kbd>Monterrey<\/kbd> <\/p>\n\n\n\n<p>La Secretar\u00eda de Igualdad e Inclusi\u00f3n que encabeza Martha Herrera, registr\u00f3 una asistencia r\u00e9cord en la primer semana del S\u00faper Campamento de Verano 2025, al contar con m\u00e1s de 4 mil participantes.<\/p>\n\n\n\n<p>La cifra supera el total de la asistencia que se tuvo en la edici\u00f3n del 2024 cuando se alcanzaron cerca de 4 mil beneficiarios en un mes.<\/p>\n\n\n\n<figure class=\"wp-block-image size-large\"><img loading=\"lazy\" decoding=\"async\" width=\"1024\" height=\"682\" src=\"https:\/\/digitalreportmx.com\/wp-content\/uploads\/2025\/07\/IMG-20250727-WA0041-1024x682.jpg\" alt=\"\" class=\"wp-image-17743\" srcset=\"https:\/\/digitalreportmx.com\/wp-content\/uploads\/2025\/07\/IMG-20250727-WA0041-1024x682.jpg 1024w, https:\/\/digitalreportmx.com\/wp-content\/uploads\/2025\/07\/IMG-20250727-WA0041-300x200.jpg 300w, https:\/\/digitalreportmx.com\/wp-content\/uploads\/2025\/07\/IMG-20250727-WA0041-768x512.jpg 768w, https:\/\/digitalreportmx.com\/wp-content\/uploads\/2025\/07\/IMG-20250727-WA0041-1536x1023.jpg 1536w, https:\/\/digitalreportmx.com\/wp-content\/uploads\/2025\/07\/IMG-20250727-WA0041.jpg 1600w\" sizes=\"auto, (max-width: 1024px) 100vw, 1024px\" \/><\/figure>\n\n\n\n<p>El S\u00faper campamento que este a\u00f1o est\u00e1 dedicado al mundial 2026, con enfoque en el respeto a los Derechos y deberes de las ni\u00f1as, ni\u00f1os y adolescentes, se realiza del 21 de julio al 15 de agosto, en los 47 Centros Comunitarios del Gobierno estatal.<\/p>\n\n\n\n<figure class=\"wp-block-image size-large\"><img loading=\"lazy\" decoding=\"async\" width=\"1024\" height=\"682\" src=\"https:\/\/digitalreportmx.com\/wp-content\/uploads\/2025\/07\/IMG-20250727-WA0044-1024x682.jpg\" alt=\"\" class=\"wp-image-17739\" srcset=\"https:\/\/digitalreportmx.com\/wp-content\/uploads\/2025\/07\/IMG-20250727-WA0044-1024x682.jpg 1024w, https:\/\/digitalreportmx.com\/wp-content\/uploads\/2025\/07\/IMG-20250727-WA0044-300x200.jpg 300w, https:\/\/digitalreportmx.com\/wp-content\/uploads\/2025\/07\/IMG-20250727-WA0044-768x512.jpg 768w, https:\/\/digitalreportmx.com\/wp-content\/uploads\/2025\/07\/IMG-20250727-WA0044-1536x1023.jpg 1536w, https:\/\/digitalreportmx.com\/wp-content\/uploads\/2025\/07\/IMG-20250727-WA0044.jpg 1600w\" sizes=\"auto, (max-width: 1024px) 100vw, 1024px\" \/><\/figure>\n\n\n\n<p>Durante el mes que durar\u00e1n las actividades, los participantes de 5 a 15 a\u00f1os de edad, realizar\u00e1n partidos de futbol sobre el respeto y la inclusi\u00f3n; memorama de derechos; tiro a gol; 100 mundialistas dijeron; laboratorio de mini emprendedores; taller de figuras con yeso; reto digital; rueda de estaciones; m\u00e1scaras de s\u00faper defensores y defensoras de los derechos de las ni\u00f1as, ni\u00f1os y adolescentes y un mural que se realizar\u00e1 en algunos Centros Comunitarios.<\/p>\n\n\n\n<figure class=\"wp-block-image size-large\"><img loading=\"lazy\" decoding=\"async\" width=\"1024\" height=\"682\" src=\"https:\/\/digitalreportmx.com\/wp-content\/uploads\/2025\/07\/IMG-20250727-WA0037-1024x682.jpg\" alt=\"\" class=\"wp-image-17742\" srcset=\"https:\/\/digitalreportmx.com\/wp-content\/uploads\/2025\/07\/IMG-20250727-WA0037-1024x682.jpg 1024w, https:\/\/digitalreportmx.com\/wp-content\/uploads\/2025\/07\/IMG-20250727-WA0037-300x200.jpg 300w, https:\/\/digitalreportmx.com\/wp-content\/uploads\/2025\/07\/IMG-20250727-WA0037-768x512.jpg 768w, https:\/\/digitalreportmx.com\/wp-content\/uploads\/2025\/07\/IMG-20250727-WA0037-1536x1023.jpg 1536w, https:\/\/digitalreportmx.com\/wp-content\/uploads\/2025\/07\/IMG-20250727-WA0037.jpg 1600w\" sizes=\"auto, (max-width: 1024px) 100vw, 1024px\" \/><\/figure>\n\n\n\n<p>La Secretar\u00eda de Igualdad e Inclusi\u00f3n mantiene abiertas las inscripciones del S\u00faper Campamento de Verano; los interesados deber\u00e1n presentar copia de su CURP y comprobante de domicilio en el Centro Comunitario m\u00e1s cercano en horario de 9:00 a 18:00 horas.<\/p>\n\n\n\n<figure class=\"wp-block-image size-large\"><img loading=\"lazy\" decoding=\"async\" width=\"1024\" height=\"682\" src=\"https:\/\/digitalreportmx.com\/wp-content\/uploads\/2025\/07\/IMG-20250727-WA0038-1024x682.jpg\" alt=\"\" class=\"wp-image-17741\" srcset=\"https:\/\/digitalreportmx.com\/wp-content\/uploads\/2025\/07\/IMG-20250727-WA0038-1024x682.jpg 1024w, https:\/\/digitalreportmx.com\/wp-content\/uploads\/2025\/07\/IMG-20250727-WA0038-300x200.jpg 300w, https:\/\/digitalreportmx.com\/wp-content\/uploads\/2025\/07\/IMG-20250727-WA0038-768x512.jpg 768w, https:\/\/digitalreportmx.com\/wp-content\/uploads\/2025\/07\/IMG-20250727-WA0038-1536x1023.jpg 1536w, https:\/\/digitalreportmx.com\/wp-content\/uploads\/2025\/07\/IMG-20250727-WA0038.jpg 1600w\" sizes=\"auto, (max-width: 1024px) 100vw, 1024px\" \/><\/figure>\n","protected":false},"excerpt":{"rendered":"<p>Monterrey La Secretar\u00eda de Igualdad e Inclusi\u00f3n que encabeza Martha Herrera, registr\u00f3 una asistencia r\u00e9cord en la primer semana del S\u00faper Campamento de Verano 2025, al contar con m\u00e1s de 4 mil participantes. La cifra supera el total de la asistencia que se tuvo en la edici\u00f3n del 2024 cuando se alcanzaron cerca de 4 [&hellip;]<\/p>\n","protected":false},"author":1,"featured_media":17738,"comment_status":"open","ping_status":"open","sticky":false,"template":"","format":"standard","meta":{"om_disable_all_campaigns":false,"_monsterinsights_skip_tracking":false,"_monsterinsights_sitenote_active":false,"_monsterinsights_sitenote_note":"","_monsterinsights_sitenote_category":0,"footnotes":""},"categories":[16,13],"tags":[],"class_list":["post-17737","post","type-post","status-publish","format-standard","has-post-thumbnail","hentry","category-relevante-2","category-reporte-local"],"aioseo_notices":[],"_links":{"self":[{"href":"https:\/\/digitalreportmx.com\/index.php\/wp-json\/wp\/v2\/posts\/17737","targetHints":{"allow":["GET"]}}],"collection":[{"href":"https:\/\/digitalreportmx.com\/index.php\/wp-json\/wp\/v2\/posts"}],"about":[{"href":"https:\/\/digitalreportmx.com\/index.php\/wp-json\/wp\/v2\/types\/post"}],"author":[{"embeddable":true,"href":"https:\/\/digitalreportmx.com\/index.php\/wp-json\/wp\/v2\/users\/1"}],"replies":[{"embeddable":true,"href":"https:\/\/digitalreportmx.com\/index.php\/wp-json\/wp\/v2\/comments?post=17737"}],"version-history":[{"count":2,"href":"https:\/\/digitalreportmx.com\/index.php\/wp-json\/wp\/v2\/posts\/17737\/revisions"}],"predecessor-version":[{"id":17745,"href":"https:\/\/digitalreportmx.com\/index.php\/wp-json\/wp\/v2\/posts\/17737\/revisions\/17745"}],"wp:featuredmedia":[{"embeddable":true,"href":"https:\/\/digitalreportmx.com\/index.php\/wp-json\/wp\/v2\/media\/17738"}],"wp:attachment":[{"href":"https:\/\/digitalreportmx.com\/index.php\/wp-json\/wp\/v2\/media?parent=17737"}],"wp:term":[{"taxonomy":"category","embeddable":true,"href":"https:\/\/digitalreportmx.com\/index.php\/wp-json\/wp\/v2\/categories?post=17737"},{"taxonomy":"post_tag","embeddable":true,"href":"https:\/\/digitalreportmx.com\/index.php\/wp-json\/wp\/v2\/tags?post=17737"}],"curies":[{"name":"wp","href":"https:\/\/api.w.org\/{rel}","templated":true}]}}