{"id":17762,"date":"2025-07-27T17:21:46","date_gmt":"2025-07-27T23:21:46","guid":{"rendered":"https:\/\/digitalreportmx.com\/?p=17762"},"modified":"2025-07-27T17:21:56","modified_gmt":"2025-07-27T23:21:56","slug":"agilizara-san-pedro-vialidad-vespertina-con-contraflujo-hacia-el-tunel-2","status":"publish","type":"post","link":"https:\/\/digitalreportmx.com\/index.php\/2025\/07\/27\/agilizara-san-pedro-vialidad-vespertina-con-contraflujo-hacia-el-tunel-2\/","title":{"rendered":"Agilizar\u00e1 San Pedro vialidad vespertina con contraflujo hacia el T\u00fanel"},"content":{"rendered":"\n<p><kbd>San Pedro Garza Garc\u00eda<\/kbd> <\/p>\n\n\n\n<p>A partir del lunes 28 de julio, San Pedro Garza Garcia implementar\u00e1 carril en contraflujo en la Avenida Vasconcelos hacia el T\u00fanel de la Loma Larga &#8220;Agustin Basave Fern\u00e1ndez del Valle&#8221;.<\/p>\n\n\n\n<p>Con el objetivo de mejorar la circulaci\u00f3n vespertina y facilitar la salida de veh\u00edculos hacia Monterrey, el Municipio de San Pedro Garza Garcia implementar\u00e1, a partir del lunes 28 de julio, un carril en contraflujo sobre la Avenida Vasconcelos que conectar\u00e1 directamente al T\u00fanel de la Loma Larga &#8220;Agustin Basave Fern\u00e1ndez del Valle&#8221;.<\/p>\n\n\n\n<p>El contraflujo funcionar\u00e1 en los horarios de mayor demanda: de lunes a jueves de 16:00 a 20:00 horas, y los viernes de 14:00 a 20:00 horas.<\/p>\n\n\n\n<p>El Municipio de San Pedro estima que la implementaci\u00f3n permitir\u00e1 desfogar el tr\u00e1fico de Vasconcelos hacia Monterrey y mejorar la circulaci\u00f3n en zonas como San Agustin y Valle Oriente.<\/p>\n\n\n\n<figure class=\"wp-block-image size-large\"><img loading=\"lazy\" decoding=\"async\" width=\"1024\" height=\"683\" src=\"https:\/\/digitalreportmx.com\/wp-content\/uploads\/2025\/07\/IMG-20250725-WA0206-1024x683.jpg\" alt=\"\" class=\"wp-image-17766\" srcset=\"https:\/\/digitalreportmx.com\/wp-content\/uploads\/2025\/07\/IMG-20250725-WA0206-1024x683.jpg 1024w, https:\/\/digitalreportmx.com\/wp-content\/uploads\/2025\/07\/IMG-20250725-WA0206-300x200.jpg 300w, https:\/\/digitalreportmx.com\/wp-content\/uploads\/2025\/07\/IMG-20250725-WA0206-768x512.jpg 768w, https:\/\/digitalreportmx.com\/wp-content\/uploads\/2025\/07\/IMG-20250725-WA0206.jpg 1533w\" sizes=\"auto, (max-width: 1024px) 100vw, 1024px\" \/><\/figure>\n\n\n\n<p>Este nuevo esquema de circulaci\u00f3n iniciar\u00e1 en Vasconcelos, a la altura de la calle Los Rosales, donde el carril m\u00e1s cercano al camell\u00f3n central ser\u00e1 habilitado para circular en sentido opuesto (sur a norte), permitiendo a los conductores incorporarse directamente al T\u00fanel sin interferir con la circulaci\u00f3n regular de Vasconcelos.<\/p>\n\n\n\n<p>Adem\u00e1s del contraflujo, se contempla una modificaci\u00f3n en la configuraci\u00f3n vial dentro del T\u00fanel de la Loma Larga; en colaboraci\u00f3n con el Municipio de Monterrey se eliminar\u00e1n los acotamientos para habilitar cuatro carriles de circulaci\u00f3n por sentido, lo que permitir\u00e1 una mayor capacidad de flujo vehicular.<\/p>\n\n\n\n<p>Con estas acciones, el Municipio de San Pedro reafirma su compromiso con una movilidad m\u00e1s eficiente, ordenada y segura para todas las personas que transitan en la zona oriente.<\/p>\n\n\n\n<figure class=\"wp-block-video\"><video controls src=\"https:\/\/digitalreportmx.com\/wp-content\/uploads\/2025\/07\/VID-20250725-WA0217-1.mp4\"><\/video><\/figure>\n","protected":false},"excerpt":{"rendered":"<p>San Pedro Garza Garc\u00eda A partir del lunes 28 de julio, San Pedro Garza Garcia implementar\u00e1 carril en contraflujo en la Avenida Vasconcelos hacia el T\u00fanel de la Loma Larga &#8220;Agustin Basave Fern\u00e1ndez del Valle&#8221;. Con el objetivo de mejorar la circulaci\u00f3n vespertina y facilitar la salida de veh\u00edculos hacia Monterrey, el Municipio de San [&hellip;]<\/p>\n","protected":false},"author":1,"featured_media":17763,"comment_status":"open","ping_status":"open","sticky":false,"template":"","format":"standard","meta":{"om_disable_all_campaigns":false,"_monsterinsights_skip_tracking":false,"_monsterinsights_sitenote_active":false,"_monsterinsights_sitenote_note":"","_monsterinsights_sitenote_category":0,"footnotes":""},"categories":[16,13],"tags":[],"class_list":["post-17762","post","type-post","status-publish","format-standard","has-post-thumbnail","hentry","category-relevante-2","category-reporte-local"],"aioseo_notices":[],"_links":{"self":[{"href":"https:\/\/digitalreportmx.com\/index.php\/wp-json\/wp\/v2\/posts\/17762","targetHints":{"allow":["GET"]}}],"collection":[{"href":"https:\/\/digitalreportmx.com\/index.php\/wp-json\/wp\/v2\/posts"}],"about":[{"href":"https:\/\/digitalreportmx.com\/index.php\/wp-json\/wp\/v2\/types\/post"}],"author":[{"embeddable":true,"href":"https:\/\/digitalreportmx.com\/index.php\/wp-json\/wp\/v2\/users\/1"}],"replies":[{"embeddable":true,"href":"https:\/\/digitalreportmx.com\/index.php\/wp-json\/wp\/v2\/comments?post=17762"}],"version-history":[{"count":1,"href":"https:\/\/digitalreportmx.com\/index.php\/wp-json\/wp\/v2\/posts\/17762\/revisions"}],"predecessor-version":[{"id":17768,"href":"https:\/\/digitalreportmx.com\/index.php\/wp-json\/wp\/v2\/posts\/17762\/revisions\/17768"}],"wp:featuredmedia":[{"embeddable":true,"href":"https:\/\/digitalreportmx.com\/index.php\/wp-json\/wp\/v2\/media\/17763"}],"wp:attachment":[{"href":"https:\/\/digitalreportmx.com\/index.php\/wp-json\/wp\/v2\/media?parent=17762"}],"wp:term":[{"taxonomy":"category","embeddable":true,"href":"https:\/\/digitalreportmx.com\/index.php\/wp-json\/wp\/v2\/categories?post=17762"},{"taxonomy":"post_tag","embeddable":true,"href":"https:\/\/digitalreportmx.com\/index.php\/wp-json\/wp\/v2\/tags?post=17762"}],"curies":[{"name":"wp","href":"https:\/\/api.w.org\/{rel}","templated":true}]}}