{"id":179,"date":"2024-01-25T22:06:53","date_gmt":"2024-01-26T04:06:53","guid":{"rendered":"https:\/\/digitalreportmx.com\/?p=179"},"modified":"2024-01-25T22:18:24","modified_gmt":"2024-01-26T04:18:24","slug":"colosio-de-alcalde-a-rappelista-a-20-pisos-de-altura","status":"publish","type":"post","link":"https:\/\/digitalreportmx.com\/index.php\/2024\/01\/25\/colosio-de-alcalde-a-rappelista-a-20-pisos-de-altura\/","title":{"rendered":"Colosio: De alcalde a rappelista&#8230; a 20 pisos de altura"},"content":{"rendered":"\n<p><em><kbd>STAFF<\/kbd><\/em><strong> Monterrey<\/strong><\/p>\n\n\n\n<p>Similar a un edificio de 20 pisos, el alcalde de Monterrey, Luis Donaldo Colosio, subi\u00f3 uno a uno los 346 pelda\u00f1os de la escalera hasta lo alto del Faro del Comercio, -como lo busca hacer para el Senado de la Rep\u00fablica-, para supervisar la estructura y le tom\u00f3 unos minutos descender a rappel como ya lo ha hecho en Matacanes o en La Huasteca.<\/p>\n\n\n\n<p>&#8220;La verdad, les soy sincero, pens\u00e9 que me iba a dar en la madre, estuvo bastante divertido, se ve espectacular la ciudad, los 37 niveles en la escalera y estar arriba (fue lo m\u00e1s complicado)&#8221;, le dijo a los reporteros al terminar de rappelear.<\/p>\n\n\n\n<p>-\u00bfVa a estar m\u00e1s dif\u00edcil subir que en el Senado?, se le cuestion\u00f3.<\/p>\n\n\n\n<p>&#8220;Metaf\u00f3ricamente, yo creo que no&#8221;, respondi\u00f3.<\/p>\n\n\n\n<p>-\u00bfPor qu\u00e9 se decidi\u00f3 a hacerlo?<\/p>\n\n\n\n<p>&#8220;Por loco\u2026 Y no viste cuando Protecci\u00f3n Civil me subi\u00f3 al helic\u00f3ptero, igual a rappel en La Huasteca&#8221;, respondi\u00f3.<br>Buscando mantener su vocaci\u00f3n ic\u00f3nica y para conmemorar el 40 aniversario de su construcci\u00f3n, el Gobierno de Monterrey inici\u00f3 la rehabilitaci\u00f3n integral al Faro de Comercio, ubicado en la Plaza Zaragoza.\u00a0<\/p>\n\n\n\n<p> Luis Donaldo explic\u00f3 la importancia de atender lo que calific\u00f3 como \u201chito hist\u00f3rico\u201d.<\/p>\n\n\n\n<p>\u201cNo es ninguna coincidencia que este monumento, a la vanguardia comercial y de trabajo que tenemos en Monterrey est\u00e9 flanqueado por monumentos hist\u00f3ricos que tambi\u00e9n nos recuerdan nuestra cultura, nuestra historia y nuestras ra\u00edces, precisamente por eso es que hacemos estas labores de mantenimiento para proteger, preservar y presumir nuestras ra\u00edces\u201d, afirm\u00f3.<\/p>\n\n\n\n<p>Ante autoridades municipales de la Secretar\u00eda de Servicios P\u00fablicos encabezadas por su titular, Santos Vald\u00e9s Salinas y del Presidente de la Canaco de Monterrey, Fernando Canales Stelzer, el Edil inform\u00f3 que su Administraci\u00f3n estar\u00e1 destinando 6.5 millones de pesos de recursos propios a esta atenci\u00f3n.<\/p>\n\n\n\n<p>Cinco millones corresponden a la estructura del faro, a los casi 70 metros de alto y el barandal y 1.5 son para sustituir el mecanismo de rayo l\u00e1ser.<\/p>\n\n\n\n<p>Colosio subi\u00f3 los 346 pelda\u00f1os de la escalera hasta lo alto del Faro para supervisar la estructura y luego descendi\u00f3 a rapel.&nbsp;<\/p>\n\n\n\n<p>Los trabajos de mantenimiento contemplan el lavado de la estructura, aplicaci\u00f3n de sellador y pintura del faro, rehabilitaci\u00f3n de la estructura met\u00e1lica que lo protege, y reparaci\u00f3n del l\u00e1ser, inform\u00f3 Santos Vald\u00e9s.&nbsp;<\/p>\n\n\n\n<p>Colosio Riojas agradeci\u00f3 el apoyo de la C\u00e1mara Nacional de Comercio, Servicios y Turismo de Monterrey(Canaco), por donar el tipo y color de la pintura avalada por el Instituto Nacional de Bellas Artes y Literatura (INBAL)<\/p>\n\n\n\n<p>El monumento fue creado para celebrar los 100 a\u00f1os de fundaci\u00f3n de la Canaco en 1984, se inaugur\u00f3 el 4 de diciembre de ese a\u00f1o.<\/p>\n\n\n\n<p>Doce a\u00f1os despu\u00e9s, el Consejo Directivo de la C\u00e1mara de Comercio de Monterrey, don\u00f3 a la ciudad El Faro, por lo que desde entonces el Ayuntamiento se encarga de su cuidado y mantenimiento.<\/p>\n\n\n\n<p>La intervenci\u00f3n actual se realizar\u00e1 durante cuatro meses y la nueva cara que tendr\u00e1 es que proyectar\u00e1 luces l\u00e1ser de distintos colores.<\/p>\n\n\n\n<p>\u201cLos espejos que hay arriba ya no est\u00e1n alineados, fue falta de mantenimiento principalmente\u201d, reconoci\u00f3 el titular de Servicios P\u00fablicos.<\/p>\n\n\n\n<p>\u201cSe van a reemplazar completamente los diodos por unos de 60 wats, antes eran de 20, vamos a hacer combinaci\u00f3n de tres diodos en vez de uno, de tal manera que podamos combinarlos y hacer diferentes colores de l\u00e1ser, no solamente verde como era anteriormente\u201d, detall\u00f3.<\/p>\n\n\n\n<p>Canales Stelzer por su parte, reconoci\u00f3 al municipio por ocuparse de este mantenimiento, recordando que Monterrey, antes de ser industrial fue zona comercial.<\/p>\n\n\n\n<p>\u201cAgradecer al Municipio, al Alcalde Colosio por este compromiso para preservar la historia, el legado de todos los comerciantes, de todos los empresarios de Nuevo Le\u00f3n, de Monterrey\u201d, dijo.<\/p>\n\n\n\n<p><\/p>\n","protected":false},"excerpt":{"rendered":"<p>STAFF Monterrey Similar a un edificio de 20 pisos, el alcalde de Monterrey, Luis Donaldo Colosio, subi\u00f3 uno a uno los 346 pelda\u00f1os de la escalera hasta lo alto del Faro del Comercio, -como lo busca hacer para el Senado de la Rep\u00fablica-, para supervisar la estructura y le tom\u00f3 unos minutos descender a rappel [&hellip;]<\/p>\n","protected":false},"author":1,"featured_media":180,"comment_status":"open","ping_status":"open","sticky":false,"template":"","format":"standard","meta":{"om_disable_all_campaigns":false,"_monsterinsights_skip_tracking":false,"_monsterinsights_sitenote_active":false,"_monsterinsights_sitenote_note":"","_monsterinsights_sitenote_category":0,"footnotes":""},"categories":[16,13],"tags":[],"class_list":["post-179","post","type-post","status-publish","format-standard","has-post-thumbnail","hentry","category-relevante-2","category-reporte-local"],"aioseo_notices":[],"_links":{"self":[{"href":"https:\/\/digitalreportmx.com\/index.php\/wp-json\/wp\/v2\/posts\/179","targetHints":{"allow":["GET"]}}],"collection":[{"href":"https:\/\/digitalreportmx.com\/index.php\/wp-json\/wp\/v2\/posts"}],"about":[{"href":"https:\/\/digitalreportmx.com\/index.php\/wp-json\/wp\/v2\/types\/post"}],"author":[{"embeddable":true,"href":"https:\/\/digitalreportmx.com\/index.php\/wp-json\/wp\/v2\/users\/1"}],"replies":[{"embeddable":true,"href":"https:\/\/digitalreportmx.com\/index.php\/wp-json\/wp\/v2\/comments?post=179"}],"version-history":[{"count":1,"href":"https:\/\/digitalreportmx.com\/index.php\/wp-json\/wp\/v2\/posts\/179\/revisions"}],"predecessor-version":[{"id":181,"href":"https:\/\/digitalreportmx.com\/index.php\/wp-json\/wp\/v2\/posts\/179\/revisions\/181"}],"wp:featuredmedia":[{"embeddable":true,"href":"https:\/\/digitalreportmx.com\/index.php\/wp-json\/wp\/v2\/media\/180"}],"wp:attachment":[{"href":"https:\/\/digitalreportmx.com\/index.php\/wp-json\/wp\/v2\/media?parent=179"}],"wp:term":[{"taxonomy":"category","embeddable":true,"href":"https:\/\/digitalreportmx.com\/index.php\/wp-json\/wp\/v2\/categories?post=179"},{"taxonomy":"post_tag","embeddable":true,"href":"https:\/\/digitalreportmx.com\/index.php\/wp-json\/wp\/v2\/tags?post=179"}],"curies":[{"name":"wp","href":"https:\/\/api.w.org\/{rel}","templated":true}]}}