{"id":1911,"date":"2024-05-10T17:16:34","date_gmt":"2024-05-10T23:16:34","guid":{"rendered":"https:\/\/digitalreportmx.com\/?p=1911"},"modified":"2024-05-10T17:16:35","modified_gmt":"2024-05-10T23:16:35","slug":"celebra-nl-a-agentes-voluntarios-y-promotores-de-salud","status":"publish","type":"post","link":"https:\/\/digitalreportmx.com\/index.php\/2024\/05\/10\/celebra-nl-a-agentes-voluntarios-y-promotores-de-salud\/","title":{"rendered":"Celebra NL a agentes voluntarios y promotores de salud\u00a0"},"content":{"rendered":"\n<p><strong>STAFF <\/strong><kbd>Monterrey<\/kbd><\/p>\n\n\n\n<p>Por su entrega, dedicaci\u00f3n y vocaci\u00f3n de servicio comunitario, Agentes Voluntarios y Promotores de la Salud de Nuevo Le\u00f3n fueron reconocidos por autoridades estatales encabezadas por el Gobernador del Estado, en el Encuentro Estatal de Promoci\u00f3n a la Salud.<\/p>\n\n\n\n<p>Acompa\u00f1ado por la Secretaria de Salud, Alma Rosa Marroqu\u00edn, el Gobernador, a nombre del pueblo de Nuevo Le\u00f3n y el Gobierno del Estado, elogi\u00f3 la labor realizada por los Agentes Voluntarios y Promotores en materia de salud, principalmente en el combate a la pandemia del COVID.<\/p>\n\n\n\n<p>Se\u00f1al\u00f3 que a 200 a\u00f1os de la fundaci\u00f3n de la entidad como Estado Libre y Soberano, Nuevo Le\u00f3n es un estado que se ha preocupado mucho por ser una generaci\u00f3n sana.<\/p>\n\n\n\n<p>El Mandatario estatal reiter\u00f3 que Hoy Nuevo Le\u00f3n es primer lugar en camas, en hospitales y es el \u00fanico Estado de la Rep\u00fablica que cuenta cobertura universal de salud, con un registro a la fecha de un mill\u00f3n 900 mil neoloneses adscritos a la cobertura universal que proporciona el Estado.<\/p>\n\n\n\n<p>Dijo que gran parte de esto es por los promotores y por los agentes que ayudan a comunicar y a llegar casa por casa a informar a la comunidad lo que realiza el Estado en materia de salud.<\/p>\n\n\n\n<p>Abund\u00f3 el Gobernador que Nuevo Le\u00f3n tambi\u00e9n tiene cobertura universal contra todos los c\u00e1nceres en menores de 18 a\u00f1os, todas las ni\u00f1as, ni\u00f1os y adolescentes fuimos el primer estado en darles cobertura para que no gasten en una cita, en una operaci\u00f3n, en una quimio, en seguimiento.<\/p>\n\n\n\n<p>Asimismo,&nbsp; se cuenta con el programa a c\u00e1ncer de mama; el de c\u00f3digo infarto y el tema de diabetes.<\/p>\n\n\n\n<p>La Secretaria de Salud reconoci\u00f3 la invaluable aportaci\u00f3n que realizan las m\u00e1s de 5 mil agentes voluntarias y promotores de la salud de nuestro estado en la educaci\u00f3n a la comunidad, la implementaci\u00f3n de estrategias de prevenci\u00f3n, en la identificaci\u00f3n oportuna de riesgos, es decir, en el bienestar integral de las y los ciudadanos.<\/p>\n\n\n\n<p>En un ambiente festivo en el Auditorio Citibanamex, los invitados disfrutaron de buena m\u00fasica y pudieron compartir sus experiencias en su labor de invitar a la comunidad a cuidar su salud difundiendo campa\u00f1as preventivas con recorridos casa por casa.&nbsp;<\/p>\n\n\n\n<p>Durante el evento, el Gobernador del Estado entreg\u00f3 reconocimientos a Agentes Voluntarios y Promotores de Salud con mayor antig\u00fcedad sirviendo a la comunidad.&nbsp;<\/p>\n\n\n\n<p>Teresa de Jes\u00fas Ramos, del municipio de Hualahuises, fue honrada por sus 50 a\u00f1os de servicio a la comunidad, desatando la algarab\u00eda de sus compa\u00f1eras y compa\u00f1eros.&nbsp;<\/p>\n\n\n\n<p>Tambi\u00e9n se reconoci\u00f3 a Celsa Galv\u00e1n Reyes, de Salinas Victoria, e Irma Gloria Esquivel, del Ejido Tepehuaje (Cadereyta), Agentes Voluntarias con 46 a\u00f1os de servicio.&nbsp;<\/p>\n\n\n\n<p>La labor de Agentes Voluntarios y Promotores de Salud es esencial, ya que se encargan de difundir entre la comunidad campa\u00f1as de prevenci\u00f3n y los invitan a acudir a los Centros de Salud para atenderse.<\/p>\n","protected":false},"excerpt":{"rendered":"<p>STAFF Monterrey Por su entrega, dedicaci\u00f3n y vocaci\u00f3n de servicio comunitario, Agentes Voluntarios y Promotores de la Salud de Nuevo Le\u00f3n fueron reconocidos por autoridades estatales encabezadas por el Gobernador del Estado, en el Encuentro Estatal de Promoci\u00f3n a la Salud. Acompa\u00f1ado por la Secretaria de Salud, Alma Rosa Marroqu\u00edn, el Gobernador, a nombre del [&hellip;]<\/p>\n","protected":false},"author":1,"featured_media":1912,"comment_status":"open","ping_status":"open","sticky":false,"template":"","format":"standard","meta":{"om_disable_all_campaigns":false,"_monsterinsights_skip_tracking":false,"_monsterinsights_sitenote_active":false,"_monsterinsights_sitenote_note":"","_monsterinsights_sitenote_category":0,"footnotes":""},"categories":[17],"tags":[],"class_list":["post-1911","post","type-post","status-publish","format-standard","has-post-thumbnail","hentry","category-principal"],"aioseo_notices":[],"_links":{"self":[{"href":"https:\/\/digitalreportmx.com\/index.php\/wp-json\/wp\/v2\/posts\/1911","targetHints":{"allow":["GET"]}}],"collection":[{"href":"https:\/\/digitalreportmx.com\/index.php\/wp-json\/wp\/v2\/posts"}],"about":[{"href":"https:\/\/digitalreportmx.com\/index.php\/wp-json\/wp\/v2\/types\/post"}],"author":[{"embeddable":true,"href":"https:\/\/digitalreportmx.com\/index.php\/wp-json\/wp\/v2\/users\/1"}],"replies":[{"embeddable":true,"href":"https:\/\/digitalreportmx.com\/index.php\/wp-json\/wp\/v2\/comments?post=1911"}],"version-history":[{"count":1,"href":"https:\/\/digitalreportmx.com\/index.php\/wp-json\/wp\/v2\/posts\/1911\/revisions"}],"predecessor-version":[{"id":1913,"href":"https:\/\/digitalreportmx.com\/index.php\/wp-json\/wp\/v2\/posts\/1911\/revisions\/1913"}],"wp:featuredmedia":[{"embeddable":true,"href":"https:\/\/digitalreportmx.com\/index.php\/wp-json\/wp\/v2\/media\/1912"}],"wp:attachment":[{"href":"https:\/\/digitalreportmx.com\/index.php\/wp-json\/wp\/v2\/media?parent=1911"}],"wp:term":[{"taxonomy":"category","embeddable":true,"href":"https:\/\/digitalreportmx.com\/index.php\/wp-json\/wp\/v2\/categories?post=1911"},{"taxonomy":"post_tag","embeddable":true,"href":"https:\/\/digitalreportmx.com\/index.php\/wp-json\/wp\/v2\/tags?post=1911"}],"curies":[{"name":"wp","href":"https:\/\/api.w.org\/{rel}","templated":true}]}}