{"id":1986,"date":"2024-05-12T16:08:16","date_gmt":"2024-05-12T22:08:16","guid":{"rendered":"https:\/\/digitalreportmx.com\/?p=1986"},"modified":"2024-05-12T16:08:17","modified_gmt":"2024-05-12T22:08:17","slug":"la-ciudadania-volvera-a-tomar-las-calles-el-19-de-mayo","status":"publish","type":"post","link":"https:\/\/digitalreportmx.com\/index.php\/2024\/05\/12\/la-ciudadania-volvera-a-tomar-las-calles-el-19-de-mayo\/","title":{"rendered":"La ciudadan\u00eda volver\u00e1 a tomar las calles el 19 de mayo"},"content":{"rendered":"\n<p><strong>STAFF <\/strong><kbd>Monterrey<\/kbd><\/p>\n\n\n\n<p>Diversas organizaciones de la sociedad civil de la localidad se sumaron esta ma\u00f1ana a la convocatoria realizada por la Marea Rosa, para participar en la Marcha Nacional que se realizar\u00e1 en todo el pa\u00eds el pr\u00f3ximo domingo 19 de mayo.<\/p>\n\n\n\n<p>Los representantes de NL24, Nuevo Le\u00f3n S\u00ed, Act\u00edvate M\u00e9xico Ahora, Ciudadanos por la Libertad y la Democracia, Misi\u00f3n Rescate M\u00e9xico, Coordinadora Ciudadana, Colegio de Monterrey y M\u00e9xico Unido dijeron que quieren adherirse a las organizaciones que representan aqu\u00ed al colectivo Unid@s, para invitar a los ciudadanos libres a asistir a la concentraci\u00f3n que se llevar\u00e1 a cabo ese d\u00eda&nbsp; -domingo 19 de mayo- en la Explanada de los H\u00e9roes.<\/p>\n\n\n\n<p>Adem\u00e1s, en voz de Javier Lozano y Diana Garc\u00eda, hicieron p\u00fablico su apoyo a X\u00f3chitl G\u00e1lvez, candidata a la Presidencia de la Rep\u00fablica por la Alianza Fuerza y Coraz\u00f3n por M\u00e9xico.<\/p>\n\n\n\n<p>Se\u00f1alaron que ahora tambi\u00e9n est\u00e1n convocando a los ciudadanos que -como ellos- creen que, en este momento, quien representa de mejor manera la defensa del estado de derecho, de la divisi\u00f3n de poderes, de la consolidaci\u00f3n de las instituciones y del sistema democr\u00e1tico, es Xochitl G\u00e1lvez.<\/p>\n\n\n\n<p>Insistieron en que los miles de ciudadanos que han salido ya en tres ocasiones para defender al INE, a la Suprema Corte de Justicia y a la democracia, quieren tomar las calles de todo el pa\u00eds para defender a la Rep\u00fablica.&nbsp;<\/p>\n\n\n\n<p>Finalmente, reiteraron su invitaci\u00f3n a los ciudadanos para asistir vestidos de rosa y blanco, con banderas de M\u00e9xico y cada quien con sus propios cartelones, de los mismos colores, para expresar su apoyo a la causa democr\u00e1tica.<\/p>\n","protected":false},"excerpt":{"rendered":"<p>STAFF Monterrey Diversas organizaciones de la sociedad civil de la localidad se sumaron esta ma\u00f1ana a la convocatoria realizada por la Marea Rosa, para participar en la Marcha Nacional que se realizar\u00e1 en todo el pa\u00eds el pr\u00f3ximo domingo 19 de mayo. Los representantes de NL24, Nuevo Le\u00f3n S\u00ed, Act\u00edvate M\u00e9xico Ahora, Ciudadanos por la [&hellip;]<\/p>\n","protected":false},"author":1,"featured_media":1987,"comment_status":"open","ping_status":"open","sticky":false,"template":"","format":"standard","meta":{"om_disable_all_campaigns":false,"_monsterinsights_skip_tracking":false,"_monsterinsights_sitenote_active":false,"_monsterinsights_sitenote_note":"","_monsterinsights_sitenote_category":0,"footnotes":""},"categories":[17],"tags":[],"class_list":["post-1986","post","type-post","status-publish","format-standard","has-post-thumbnail","hentry","category-principal"],"aioseo_notices":[],"_links":{"self":[{"href":"https:\/\/digitalreportmx.com\/index.php\/wp-json\/wp\/v2\/posts\/1986","targetHints":{"allow":["GET"]}}],"collection":[{"href":"https:\/\/digitalreportmx.com\/index.php\/wp-json\/wp\/v2\/posts"}],"about":[{"href":"https:\/\/digitalreportmx.com\/index.php\/wp-json\/wp\/v2\/types\/post"}],"author":[{"embeddable":true,"href":"https:\/\/digitalreportmx.com\/index.php\/wp-json\/wp\/v2\/users\/1"}],"replies":[{"embeddable":true,"href":"https:\/\/digitalreportmx.com\/index.php\/wp-json\/wp\/v2\/comments?post=1986"}],"version-history":[{"count":1,"href":"https:\/\/digitalreportmx.com\/index.php\/wp-json\/wp\/v2\/posts\/1986\/revisions"}],"predecessor-version":[{"id":1988,"href":"https:\/\/digitalreportmx.com\/index.php\/wp-json\/wp\/v2\/posts\/1986\/revisions\/1988"}],"wp:featuredmedia":[{"embeddable":true,"href":"https:\/\/digitalreportmx.com\/index.php\/wp-json\/wp\/v2\/media\/1987"}],"wp:attachment":[{"href":"https:\/\/digitalreportmx.com\/index.php\/wp-json\/wp\/v2\/media?parent=1986"}],"wp:term":[{"taxonomy":"category","embeddable":true,"href":"https:\/\/digitalreportmx.com\/index.php\/wp-json\/wp\/v2\/categories?post=1986"},{"taxonomy":"post_tag","embeddable":true,"href":"https:\/\/digitalreportmx.com\/index.php\/wp-json\/wp\/v2\/tags?post=1986"}],"curies":[{"name":"wp","href":"https:\/\/api.w.org\/{rel}","templated":true}]}}