{"id":20822,"date":"2025-09-17T22:35:02","date_gmt":"2025-09-18T04:35:02","guid":{"rendered":"https:\/\/digitalreportmx.com\/?p=20822"},"modified":"2025-09-17T22:35:07","modified_gmt":"2025-09-18T04:35:07","slug":"se-suma-san-pedro-a-la-semana-europea-de-la-movilidad","status":"publish","type":"post","link":"https:\/\/digitalreportmx.com\/index.php\/2025\/09\/17\/se-suma-san-pedro-a-la-semana-europea-de-la-movilidad\/","title":{"rendered":"Se suma San Pedro a la Semana Europea de la Movilidad"},"content":{"rendered":"\n<p><kbd>San Pedro Garza Garc\u00eda<\/kbd><\/p>\n\n\n\n<p>El Municipio de San Pedro Garza Garc\u00eda se sum\u00f3 a la Semana Europea de la Movilidad (SEM) 2025, con el objetivo de promocionar y fortalecer la Estrategia General de Movilidad en la administraci\u00f3n 2024-2027.<\/p>\n\n\n\n<p>La Secretar\u00eda de Desarrollo Urbano y Movilidad, a trav\u00e9s de la Direcci\u00f3n de Movilidad, implementar\u00e1 diversas acciones del 16 al 22 de septiembre, entre ellas reuniones con j\u00f3venes, ciudadan\u00eda, academia y empresarios para fomentar la movilidad sostenible.<\/p>\n\n\n\n<p>\u201cEstamos, celebrando la Semana de la Movilidad y es, pues, una iniciativa a la que San Pedro se suma, porque para nosotros todas las semanas del a\u00f1o son la semana de la movilidad, es el principal problema que tiene el \u00e1rea metropolitana y necesitamos poner el ejemplo desde casa\u201d, se\u00f1al\u00f3 Luis Susarrey, Secretario General de San Pedro.<\/p>\n\n\n\n<p>Entre las primeras actividades, se llev\u00f3 a cabo un foro con alumnos y profesores de la Universidad de Monterrey sobre la visi\u00f3n municipal y programas como el carpool, circuitos intramunicipales gratuitos y el transporte escolar, implementados en la actual administraci\u00f3n, del Alcalde Mauricio Fern\u00e1ndez Garza.<\/p>\n\n\n\n<figure class=\"wp-block-image size-large\"><img loading=\"lazy\" decoding=\"async\" width=\"1024\" height=\"682\" src=\"https:\/\/digitalreportmx.com\/wp-content\/uploads\/2025\/09\/IMG-20250917-WA0064-1024x682.jpg\" alt=\"\" class=\"wp-image-20824\" srcset=\"https:\/\/digitalreportmx.com\/wp-content\/uploads\/2025\/09\/IMG-20250917-WA0064-1024x682.jpg 1024w, https:\/\/digitalreportmx.com\/wp-content\/uploads\/2025\/09\/IMG-20250917-WA0064-300x200.jpg 300w, https:\/\/digitalreportmx.com\/wp-content\/uploads\/2025\/09\/IMG-20250917-WA0064-768x512.jpg 768w, https:\/\/digitalreportmx.com\/wp-content\/uploads\/2025\/09\/IMG-20250917-WA0064-1536x1024.jpg 1536w, https:\/\/digitalreportmx.com\/wp-content\/uploads\/2025\/09\/IMG-20250917-WA0064-2048x1365.jpg 2048w\" sizes=\"auto, (max-width: 1024px) 100vw, 1024px\" \/><\/figure>\n\n\n\n<p>\u201cPlaticar siempre con los estudiantes es algo muy enriquecedor, algo que favorece bastante el que perfeccionemos nuestros programas, nuestras pol\u00edticas. Hoy, concretamente, hablamos de del transporte p\u00fablico que tenemos aqu\u00ed en San Pedro, del control del espacio p\u00fablico, del carpool\u201d, dijo el Secretario General enla UDEM.<\/p>\n\n\n\n<p>Durante los pr\u00f3ximos d\u00edas, autoridades municipales llevar\u00e1n a cabo, del 17 al 22 de septiembre, encuentros con la ciudadan\u00eda y acciones de concientizaci\u00f3n sobre el uso del espacio p\u00fablico y h\u00e1bitos de movilidad y educaci\u00f3n vial.<\/p>\n\n\n\n<p>Este mi\u00e9rcoles, agentes viales realizaron una campa\u00f1a de concientizaci\u00f3n dirigida a peatones, ciclistas y conductores para promover la seguridad vial.<\/p>\n\n\n\n<p>La Semana Europea de la Movilidad (SEM) es una iniciativa europea dirigida a sensibilizar sobre las consecuencias negativas del uso irracional del autom\u00f3vil en la ciudad para la salud p\u00fablica y el medio ambiente, y los beneficios del uso de medios de transporte m\u00e1s sostenibles.<\/p>\n\n\n\n<figure class=\"wp-block-image size-large\"><img loading=\"lazy\" decoding=\"async\" width=\"1024\" height=\"682\" src=\"https:\/\/digitalreportmx.com\/wp-content\/uploads\/2025\/09\/IMG-20250917-WA0062-1024x682.jpg\" alt=\"\" class=\"wp-image-20825\" srcset=\"https:\/\/digitalreportmx.com\/wp-content\/uploads\/2025\/09\/IMG-20250917-WA0062-1024x682.jpg 1024w, https:\/\/digitalreportmx.com\/wp-content\/uploads\/2025\/09\/IMG-20250917-WA0062-300x200.jpg 300w, https:\/\/digitalreportmx.com\/wp-content\/uploads\/2025\/09\/IMG-20250917-WA0062-768x512.jpg 768w, https:\/\/digitalreportmx.com\/wp-content\/uploads\/2025\/09\/IMG-20250917-WA0062-1536x1024.jpg 1536w, https:\/\/digitalreportmx.com\/wp-content\/uploads\/2025\/09\/IMG-20250917-WA0062-2048x1365.jpg 2048w\" sizes=\"auto, (max-width: 1024px) 100vw, 1024px\" \/><\/figure>\n","protected":false},"excerpt":{"rendered":"<p>San Pedro Garza Garc\u00eda El Municipio de San Pedro Garza Garc\u00eda se sum\u00f3 a la Semana Europea de la Movilidad (SEM) 2025, con el objetivo de promocionar y fortalecer la Estrategia General de Movilidad en la administraci\u00f3n 2024-2027. La Secretar\u00eda de Desarrollo Urbano y Movilidad, a trav\u00e9s de la Direcci\u00f3n de Movilidad, implementar\u00e1 diversas acciones [&hellip;]<\/p>\n","protected":false},"author":1,"featured_media":20823,"comment_status":"open","ping_status":"open","sticky":false,"template":"","format":"standard","meta":{"om_disable_all_campaigns":false,"_monsterinsights_skip_tracking":false,"_monsterinsights_sitenote_active":false,"_monsterinsights_sitenote_note":"","_monsterinsights_sitenote_category":0,"footnotes":""},"categories":[16,13],"tags":[],"class_list":["post-20822","post","type-post","status-publish","format-standard","has-post-thumbnail","hentry","category-relevante-2","category-reporte-local"],"aioseo_notices":[],"_links":{"self":[{"href":"https:\/\/digitalreportmx.com\/index.php\/wp-json\/wp\/v2\/posts\/20822","targetHints":{"allow":["GET"]}}],"collection":[{"href":"https:\/\/digitalreportmx.com\/index.php\/wp-json\/wp\/v2\/posts"}],"about":[{"href":"https:\/\/digitalreportmx.com\/index.php\/wp-json\/wp\/v2\/types\/post"}],"author":[{"embeddable":true,"href":"https:\/\/digitalreportmx.com\/index.php\/wp-json\/wp\/v2\/users\/1"}],"replies":[{"embeddable":true,"href":"https:\/\/digitalreportmx.com\/index.php\/wp-json\/wp\/v2\/comments?post=20822"}],"version-history":[{"count":1,"href":"https:\/\/digitalreportmx.com\/index.php\/wp-json\/wp\/v2\/posts\/20822\/revisions"}],"predecessor-version":[{"id":20826,"href":"https:\/\/digitalreportmx.com\/index.php\/wp-json\/wp\/v2\/posts\/20822\/revisions\/20826"}],"wp:featuredmedia":[{"embeddable":true,"href":"https:\/\/digitalreportmx.com\/index.php\/wp-json\/wp\/v2\/media\/20823"}],"wp:attachment":[{"href":"https:\/\/digitalreportmx.com\/index.php\/wp-json\/wp\/v2\/media?parent=20822"}],"wp:term":[{"taxonomy":"category","embeddable":true,"href":"https:\/\/digitalreportmx.com\/index.php\/wp-json\/wp\/v2\/categories?post=20822"},{"taxonomy":"post_tag","embeddable":true,"href":"https:\/\/digitalreportmx.com\/index.php\/wp-json\/wp\/v2\/tags?post=20822"}],"curies":[{"name":"wp","href":"https:\/\/api.w.org\/{rel}","templated":true}]}}