{"id":20839,"date":"2025-09-18T07:49:57","date_gmt":"2025-09-18T13:49:57","guid":{"rendered":"https:\/\/digitalreportmx.com\/?p=20839"},"modified":"2025-09-18T07:50:01","modified_gmt":"2025-09-18T13:50:01","slug":"invita-pt-a-conferencia-sobre-gobernanza-y-post-pandemia","status":"publish","type":"post","link":"https:\/\/digitalreportmx.com\/index.php\/2025\/09\/18\/invita-pt-a-conferencia-sobre-gobernanza-y-post-pandemia\/","title":{"rendered":"Invita PT a conferencia sobre gobernanza y post-pandemia"},"content":{"rendered":"\n<p><kbd>Monterrey<\/kbd><\/p>\n\n\n\n<p>Para conocer resultados del Covid-19 y responder a futuras crisis sanitarias, el Partido del Trabajo llevar\u00e1 a cabo la Conferencia \u201cLa gobernanza global ante los desaf\u00edos de la pandemia y la post-pandemia\u201d.<\/p>\n\n\n\n<p>La conferencia se efectuar\u00e1 este jueves 18 de septiembre, a las 17:30 horas, en el Sal\u00f3n Comercio de Atrium Eventos, ubicado en el Piso 10 de Plaza Fiesta An\u00e1huac San Nicol\u00e1s, inform\u00f3 la doctora Lupita Rodr\u00edguez Mart\u00ednez, diputada y dirigente del Partido del Trabajo.<\/p>\n\n\n\n<p>Dio a conocer que la conferencia ser\u00e1 impartida por el doctor e historiador Rub\u00e9n Dar\u00edo Pastrana Guerrero, ex director de los Centros de Salud en los municipios de Monterrey y San Nicol\u00e1s de los Garza.<\/p>\n\n\n\n<p>Pastrana Guerrero fue Alcalde del municipio de Los Aldama, adem\u00e1s ex diputado local y actualmente es director del Centro de Desarrollo Infantil N\u00fam. 8 \u2018Tierra y Libertad\u2019.<\/p>\n\n\n\n<p>A cuatro a\u00f1os de la pandemia del Covid-19, Rodr\u00edguez Mart\u00ednez coment\u00f3 que es importante reflexionar sobre lo bueno y lo malo de esta experiencia.<\/p>\n\n\n\n<p>\u201cDespu\u00e9s de la pandemia que colaps\u00f3 el funcionamiento de la sociedad y perturb\u00f3 el orden mundial, es momento de revisar las estructuras de gobernanza sanitaria locales\u201d, expuso.<\/p>\n\n\n\n<p>Inst\u00f3 a seguir informados y unidos para lograr que las autoridades responsables puedan ofrecer resultados y as\u00ed responder a futuras crisis sanitarias.<\/p>\n\n\n\n<p>Reconoci\u00f3 que del 2019 al 2021 las sociedades vivieron un periodo de sufrimiento humano generalizado a causa de sistemas sanitarios no preparados y gobiernos sin experiencia.<\/p>\n\n\n\n<p>En cambio, se\u00f1al\u00f3, hoy tenemos s\u00f3lidas gobernanzas y experiencias colectivas que lidera la Organizaci\u00f3n Mundial de la Salud, la OMS.<\/p>\n\n\n\n<figure class=\"wp-block-image size-full\"><img loading=\"lazy\" decoding=\"async\" width=\"960\" height=\"795\" src=\"https:\/\/digitalreportmx.com\/wp-content\/uploads\/2025\/09\/IMG-20250917-WA0157.jpg\" alt=\"\" class=\"wp-image-20841\" srcset=\"https:\/\/digitalreportmx.com\/wp-content\/uploads\/2025\/09\/IMG-20250917-WA0157.jpg 960w, https:\/\/digitalreportmx.com\/wp-content\/uploads\/2025\/09\/IMG-20250917-WA0157-300x248.jpg 300w, https:\/\/digitalreportmx.com\/wp-content\/uploads\/2025\/09\/IMG-20250917-WA0157-768x636.jpg 768w\" sizes=\"auto, (max-width: 960px) 100vw, 960px\" \/><\/figure>\n","protected":false},"excerpt":{"rendered":"<p>Monterrey Para conocer resultados del Covid-19 y responder a futuras crisis sanitarias, el Partido del Trabajo llevar\u00e1 a cabo la Conferencia \u201cLa gobernanza global ante los desaf\u00edos de la pandemia y la post-pandemia\u201d. La conferencia se efectuar\u00e1 este jueves 18 de septiembre, a las 17:30 horas, en el Sal\u00f3n Comercio de Atrium Eventos, ubicado en [&hellip;]<\/p>\n","protected":false},"author":1,"featured_media":20840,"comment_status":"open","ping_status":"open","sticky":false,"template":"","format":"standard","meta":{"om_disable_all_campaigns":false,"_monsterinsights_skip_tracking":false,"_monsterinsights_sitenote_active":false,"_monsterinsights_sitenote_note":"","_monsterinsights_sitenote_category":0,"footnotes":""},"categories":[16,13],"tags":[],"class_list":["post-20839","post","type-post","status-publish","format-standard","has-post-thumbnail","hentry","category-relevante-2","category-reporte-local"],"aioseo_notices":[],"_links":{"self":[{"href":"https:\/\/digitalreportmx.com\/index.php\/wp-json\/wp\/v2\/posts\/20839","targetHints":{"allow":["GET"]}}],"collection":[{"href":"https:\/\/digitalreportmx.com\/index.php\/wp-json\/wp\/v2\/posts"}],"about":[{"href":"https:\/\/digitalreportmx.com\/index.php\/wp-json\/wp\/v2\/types\/post"}],"author":[{"embeddable":true,"href":"https:\/\/digitalreportmx.com\/index.php\/wp-json\/wp\/v2\/users\/1"}],"replies":[{"embeddable":true,"href":"https:\/\/digitalreportmx.com\/index.php\/wp-json\/wp\/v2\/comments?post=20839"}],"version-history":[{"count":1,"href":"https:\/\/digitalreportmx.com\/index.php\/wp-json\/wp\/v2\/posts\/20839\/revisions"}],"predecessor-version":[{"id":20842,"href":"https:\/\/digitalreportmx.com\/index.php\/wp-json\/wp\/v2\/posts\/20839\/revisions\/20842"}],"wp:featuredmedia":[{"embeddable":true,"href":"https:\/\/digitalreportmx.com\/index.php\/wp-json\/wp\/v2\/media\/20840"}],"wp:attachment":[{"href":"https:\/\/digitalreportmx.com\/index.php\/wp-json\/wp\/v2\/media?parent=20839"}],"wp:term":[{"taxonomy":"category","embeddable":true,"href":"https:\/\/digitalreportmx.com\/index.php\/wp-json\/wp\/v2\/categories?post=20839"},{"taxonomy":"post_tag","embeddable":true,"href":"https:\/\/digitalreportmx.com\/index.php\/wp-json\/wp\/v2\/tags?post=20839"}],"curies":[{"name":"wp","href":"https:\/\/api.w.org\/{rel}","templated":true}]}}