{"id":20940,"date":"2025-09-19T17:41:14","date_gmt":"2025-09-19T23:41:14","guid":{"rendered":"https:\/\/digitalreportmx.com\/?p=20940"},"modified":"2025-09-19T17:41:15","modified_gmt":"2025-09-19T23:41:15","slug":"tiene-monterrey-jornada-regional-de-proteccion-civil","status":"publish","type":"post","link":"https:\/\/digitalreportmx.com\/index.php\/2025\/09\/19\/tiene-monterrey-jornada-regional-de-proteccion-civil\/","title":{"rendered":"Tiene Monterrey Jornada Regional de Protecci\u00f3n Civil"},"content":{"rendered":"\n<p><kbd>Monterrey, NL <\/kbd><\/p>\n\n\n\n<p>\u2022<\/p>\n\n\n\n<p>Con el objetivo de fortalecer la cultura de la prevenci\u00f3n, autoridades del municipio de Monterrey llevaron a cabo la Jornadas Regionales de Protecci\u00f3n Civil, mediante la capacitaci\u00f3n e intercambio de experiencias entre instituciones, especialistas y la comunidad en general.<\/p>\n\n\n\n<p>El evento se realiz\u00f3 este viernes en Cintermex, en el marco del D\u00eda Nacional de Protecci\u00f3n Civil, a trav\u00e9s de la Secretar\u00eda de Seguridad y Protecci\u00f3n Ciudadana.<\/p>\n\n\n\n<figure class=\"wp-block-image size-large\"><img loading=\"lazy\" decoding=\"async\" width=\"1024\" height=\"682\" src=\"https:\/\/digitalreportmx.com\/wp-content\/uploads\/2025\/09\/1000134386-1024x682.jpg\" alt=\"\" class=\"wp-image-20942\" srcset=\"https:\/\/digitalreportmx.com\/wp-content\/uploads\/2025\/09\/1000134386-1024x682.jpg 1024w, https:\/\/digitalreportmx.com\/wp-content\/uploads\/2025\/09\/1000134386-300x200.jpg 300w, https:\/\/digitalreportmx.com\/wp-content\/uploads\/2025\/09\/1000134386-768x512.jpg 768w, https:\/\/digitalreportmx.com\/wp-content\/uploads\/2025\/09\/1000134386-1536x1023.jpg 1536w, https:\/\/digitalreportmx.com\/wp-content\/uploads\/2025\/09\/1000134386.jpg 1600w\" sizes=\"auto, (max-width: 1024px) 100vw, 1024px\" \/><\/figure>\n\n\n\n<p>Estas Jornadas Regionales fueron un espacio de encuentro, donde expertos y ponentes en la materia, impartieron conferencias especializadas.<\/p>\n\n\n\n<p>Daniel Betancourt Salda\u00f1a, Director de Protecci\u00f3n Civil de Monterrey, agradeci\u00f3 a los integrantes de las diferentes corporaciones municipales y del Estado, as\u00ed como de otros organismos, por la asistencia y participaci\u00f3n.<\/p>\n\n\n\n<p>&#8220;Es una oportunidad que hoy tenemos para intercambiar experiencias y adquirir m\u00e1s conocimientos en la materia, aparte de estar reunidos como pocas veces por la labor que nos toca realizar d\u00eda a d\u00eda&#8221;, expres\u00f3.<\/p>\n\n\n\n<figure class=\"wp-block-video\"><video controls src=\"https:\/\/digitalreportmx.com\/wp-content\/uploads\/2025\/09\/1000134417.mp4\"><\/video><\/figure>\n\n\n\n<p>Al acto se presentaron directores y personal de los diversos cuerpos Protecci\u00f3n Civil de los municipios y del Estado, donde se cont\u00f3 con \u00e1reas de exhibici\u00f3n de equipos, herramientas y nuevas tecnolog\u00edas orientadas a fortalecer las capacidades de prevenci\u00f3n, atenci\u00f3n y respuesta a emergencias.<\/p>\n\n\n\n<p>Entre los temas que se expusieron fueron: \u201cM\u00e1s all\u00e1 del incendio\u201d, \u201cRescate en aguas en movimiento\u201d, \u201cOperatividad compartida, beneficios reales de homologar criterios de emergencias\u201d y \u201cPrimeros auxilios en animales dom\u00e9sticos\u201d.<\/p>\n\n\n\n<p>Adem\u00e1s, \u201cDe alerta al despliegue: la activaci\u00f3n efectiva de equipos K9\u201d, \u201cManejo prehospitalario del paciente quemado, el papel del primer respondiente\u201d y \u201cLa percepci\u00f3n del riesgo de incendios asociado con bater\u00edas de Ion-Litio\u201d.<\/p>\n\n\n\n<p>Esta es la primera vez que se efect\u00faan estas jornadas en la ciudad y forman parte de la estrategia Escudo, que implementa la actual administraci\u00f3n, con el objetivo de brindar mayor seguridad a los ciudadanos.<\/p>\n\n\n\n<figure class=\"wp-block-image size-large\"><img loading=\"lazy\" decoding=\"async\" width=\"1024\" height=\"682\" src=\"https:\/\/digitalreportmx.com\/wp-content\/uploads\/2025\/09\/1000134392-1024x682.jpg\" alt=\"\" class=\"wp-image-20944\" srcset=\"https:\/\/digitalreportmx.com\/wp-content\/uploads\/2025\/09\/1000134392-1024x682.jpg 1024w, https:\/\/digitalreportmx.com\/wp-content\/uploads\/2025\/09\/1000134392-300x200.jpg 300w, https:\/\/digitalreportmx.com\/wp-content\/uploads\/2025\/09\/1000134392-768x512.jpg 768w, https:\/\/digitalreportmx.com\/wp-content\/uploads\/2025\/09\/1000134392-1536x1023.jpg 1536w, https:\/\/digitalreportmx.com\/wp-content\/uploads\/2025\/09\/1000134392.jpg 1600w\" sizes=\"auto, (max-width: 1024px) 100vw, 1024px\" \/><\/figure>\n\n\n\n<p>SIMULACRO<\/p>\n\n\n\n<p>En punto de las 12 del mediod\u00eda los tel\u00e9fonos celulares de servidores p\u00fablicos y ciudadanos sonaron a un mismo tiempo la alarma nacional en el marco del segundo simulacro de emergencia organizado por el Gobierno Federal.<\/p>\n\n\n\n<p>Al escuchar la alerta, los funcionarios se organizaron para abandonar el Palacio municipal en orden, pero con rapidez, como una forma de prevenci\u00f3n y entrenamiento para enfrentar cualquier contingencia.<\/p>\n\n\n\n<p>El Gobierno Mexicano hizo sonar una alarma y envi\u00f3 un mensaje de texto a 80 millones de tel\u00e9fonos m\u00f3viles en todo el pa\u00eds a la misma hora, advirtiendo que era una prueba de la funcionalidad del Sistema Nacional de Alertas.<\/p>\n","protected":false},"excerpt":{"rendered":"<p>Monterrey, NL \u2022 Con el objetivo de fortalecer la cultura de la prevenci\u00f3n, autoridades del municipio de Monterrey llevaron a cabo la Jornadas Regionales de Protecci\u00f3n Civil, mediante la capacitaci\u00f3n e intercambio de experiencias entre instituciones, especialistas y la comunidad en general. El evento se realiz\u00f3 este viernes en Cintermex, en el marco del D\u00eda [&hellip;]<\/p>\n","protected":false},"author":1,"featured_media":20945,"comment_status":"open","ping_status":"open","sticky":false,"template":"","format":"standard","meta":{"om_disable_all_campaigns":false,"_monsterinsights_skip_tracking":false,"_monsterinsights_sitenote_active":false,"_monsterinsights_sitenote_note":"","_monsterinsights_sitenote_category":0,"footnotes":""},"categories":[15,6],"tags":[],"class_list":["post-20940","post","type-post","status-publish","format-standard","has-post-thumbnail","hentry","category-relevante","category-local"],"aioseo_notices":[],"_links":{"self":[{"href":"https:\/\/digitalreportmx.com\/index.php\/wp-json\/wp\/v2\/posts\/20940","targetHints":{"allow":["GET"]}}],"collection":[{"href":"https:\/\/digitalreportmx.com\/index.php\/wp-json\/wp\/v2\/posts"}],"about":[{"href":"https:\/\/digitalreportmx.com\/index.php\/wp-json\/wp\/v2\/types\/post"}],"author":[{"embeddable":true,"href":"https:\/\/digitalreportmx.com\/index.php\/wp-json\/wp\/v2\/users\/1"}],"replies":[{"embeddable":true,"href":"https:\/\/digitalreportmx.com\/index.php\/wp-json\/wp\/v2\/comments?post=20940"}],"version-history":[{"count":1,"href":"https:\/\/digitalreportmx.com\/index.php\/wp-json\/wp\/v2\/posts\/20940\/revisions"}],"predecessor-version":[{"id":20946,"href":"https:\/\/digitalreportmx.com\/index.php\/wp-json\/wp\/v2\/posts\/20940\/revisions\/20946"}],"wp:featuredmedia":[{"embeddable":true,"href":"https:\/\/digitalreportmx.com\/index.php\/wp-json\/wp\/v2\/media\/20945"}],"wp:attachment":[{"href":"https:\/\/digitalreportmx.com\/index.php\/wp-json\/wp\/v2\/media?parent=20940"}],"wp:term":[{"taxonomy":"category","embeddable":true,"href":"https:\/\/digitalreportmx.com\/index.php\/wp-json\/wp\/v2\/categories?post=20940"},{"taxonomy":"post_tag","embeddable":true,"href":"https:\/\/digitalreportmx.com\/index.php\/wp-json\/wp\/v2\/tags?post=20940"}],"curies":[{"name":"wp","href":"https:\/\/api.w.org\/{rel}","templated":true}]}}