{"id":22200,"date":"2025-10-11T12:09:02","date_gmt":"2025-10-11T18:09:02","guid":{"rendered":"https:\/\/digitalreportmx.com\/?p=22200"},"modified":"2025-10-11T12:20:03","modified_gmt":"2025-10-11T18:20:03","slug":"representan-con-arte-la-violencia-y-migracion-forzada-en-nl","status":"publish","type":"post","link":"https:\/\/digitalreportmx.com\/index.php\/2025\/10\/11\/representan-con-arte-la-violencia-y-migracion-forzada-en-nl\/","title":{"rendered":"Representan la violencia y migraci\u00f3n forzada con arte"},"content":{"rendered":"\n<p><kbd>Monterrey<\/kbd>, Nuevo Le\u00f3n<\/p>\n\n\n\n<p>Las Artes Monterrey present\u00f3 \u201cCorteza Seca\u201d, una exposici\u00f3n de arte contempor\u00e1neo conformada por 8 instalaciones art\u00edsticas, como parte de su VIII edici\u00f3n de su Programa de Arte P\u00fablico, en el marco del Festival Internacional Santa Luc\u00eda 2025.<\/p>\n\n\n\n<p>Las piezas, expuestas en la zona sur del Parque Fundidora, retratan los cambiantes e inesperados climas de la ciudad de Monterrey, no como eventos aislados, sino como consecuencias de un metabolismo social y urbano desmesurado.<\/p>\n\n\n\n<p>Haciendo, al mismo tiempo, referencia a la corteza de un \u00e1rbol, que con el tiempo se seca pero contin\u00faa protegiendo su interior.<\/p>\n\n\n\n<p>Victoria K\u00fchne, presidenta del patronato del festival, destac\u00f3 el impacto que la exhibici\u00f3n tendr\u00e1 en los regiomontanos, haci\u00e9ndolos meditar sobre el ambiente en el que viven.<\/p>\n\n\n\n<p>\u201cEst\u00e1 muestra nos har\u00e1 reflexionar sobre nuestro entorno, el d\u00eda a d\u00eda de vivir en esta gran ciudad, de ser regios, pero sobre todo de mantener la fuerza.\u201d<\/p>\n\n\n\n<p>\u201cLa temperatura extrema, funciona como analog\u00eda de una ciudad que arde, se congela y se inunda, expres\u00f3 Jos\u00e9 Esparza Chong Cuy, curador de la exposici\u00f3n.<\/p>\n\n\n\n<figure class=\"wp-block-image size-large\"><img loading=\"lazy\" decoding=\"async\" width=\"684\" height=\"1024\" src=\"https:\/\/digitalreportmx.com\/wp-content\/uploads\/2025\/10\/251010_RUEDA-DE-PRENSA-LAS-ARTES-MTY_0027-684x1024.jpeg\" alt=\"\" class=\"wp-image-22202\" srcset=\"https:\/\/digitalreportmx.com\/wp-content\/uploads\/2025\/10\/251010_RUEDA-DE-PRENSA-LAS-ARTES-MTY_0027-684x1024.jpeg 684w, https:\/\/digitalreportmx.com\/wp-content\/uploads\/2025\/10\/251010_RUEDA-DE-PRENSA-LAS-ARTES-MTY_0027-200x300.jpeg 200w, https:\/\/digitalreportmx.com\/wp-content\/uploads\/2025\/10\/251010_RUEDA-DE-PRENSA-LAS-ARTES-MTY_0027-768x1150.jpeg 768w, https:\/\/digitalreportmx.com\/wp-content\/uploads\/2025\/10\/251010_RUEDA-DE-PRENSA-LAS-ARTES-MTY_0027-1026x1536.jpeg 1026w, https:\/\/digitalreportmx.com\/wp-content\/uploads\/2025\/10\/251010_RUEDA-DE-PRENSA-LAS-ARTES-MTY_0027-1368x2048.jpeg 1368w, https:\/\/digitalreportmx.com\/wp-content\/uploads\/2025\/10\/251010_RUEDA-DE-PRENSA-LAS-ARTES-MTY_0027-scaled.jpeg 1710w\" sizes=\"auto, (max-width: 684px) 100vw, 684px\" \/><\/figure>\n\n\n\n<p>Explic\u00f3 que se opt\u00f3 por aprovechar el espacio y la alta movilidad peatonal que ofrece el Parque Fundidora para exponer los proyectos art\u00edsticos.<\/p>\n\n\n\n<p>\u201cA mi me vol\u00f3 la cabeza ver la cantidad de gente que viene y usa este espacio. En Monterrey, es impresionante ver c\u00f3mo se utiliza el espacio p\u00fablico\u201d, mencion\u00f3 Chong Cuy.<\/p>\n\n\n\n<p>\u201cLa historia de este parque industrial es referencia para pensar en la historia del desarrollo del Siglo XX en Monterrey.\u201d<\/p>\n\n\n\n<p>Las siete piezas, comisionadas espec\u00edficamente para \u201cCorteza Seca&#8221;, fueron realizadas por ASMA, Paloma Contreras Lomas, Miguel Fern\u00e1ndez de Castro, Chavis M\u00e1rmol, Andy Medina, B\u00e1rbara S\u00e1nchez Kane y Abraham Gonz\u00e1lez Pacheco. Adem\u00e1s, se incluy\u00f3 un trabajo de Minerva Cuevas, realizado el a\u00f1o pasado para el Museo de Arte Carrillo Gil.<\/p>\n\n\n\n<figure class=\"wp-block-image size-large\"><img loading=\"lazy\" decoding=\"async\" width=\"1024\" height=\"684\" src=\"https:\/\/digitalreportmx.com\/wp-content\/uploads\/2025\/10\/251010_RUEDA-DE-PRENSA-LAS-ARTES-MTY_0064-1-1024x684.jpeg\" alt=\"\" class=\"wp-image-22203\" srcset=\"https:\/\/digitalreportmx.com\/wp-content\/uploads\/2025\/10\/251010_RUEDA-DE-PRENSA-LAS-ARTES-MTY_0064-1-1024x684.jpeg 1024w, https:\/\/digitalreportmx.com\/wp-content\/uploads\/2025\/10\/251010_RUEDA-DE-PRENSA-LAS-ARTES-MTY_0064-1-300x200.jpeg 300w, https:\/\/digitalreportmx.com\/wp-content\/uploads\/2025\/10\/251010_RUEDA-DE-PRENSA-LAS-ARTES-MTY_0064-1-768x513.jpeg 768w, https:\/\/digitalreportmx.com\/wp-content\/uploads\/2025\/10\/251010_RUEDA-DE-PRENSA-LAS-ARTES-MTY_0064-1-1536x1026.jpeg 1536w, https:\/\/digitalreportmx.com\/wp-content\/uploads\/2025\/10\/251010_RUEDA-DE-PRENSA-LAS-ARTES-MTY_0064-1-2048x1368.jpeg 2048w\" sizes=\"auto, (max-width: 1024px) 100vw, 1024px\" \/><\/figure>\n\n\n\n<p>La rueda de prensa tambi\u00e9n estuvo presidida por Ver\u00f3nica Gonz\u00e1lez, directora de Las Artes Monterrey y Eliud Nava, director de programas.<\/p>\n\n\n\n<p>La inauguraci\u00f3n se llevar\u00e1 a cabo el s\u00e1bado 11 de octubre a las 18:00 horas. El recorrido iniciar\u00e1 en la explanada del Museo de Acero Horno 3 y terminar\u00e1 en el Acceso 7 del puente verde. Las obras permanecer\u00e1n expuestas hasta el domingo 23 de noviembre de 2025.<\/p>\n","protected":false},"excerpt":{"rendered":"<p>Monterrey, Nuevo Le\u00f3n Las Artes Monterrey present\u00f3 \u201cCorteza Seca\u201d, una exposici\u00f3n de arte contempor\u00e1neo conformada por 8 instalaciones art\u00edsticas, como parte de su VIII edici\u00f3n de su Programa de Arte P\u00fablico, en el marco del Festival Internacional Santa Luc\u00eda 2025. Las piezas, expuestas en la zona sur del Parque Fundidora, retratan los cambiantes e inesperados [&hellip;]<\/p>\n","protected":false},"author":1,"featured_media":22201,"comment_status":"open","ping_status":"open","sticky":false,"template":"","format":"standard","meta":{"om_disable_all_campaigns":false,"_monsterinsights_skip_tracking":false,"_monsterinsights_sitenote_active":false,"_monsterinsights_sitenote_note":"","_monsterinsights_sitenote_category":0,"footnotes":""},"categories":[16],"tags":[],"class_list":["post-22200","post","type-post","status-publish","format-standard","has-post-thumbnail","hentry","category-relevante-2"],"aioseo_notices":[],"_links":{"self":[{"href":"https:\/\/digitalreportmx.com\/index.php\/wp-json\/wp\/v2\/posts\/22200","targetHints":{"allow":["GET"]}}],"collection":[{"href":"https:\/\/digitalreportmx.com\/index.php\/wp-json\/wp\/v2\/posts"}],"about":[{"href":"https:\/\/digitalreportmx.com\/index.php\/wp-json\/wp\/v2\/types\/post"}],"author":[{"embeddable":true,"href":"https:\/\/digitalreportmx.com\/index.php\/wp-json\/wp\/v2\/users\/1"}],"replies":[{"embeddable":true,"href":"https:\/\/digitalreportmx.com\/index.php\/wp-json\/wp\/v2\/comments?post=22200"}],"version-history":[{"count":2,"href":"https:\/\/digitalreportmx.com\/index.php\/wp-json\/wp\/v2\/posts\/22200\/revisions"}],"predecessor-version":[{"id":22205,"href":"https:\/\/digitalreportmx.com\/index.php\/wp-json\/wp\/v2\/posts\/22200\/revisions\/22205"}],"wp:featuredmedia":[{"embeddable":true,"href":"https:\/\/digitalreportmx.com\/index.php\/wp-json\/wp\/v2\/media\/22201"}],"wp:attachment":[{"href":"https:\/\/digitalreportmx.com\/index.php\/wp-json\/wp\/v2\/media?parent=22200"}],"wp:term":[{"taxonomy":"category","embeddable":true,"href":"https:\/\/digitalreportmx.com\/index.php\/wp-json\/wp\/v2\/categories?post=22200"},{"taxonomy":"post_tag","embeddable":true,"href":"https:\/\/digitalreportmx.com\/index.php\/wp-json\/wp\/v2\/tags?post=22200"}],"curies":[{"name":"wp","href":"https:\/\/api.w.org\/{rel}","templated":true}]}}