{"id":22505,"date":"2025-10-15T19:02:08","date_gmt":"2025-10-16T01:02:08","guid":{"rendered":"https:\/\/digitalreportmx.com\/?p=22505"},"modified":"2025-10-15T19:03:37","modified_gmt":"2025-10-16T01:03:37","slug":"diputada-lupita-reconoce-aciertos-y-senala-necesidades-en-iv-informe","status":"publish","type":"post","link":"https:\/\/digitalreportmx.com\/index.php\/2025\/10\/15\/diputada-lupita-reconoce-aciertos-y-senala-necesidades-en-iv-informe\/","title":{"rendered":"Diputada Lupita reconoce aciertos; apunta necesidades en Informe"},"content":{"rendered":"\n<p><kbd>Monterrey<\/kbd><\/p>\n\n\n\n<p> A nombre del Grupo Legislativo del Partido del Trabajo, la diputada Lupita Rodr\u00edguez Mart\u00ednez reconoci\u00f3 aciertos y se\u00f1al\u00f3 necesidades prioritarias para la ciudadan\u00eda, tras la entrega por escrito del Cuarto Informe de Gobierno al Congreso del Estado.<\/p>\n\n\n\n<p>En Sesi\u00f3n Solemne sin la presencia del Gobernador, la coordinadora del PT reconoci\u00f3 la gesti\u00f3n efectiva del Estado ante la Federaci\u00f3n para superar la crisis h\u00eddrica con la ampliaci\u00f3n del Anillo Monterrey V, del Acueducto El Cuchillo II y la nueva Presa Le\u00f3n.<\/p>\n\n\n\n<p>Sin embargo, cuestion\u00f3 que la tarea a cumplir es que el agua llegue a cada hogar durante las 24 horas del d\u00eda.<\/p>\n\n\n\n<p>Sobre la crisis de la contaminaci\u00f3n, se\u00f1al\u00f3 que la Agencia de Calidad del Aire y la Comisi\u00f3n Ambiental Metropolitana requieren de acciones contundentes para erradicar la poluci\u00f3n y reubicar fuera de la metr\u00f3poli a la industria pesada como Zinc Nacional, Ternium y Pemex.<\/p>\n\n\n\n<p>\u201cPara poner fin a la crisis del transporte y al estancamiento en la movilidad, vemos con esperanza las soluciones del Gobierno con las dos l\u00edneas del Metro y nuevos camiones para evitar tarifas caras y largas horas de tediosa espera a trabajadores y estudiantes\u201d, dijo.<\/p>\n\n\n\n<p>Sobre la crisis de inseguridad, asever\u00f3 que alienta contar con la Fuerza Civil mejor calificada de M\u00e9xico, con equipamiento nuevo, con inteligencia policial y uso de la tecnolog\u00eda para capturar delincuentes y reducir los delitos de alto impacto, homicidios y feminicidios.<\/p>\n\n\n\n<p>Pero, agreg\u00f3, es primordial cumplir los programas de prevenci\u00f3n social que ayuden a resolver las causas estructurales de la pobreza.<\/p>\n\n\n\n<p>Para afianzar a Nuevo Le\u00f3n como motor econ\u00f3mico de M\u00e9xico, plante\u00f3 capacitar a las y los trabajadores en la competitividad de la industria 4.0, aplicar la jornada laboral de 40 horas semanales y pagar salarios justos y bien remunerados que cubran el costo de la vida.<\/p>\n\n\n\n<p>En el rengl\u00f3n de educaci\u00f3n y salud pidi\u00f3 priorizar presupuestos de apoyo a las carencias y necesidades que hoy se enfrentan.<\/p>\n\n\n\n<p>\u201cDesde este Tribuna solicitamos, a nombre de maestras y maestros jubilados, se contemple en la Ley de Egresos del 2026 el presupuesto suficiente para solventar el adeudo a su pensi\u00f3n\u201d.<\/p>\n\n\n\n<p>Reconoci\u00f3 adem\u00e1s la labor de la titular de la oficina Amar a Nuevo Le\u00f3n, Mariana Rodr\u00edguez Cant\u00fa, por el impulso a la lactancia materna en 116 lactarios y las adopciones en el Centro Capullos<\/p>\n\n\n\n<p>En tiempo de las mujeres, asever\u00f3, la transformaci\u00f3n avanza en todo M\u00e9xico bajo el modelo de desarrollo con bienestar, justicia social y sustentabilidad que encabeza la presidenta Claudia Sheinbaum.<\/p>\n\n\n\n<p>\u201cEstamos convencidas que lograremos concretar en Nuevo Le\u00f3n sus programas sociales para erradicar el hambre y la pobreza, y sus reformas constitucionales en materia de no reelecci\u00f3n, nepotismo y paridad total de g\u00e9nero\u201d, concluy\u00f3.<\/p>\n","protected":false},"excerpt":{"rendered":"<p>Monterrey A nombre del Grupo Legislativo del Partido del Trabajo, la diputada Lupita Rodr\u00edguez Mart\u00ednez reconoci\u00f3 aciertos y se\u00f1al\u00f3 necesidades prioritarias para la ciudadan\u00eda, tras la entrega por escrito del Cuarto Informe de Gobierno al Congreso del Estado. En Sesi\u00f3n Solemne sin la presencia del Gobernador, la coordinadora del PT reconoci\u00f3 la gesti\u00f3n efectiva del [&hellip;]<\/p>\n","protected":false},"author":1,"featured_media":22506,"comment_status":"open","ping_status":"open","sticky":false,"template":"","format":"standard","meta":{"om_disable_all_campaigns":false,"_monsterinsights_skip_tracking":false,"_monsterinsights_sitenote_active":false,"_monsterinsights_sitenote_note":"","_monsterinsights_sitenote_category":0,"footnotes":""},"categories":[16,13],"tags":[],"class_list":["post-22505","post","type-post","status-publish","format-standard","has-post-thumbnail","hentry","category-relevante-2","category-reporte-local"],"aioseo_notices":[],"_links":{"self":[{"href":"https:\/\/digitalreportmx.com\/index.php\/wp-json\/wp\/v2\/posts\/22505","targetHints":{"allow":["GET"]}}],"collection":[{"href":"https:\/\/digitalreportmx.com\/index.php\/wp-json\/wp\/v2\/posts"}],"about":[{"href":"https:\/\/digitalreportmx.com\/index.php\/wp-json\/wp\/v2\/types\/post"}],"author":[{"embeddable":true,"href":"https:\/\/digitalreportmx.com\/index.php\/wp-json\/wp\/v2\/users\/1"}],"replies":[{"embeddable":true,"href":"https:\/\/digitalreportmx.com\/index.php\/wp-json\/wp\/v2\/comments?post=22505"}],"version-history":[{"count":3,"href":"https:\/\/digitalreportmx.com\/index.php\/wp-json\/wp\/v2\/posts\/22505\/revisions"}],"predecessor-version":[{"id":22509,"href":"https:\/\/digitalreportmx.com\/index.php\/wp-json\/wp\/v2\/posts\/22505\/revisions\/22509"}],"wp:featuredmedia":[{"embeddable":true,"href":"https:\/\/digitalreportmx.com\/index.php\/wp-json\/wp\/v2\/media\/22506"}],"wp:attachment":[{"href":"https:\/\/digitalreportmx.com\/index.php\/wp-json\/wp\/v2\/media?parent=22505"}],"wp:term":[{"taxonomy":"category","embeddable":true,"href":"https:\/\/digitalreportmx.com\/index.php\/wp-json\/wp\/v2\/categories?post=22505"},{"taxonomy":"post_tag","embeddable":true,"href":"https:\/\/digitalreportmx.com\/index.php\/wp-json\/wp\/v2\/tags?post=22505"}],"curies":[{"name":"wp","href":"https:\/\/api.w.org\/{rel}","templated":true}]}}