{"id":22667,"date":"2025-10-18T18:40:17","date_gmt":"2025-10-19T00:40:17","guid":{"rendered":"https:\/\/digitalreportmx.com\/?p=22667"},"modified":"2025-10-18T21:17:02","modified_gmt":"2025-10-19T03:17:02","slug":"la-traviata-deslumbra-en-el-feria-del-libro","status":"publish","type":"post","link":"https:\/\/digitalreportmx.com\/index.php\/2025\/10\/18\/la-traviata-deslumbra-en-el-feria-del-libro\/","title":{"rendered":"&#8220;La Traviata&#8221; deslumbra en el Festival Santa Luc\u00eda"},"content":{"rendered":"\n<p><kbd>Por Vicente Guerrero<\/kbd><\/p>\n\n\n\n<p>Monterrey<\/p>\n\n\n\n<p>Una noche de rotundo \u00e9xito se vivi\u00f3 en la Gran Sala del Teatro de la Ciudad, que luci\u00f3 abarrotada para el estreno de la \u00f3pera &#8220;La Traviata&#8221; de Giuseppe Verdi, presentada en el marco del Festival Internacional de Santa Luc\u00eda (FISL).<\/p>\n\n\n\n<p>El p\u00fablico nuevoleon\u00e9s \u2014demostrando una vez m\u00e1s su fervor hacia el arte l\u00edrico- acudi\u00f3 a una cita ineludible con la \u00f3pera, tambi\u00e9n llamado &#8220;arte total&#8221;, t\u00e9rmino concebido por Richard Wagner que encuentra en la \u00f3pera su m\u00e1xima expresi\u00f3n.<\/p>\n\n\n\n<p>La ovaci\u00f3n con la que el p\u00fablico recibi\u00f3 a la compa\u00f1\u00eda fue una muestra contundente de que los esfuerzos interinstitucionales por llevar a las audiencias \u00f3pera de calidad bien valieron la pena, desde los primeros minutos del primer acto y hasta el final, lo que confirm\u00f3 que en Nuevo Le\u00f3n &#8220;La Extraviada&#8221; (traducci\u00f3n al castellano del t\u00edtulo) no solo es un espect\u00e1culo, sino un eco profundo en el inconsciente cultural.<\/p>\n\n\n\n<p>La entidad recuerda con este emblem\u00e1tico t\u00edtulo su \u00e9poca dorada como una de las sedes capitales del arte l\u00edrico en M\u00e9xico.<\/p>\n\n\n\n<p>No es casualidad que esta obra maestra de Verdi resuene con tal fuerza. La historia de amor, sacrificio y drama social, inspirada en la novela francesa &#8220;La Dama de las Camelias&#8221; de Alexandre Dumas (hijo), toca fibras extremadamente sensibles de lo humano.<\/p>\n\n\n\n<p>Con libreto de Francesco Maria Piave, la \u00f3pera narra el tr\u00e1gico destino de Violetta Val\u00e9ry, cuya existencia se debate entre el amor sincero y el juicio implacable de la sociedad.<\/p>\n\n\n\n<p>El deleite de la noche fue doble: no solo se ofreci\u00f3 un &#8220;platillo suculento&#8221; por parte del FISL, sino que tambi\u00e9n se constat\u00f3 que las nuevas generaciones regiomontanas est\u00e1n sucumbiendo al hechizo de la \u00f3pera, recibiendo &#8220;la semilla del asombro&#8221; ante un g\u00e9nero que ha trascendido m\u00e1s de un siglo desde su creaci\u00f3n.<\/p>\n\n\n\n<p>Esta conexi\u00f3n hist\u00f3rica con el arte l\u00edrico de gran calado se remonta a hitos como el debut profesional de Pl\u00e1cido Domingo en el papel de Alfredo en esta misma ciudad, all\u00e1 por los a\u00f1os 60, en el Teatro Teresa Montoya, como lo ha referido en diferentes ocasiones Ricardo Marcos Gonz\u00e1lez, experto en \u00f3pera y actual secretario t\u00e9cnico de CONARTE, quien brind\u00f3 una charla previa antes de levantar el tel\u00f3n, en el lobby del Teatro para conocer a\u00fan m\u00e1s del t\u00edtulo y del autor de la obra.<\/p>\n\n\n\n<p>Un precedente como este subraya el peso y la tradici\u00f3n oper\u00edstica que, a trav\u00e9s de puestas en escena como esta, el Festival Internacional de Santa Luc\u00eda, se ha encargado de revivir y proyectar hacia el futuro.<\/p>\n\n\n\n<p>La velada de anoche fue, sin duda, una reafirmaci\u00f3n del lugar de la \u00f3pera en el coraz\u00f3n cultural de Nuevo Le\u00f3n y de que las audiencias est\u00e1n listas para m\u00e1s espect\u00e1culos como este.<\/p>\n\n\n\n<p>Presente en la puesta en escena, Victoria K\u00fchne, presidenta del Patronato del Festival Internacional Santa Luc\u00eda, destac\u00f3 la excelente respuesta del p\u00fablico regiomontano que abarrot\u00f3 la sala con capacidad para m\u00e1s de mil 300 personas.<\/p>\n\n\n\n<p>K\u00fchne mencion\u00f3 que de los 110 artistas que participan en la \u00f3pera, el 80 por ciento es talento local, quienes integran el Coro Nuevo Le\u00f3n, la Banda de M\u00fasica del Estado y el Ballet de Monterrey, adem\u00e1s de los integrantes de la Orquesta del Festival.<\/p>\n\n\n\n<p>Ante la demanda &#8220;La Traviata&#8221; tendr\u00e1 una segunda presentaci\u00f3n este domingo 19 a las 18:00 horas, con una charla introductoria igualmente ofrecida por Marcos Gonz\u00e1lez, programada a las 17:30 horas. A las personas interesadas, se les pide presentarse a las puertas del recinto, incluso a las 16:00 horas.<\/p>\n\n\n\n<p>Para ingresar al Teatro, las personas recibir\u00e1n un boleto sin costo alguno, por ello se pide estar con anticipaci\u00f3n.<\/p>\n\n\n\n<p>Para m\u00e1s informaci\u00f3n sobre la programaci\u00f3n visite la p\u00e1gina www.festivalsantalucia.gob.mx<\/p>\n\n\n\n<figure class=\"wp-block-video\"><video controls src=\"https:\/\/digitalreportmx.com\/wp-content\/uploads\/2025\/10\/VID-20251018-WA0100.mp4\"><\/video><\/figure>\n","protected":false},"excerpt":{"rendered":"<p>Por Vicente Guerrero Monterrey Una noche de rotundo \u00e9xito se vivi\u00f3 en la Gran Sala del Teatro de la Ciudad, que luci\u00f3 abarrotada para el estreno de la \u00f3pera &#8220;La Traviata&#8221; de Giuseppe Verdi, presentada en el marco del Festival Internacional de Santa Luc\u00eda (FISL). El p\u00fablico nuevoleon\u00e9s \u2014demostrando una vez m\u00e1s su fervor hacia [&hellip;]<\/p>\n","protected":false},"author":1,"featured_media":22668,"comment_status":"open","ping_status":"open","sticky":false,"template":"","format":"standard","meta":{"om_disable_all_campaigns":false,"_monsterinsights_skip_tracking":false,"_monsterinsights_sitenote_active":false,"_monsterinsights_sitenote_note":"","_monsterinsights_sitenote_category":0,"footnotes":""},"categories":[12,16],"tags":[],"class_list":["post-22667","post","type-post","status-publish","format-standard","has-post-thumbnail","hentry","category-cooltura","category-relevante-2"],"aioseo_notices":[],"_links":{"self":[{"href":"https:\/\/digitalreportmx.com\/index.php\/wp-json\/wp\/v2\/posts\/22667","targetHints":{"allow":["GET"]}}],"collection":[{"href":"https:\/\/digitalreportmx.com\/index.php\/wp-json\/wp\/v2\/posts"}],"about":[{"href":"https:\/\/digitalreportmx.com\/index.php\/wp-json\/wp\/v2\/types\/post"}],"author":[{"embeddable":true,"href":"https:\/\/digitalreportmx.com\/index.php\/wp-json\/wp\/v2\/users\/1"}],"replies":[{"embeddable":true,"href":"https:\/\/digitalreportmx.com\/index.php\/wp-json\/wp\/v2\/comments?post=22667"}],"version-history":[{"count":4,"href":"https:\/\/digitalreportmx.com\/index.php\/wp-json\/wp\/v2\/posts\/22667\/revisions"}],"predecessor-version":[{"id":22678,"href":"https:\/\/digitalreportmx.com\/index.php\/wp-json\/wp\/v2\/posts\/22667\/revisions\/22678"}],"wp:featuredmedia":[{"embeddable":true,"href":"https:\/\/digitalreportmx.com\/index.php\/wp-json\/wp\/v2\/media\/22668"}],"wp:attachment":[{"href":"https:\/\/digitalreportmx.com\/index.php\/wp-json\/wp\/v2\/media?parent=22667"}],"wp:term":[{"taxonomy":"category","embeddable":true,"href":"https:\/\/digitalreportmx.com\/index.php\/wp-json\/wp\/v2\/categories?post=22667"},{"taxonomy":"post_tag","embeddable":true,"href":"https:\/\/digitalreportmx.com\/index.php\/wp-json\/wp\/v2\/tags?post=22667"}],"curies":[{"name":"wp","href":"https:\/\/api.w.org\/{rel}","templated":true}]}}