{"id":23637,"date":"2025-10-30T17:43:44","date_gmt":"2025-10-30T23:43:44","guid":{"rendered":"https:\/\/digitalreportmx.com\/?p=23637"},"modified":"2025-10-30T17:46:15","modified_gmt":"2025-10-30T23:46:15","slug":"abre-santa-catarina-centro-libre-para-las-mujeres","status":"publish","type":"post","link":"https:\/\/digitalreportmx.com\/index.php\/2025\/10\/30\/abre-santa-catarina-centro-libre-para-las-mujeres\/","title":{"rendered":"Abre Santa Catarina Centro Libre para las Mujeres"},"content":{"rendered":"\n<p><kbd>Santa Catarina <\/kbd><\/p>\n\n\n\n<p>El Gobierno de Santa Catarina inaugur\u00f3 este jueves el Centro Libre para las Mujeres, para atender de forma integral a este segmento de la poblaci\u00f3n en casos de violencia.<\/p>\n\n\n\n<p>El Alcalde Jes\u00fas Nava Rivera y Citlalli Hern\u00e1ndez Mora cortaron el list\u00f3n para la apertura de dicho centro, ubicado en la calle Sierra Verde s\/n, de la Colonia Robles de Santa Catarina, para posteriormente dar un recorrido por las instalaciones del mismo.<\/p>\n\n\n\n<p>\u201cLa mujer es el pilar de la casa, de la familia, hoy inauguramos este Centro Libre para las Mujeres para brindar toda la atenci\u00f3n necesaria en casos de violencia. Queremos que la mujer sea libre como lo dice el propio centro y no sufra de ning\u00fan tipo de violencia\u201d, expres\u00f3 Nava Rivera.<\/p>\n\n\n\n<p>\u201cGracias a nuestra presidenta Claudia Sheinbaum por la pol\u00edtica p\u00fablica en beneficio hacia la mujer y a la titular de la Secretar\u00eda de las Mujeres, Citlalli Hern\u00e1ndez, por la coordinaci\u00f3n y apoyo para este centro\u201d.<\/p>\n\n\n\n<p>En el evento, en el que tambi\u00e9n se devel\u00f3 una placa alusiva a la inauguraci\u00f3n, tambi\u00e9n estuvieron presentes Viridiana Hern\u00e1ndez Rivera, coordinadora general de Vinculaci\u00f3n y Seguimiento de la Secretar\u00eda de las Mujeres; Paola Garc\u00eda Yves, presidenta del DIF Municipal; Elizabeth Galicia Ruiz, directora del DIF Municipal, Graciela Buchanan, secretaria de las Mujeres en Nuevo Le\u00f3n, as\u00ed como los diputados locales Greta Barra Hern\u00e1ndez y Mario Soto Esquer y el senador Waldo Fern\u00e1ndez Gonz\u00e1lez.<\/p>\n\n\n\n<p>La titular de la Secretar\u00eda de las Mujeres del Gobierno Federal destac\u00f3 la apertura de dicho centro por parte del gobierno municipal, el cual ser\u00e1 de gran beneficio para el bienestar de las mujeres.<\/p>\n\n\n\n<p>\u201cEs un paso para construir una sociedad m\u00e1s justa, m\u00e1s igualitaria, donde las mujeres seamos libres y felices\u201d, dijo Citlalli Hern\u00e1ndez.<br>El Centro Libre para las Mujeres brindar\u00e1 atenci\u00f3n jur\u00eddica, psicol\u00f3gica, de trabajo social, talleres y toda una serie de servicios para que la mujer salga del c\u00edrculo de violencia en el que se encuentra.<\/p>\n\n\n\n<figure class=\"wp-block-video\"><video controls src=\"https:\/\/digitalreportmx.com\/wp-content\/uploads\/2025\/10\/WhatsApp-Video-2025-10-30-at-2.05.30-PM.mp4\"><\/video><\/figure>\n","protected":false},"excerpt":{"rendered":"<p>Santa Catarina El Gobierno de Santa Catarina inaugur\u00f3 este jueves el Centro Libre para las Mujeres, para atender de forma integral a este segmento de la poblaci\u00f3n en casos de violencia. El Alcalde Jes\u00fas Nava Rivera y Citlalli Hern\u00e1ndez Mora cortaron el list\u00f3n para la apertura de dicho centro, ubicado en la calle Sierra Verde [&hellip;]<\/p>\n","protected":false},"author":1,"featured_media":23639,"comment_status":"open","ping_status":"open","sticky":false,"template":"","format":"standard","meta":{"om_disable_all_campaigns":false,"_monsterinsights_skip_tracking":false,"_monsterinsights_sitenote_active":false,"_monsterinsights_sitenote_note":"","_monsterinsights_sitenote_category":0,"footnotes":""},"categories":[16,13],"tags":[],"class_list":["post-23637","post","type-post","status-publish","format-standard","has-post-thumbnail","hentry","category-relevante-2","category-reporte-local"],"aioseo_notices":[],"_links":{"self":[{"href":"https:\/\/digitalreportmx.com\/index.php\/wp-json\/wp\/v2\/posts\/23637","targetHints":{"allow":["GET"]}}],"collection":[{"href":"https:\/\/digitalreportmx.com\/index.php\/wp-json\/wp\/v2\/posts"}],"about":[{"href":"https:\/\/digitalreportmx.com\/index.php\/wp-json\/wp\/v2\/types\/post"}],"author":[{"embeddable":true,"href":"https:\/\/digitalreportmx.com\/index.php\/wp-json\/wp\/v2\/users\/1"}],"replies":[{"embeddable":true,"href":"https:\/\/digitalreportmx.com\/index.php\/wp-json\/wp\/v2\/comments?post=23637"}],"version-history":[{"count":2,"href":"https:\/\/digitalreportmx.com\/index.php\/wp-json\/wp\/v2\/posts\/23637\/revisions"}],"predecessor-version":[{"id":23644,"href":"https:\/\/digitalreportmx.com\/index.php\/wp-json\/wp\/v2\/posts\/23637\/revisions\/23644"}],"wp:featuredmedia":[{"embeddable":true,"href":"https:\/\/digitalreportmx.com\/index.php\/wp-json\/wp\/v2\/media\/23639"}],"wp:attachment":[{"href":"https:\/\/digitalreportmx.com\/index.php\/wp-json\/wp\/v2\/media?parent=23637"}],"wp:term":[{"taxonomy":"category","embeddable":true,"href":"https:\/\/digitalreportmx.com\/index.php\/wp-json\/wp\/v2\/categories?post=23637"},{"taxonomy":"post_tag","embeddable":true,"href":"https:\/\/digitalreportmx.com\/index.php\/wp-json\/wp\/v2\/tags?post=23637"}],"curies":[{"name":"wp","href":"https:\/\/api.w.org\/{rel}","templated":true}]}}