{"id":23672,"date":"2025-10-31T14:01:00","date_gmt":"2025-10-31T20:01:00","guid":{"rendered":"https:\/\/digitalreportmx.com\/?p=23672"},"modified":"2025-10-31T14:03:56","modified_gmt":"2025-10-31T20:03:56","slug":"reestrena-igualdad-centro-comunitario-en-monterrey","status":"publish","type":"post","link":"https:\/\/digitalreportmx.com\/index.php\/2025\/10\/31\/reestrena-igualdad-centro-comunitario-en-monterrey\/","title":{"rendered":"Reestrena Igualdad Centro Comunitario en Monterrey"},"content":{"rendered":"\n<p><kbd>Monterrey<\/kbd><\/p>\n\n\n\n<p>La Secretaria de Igualdad e Inclusi\u00f3n, Martha Herrera, reinaugur\u00f3 el Centro Comunitario Ren\u00e9 \u00c1lvarez en Monterrey.<\/p>\n\n\n\n<p>La titular de la dependencia estatal destac\u00f3 las oportunidades que ofrecen los Centros Comunitarios para adquirir nuevas habilidades, practicar deporte y aprender oficios.<\/p>\n\n\n\n<p>\u201cRestauramos este espacio f\u00edsico y hoy quiero decirles con orgullo que nuestros casi 50 centros comunitarios, espacios como estos, algunos peque\u00f1os, medianos o grandes, todos tienen este mismo coraz\u00f3n que ha hecho que hoy tengamos equipamiento nuevo\u201d, indic\u00f3.<\/p>\n\n\n\n<p>Agreg\u00f3 que a petici\u00f3n de los vecinos de la colonia Ren\u00e9 \u00c1lvarez, el centro comunitario fue rehabilitado para ofrecer a clases de cocina, talleres art\u00edsticos, entre otras actividades.<\/p>\n\n\n\n<figure class=\"wp-block-image size-large\"><img loading=\"lazy\" decoding=\"async\" width=\"1024\" height=\"683\" src=\"https:\/\/digitalreportmx.com\/wp-content\/uploads\/2025\/10\/IMG-20251031-WA0100-1024x683.jpg\" alt=\"\" class=\"wp-image-23675\" srcset=\"https:\/\/digitalreportmx.com\/wp-content\/uploads\/2025\/10\/IMG-20251031-WA0100-1024x683.jpg 1024w, https:\/\/digitalreportmx.com\/wp-content\/uploads\/2025\/10\/IMG-20251031-WA0100-300x200.jpg 300w, https:\/\/digitalreportmx.com\/wp-content\/uploads\/2025\/10\/IMG-20251031-WA0100-768x512.jpg 768w, https:\/\/digitalreportmx.com\/wp-content\/uploads\/2025\/10\/IMG-20251031-WA0100-1536x1024.jpg 1536w, https:\/\/digitalreportmx.com\/wp-content\/uploads\/2025\/10\/IMG-20251031-WA0100-2048x1366.jpg 2048w\" sizes=\"auto, (max-width: 1024px) 100vw, 1024px\" \/><\/figure>\n\n\n\n<p>\u201cAqu\u00ed vamos a tener computadoras, vamos a tener cursos de digitalizaci\u00f3n, tenemos una cocina nueva y renovada, as\u00ed que vamos por m\u00e1s\u201d, explic\u00f3.<\/p>\n\n\n\n<p>Los Centros Comunitarios forman parte de una estrategia integral de la Secretar\u00eda para garantizar a las comunidades espacios dignos donde se promueva la educaci\u00f3n, el emprendimiento, el cuidado colectivo y el bienestar social.<\/p>\n\n\n\n<p>Al evento acudieron Eva Lozano Paul\u00edn, Subsecretaria de Desarrollo Comunitario Integral de la Secretar\u00eda de Igualdad e Inclusi\u00f3n, as\u00ed como los fundadores Graciela Pons, Eugenio Clariond, Alicia Gonz\u00e1lez y Jos\u00e9 Barrera.<\/p>\n\n\n\n<figure class=\"wp-block-image size-large\"><img loading=\"lazy\" decoding=\"async\" width=\"1024\" height=\"683\" src=\"https:\/\/digitalreportmx.com\/wp-content\/uploads\/2025\/10\/IMG-20251031-WA0107-1024x683.jpg\" alt=\"\" class=\"wp-image-23677\" srcset=\"https:\/\/digitalreportmx.com\/wp-content\/uploads\/2025\/10\/IMG-20251031-WA0107-1024x683.jpg 1024w, https:\/\/digitalreportmx.com\/wp-content\/uploads\/2025\/10\/IMG-20251031-WA0107-300x200.jpg 300w, https:\/\/digitalreportmx.com\/wp-content\/uploads\/2025\/10\/IMG-20251031-WA0107-768x512.jpg 768w, https:\/\/digitalreportmx.com\/wp-content\/uploads\/2025\/10\/IMG-20251031-WA0107-1536x1024.jpg 1536w, https:\/\/digitalreportmx.com\/wp-content\/uploads\/2025\/10\/IMG-20251031-WA0107-2048x1366.jpg 2048w\" sizes=\"auto, (max-width: 1024px) 100vw, 1024px\" \/><\/figure>\n","protected":false},"excerpt":{"rendered":"<p>Monterrey La Secretaria de Igualdad e Inclusi\u00f3n, Martha Herrera, reinaugur\u00f3 el Centro Comunitario Ren\u00e9 \u00c1lvarez en Monterrey. La titular de la dependencia estatal destac\u00f3 las oportunidades que ofrecen los Centros Comunitarios para adquirir nuevas habilidades, practicar deporte y aprender oficios. \u201cRestauramos este espacio f\u00edsico y hoy quiero decirles con orgullo que nuestros casi 50 centros [&hellip;]<\/p>\n","protected":false},"author":1,"featured_media":23673,"comment_status":"open","ping_status":"open","sticky":false,"template":"","format":"standard","meta":{"om_disable_all_campaigns":false,"_monsterinsights_skip_tracking":false,"_monsterinsights_sitenote_active":false,"_monsterinsights_sitenote_note":"","_monsterinsights_sitenote_category":0,"footnotes":""},"categories":[16,13],"tags":[],"class_list":["post-23672","post","type-post","status-publish","format-standard","has-post-thumbnail","hentry","category-relevante-2","category-reporte-local"],"aioseo_notices":[],"_links":{"self":[{"href":"https:\/\/digitalreportmx.com\/index.php\/wp-json\/wp\/v2\/posts\/23672","targetHints":{"allow":["GET"]}}],"collection":[{"href":"https:\/\/digitalreportmx.com\/index.php\/wp-json\/wp\/v2\/posts"}],"about":[{"href":"https:\/\/digitalreportmx.com\/index.php\/wp-json\/wp\/v2\/types\/post"}],"author":[{"embeddable":true,"href":"https:\/\/digitalreportmx.com\/index.php\/wp-json\/wp\/v2\/users\/1"}],"replies":[{"embeddable":true,"href":"https:\/\/digitalreportmx.com\/index.php\/wp-json\/wp\/v2\/comments?post=23672"}],"version-history":[{"count":2,"href":"https:\/\/digitalreportmx.com\/index.php\/wp-json\/wp\/v2\/posts\/23672\/revisions"}],"predecessor-version":[{"id":23678,"href":"https:\/\/digitalreportmx.com\/index.php\/wp-json\/wp\/v2\/posts\/23672\/revisions\/23678"}],"wp:featuredmedia":[{"embeddable":true,"href":"https:\/\/digitalreportmx.com\/index.php\/wp-json\/wp\/v2\/media\/23673"}],"wp:attachment":[{"href":"https:\/\/digitalreportmx.com\/index.php\/wp-json\/wp\/v2\/media?parent=23672"}],"wp:term":[{"taxonomy":"category","embeddable":true,"href":"https:\/\/digitalreportmx.com\/index.php\/wp-json\/wp\/v2\/categories?post=23672"},{"taxonomy":"post_tag","embeddable":true,"href":"https:\/\/digitalreportmx.com\/index.php\/wp-json\/wp\/v2\/tags?post=23672"}],"curies":[{"name":"wp","href":"https:\/\/api.w.org\/{rel}","templated":true}]}}