{"id":23822,"date":"2025-11-03T11:55:48","date_gmt":"2025-11-03T17:55:48","guid":{"rendered":"https:\/\/digitalreportmx.com\/?p=23822"},"modified":"2025-11-03T11:55:49","modified_gmt":"2025-11-03T17:55:49","slug":"inicia-san-pedro-la-regeneracion-de-alfonso-reyes","status":"publish","type":"post","link":"https:\/\/digitalreportmx.com\/index.php\/2025\/11\/03\/inicia-san-pedro-la-regeneracion-de-alfonso-reyes\/","title":{"rendered":"Inicia San Pedro la regeneraci\u00f3n de  Alfonso Reyes"},"content":{"rendered":"\n<p><kbd>San Pedro Garza Garc\u00eda <\/kbd><\/p>\n\n\n\n<p>El Municipio de San Pedro Garza Garc\u00eda inici\u00f3 este lunes la construcci\u00f3n del proyecto de regeneraci\u00f3n de la avenida Alfonso Reyes, una obra que transformar\u00e1 la movilidad, la seguridad y la imagen urbana de una de las vialidades m\u00e1s importantes.<\/p>\n\n\n\n<p>El Alcalde Mauricio Farah encabez\u00f3 el banderazo en el cruce de Alfonso Reyes y Olimpiadas, acompa\u00f1ado de funcionarios municipales.<\/p>\n\n\n\n<figure class=\"wp-block-image size-large\"><img loading=\"lazy\" decoding=\"async\" width=\"1024\" height=\"682\" src=\"https:\/\/digitalreportmx.com\/wp-content\/uploads\/2025\/11\/1000157723-1024x682.jpg\" alt=\"\" class=\"wp-image-23823\" srcset=\"https:\/\/digitalreportmx.com\/wp-content\/uploads\/2025\/11\/1000157723-1024x682.jpg 1024w, https:\/\/digitalreportmx.com\/wp-content\/uploads\/2025\/11\/1000157723-300x200.jpg 300w, https:\/\/digitalreportmx.com\/wp-content\/uploads\/2025\/11\/1000157723-768x512.jpg 768w, https:\/\/digitalreportmx.com\/wp-content\/uploads\/2025\/11\/1000157723-1536x1024.jpg 1536w, https:\/\/digitalreportmx.com\/wp-content\/uploads\/2025\/11\/1000157723-2048x1365.jpg 2048w\" sizes=\"auto, (max-width: 1024px) 100vw, 1024px\" \/><\/figure>\n\n\n\n<p>El proyecto incluye banquetas amplias para uso compartido por peatones y ciclistas, cableado subterr\u00e1neo, sem\u00e1foros inteligentes, nueva se\u00f1alizaci\u00f3n y la renovaci\u00f3n del arbolado con especies nativas.<\/p>\n\n\n\n<p>La primera etapa comprende 3.6 kil\u00f3metros, de avenida Olimpiadas a Jer\u00f3nimo Trevi\u00f1o, con un tiempo estimado de ejecuci\u00f3n de 10 meses. Los trabajos se realizar\u00e1n de lunes a s\u00e1bado de 8:00 a 20:00 horas y los domingos de 8:00 a 13:00 horas, con cuatro frentes de obra operando de manera simult\u00e1nea.<\/p>\n\n\n\n<figure class=\"wp-block-image size-large\"><img loading=\"lazy\" decoding=\"async\" width=\"1024\" height=\"682\" src=\"https:\/\/digitalreportmx.com\/wp-content\/uploads\/2025\/11\/1000157719-1024x682.jpg\" alt=\"\" class=\"wp-image-23824\" srcset=\"https:\/\/digitalreportmx.com\/wp-content\/uploads\/2025\/11\/1000157719-1024x682.jpg 1024w, https:\/\/digitalreportmx.com\/wp-content\/uploads\/2025\/11\/1000157719-300x200.jpg 300w, https:\/\/digitalreportmx.com\/wp-content\/uploads\/2025\/11\/1000157719-768x512.jpg 768w, https:\/\/digitalreportmx.com\/wp-content\/uploads\/2025\/11\/1000157719-1536x1024.jpg 1536w, https:\/\/digitalreportmx.com\/wp-content\/uploads\/2025\/11\/1000157719-2048x1365.jpg 2048w\" sizes=\"auto, (max-width: 1024px) 100vw, 1024px\" \/><\/figure>\n\n\n\n<p>\u201cTodos estos trabajos que estamos haciendo son para evidentemente mejorar la zona, embellecerla, bajar los cables, arbolarla, hacer las banquetas m\u00e1s amplias, incluso tambi\u00e9n los carriles un poco m\u00e1s anchos, y que es una obra que sin duda va a tener much\u00edsimos frutos hacia la comunidad\u201d, expres\u00f3 el Alcalde.<\/p>\n\n\n\n<p>El Secretario de Desarrollo Urbano y Movilidad, Gabriel Todd, dijo que el proyecto de la nueva Alfonso Reyes beneficia a todas las personas.<\/p>\n\n\n\n<p>\u201cEsta es una ampliaci\u00f3n de banqueta plurifuncional, y s\u00ed se cumple con las normas m\u00ednimas requeridas, por supuesto que s\u00ed, m\u00e1s sin embargo, es importante que lo veamos como un eje, como un microparque lineal de escala humana plurifuncional, donde caben peatones, donde cabe el ciclismo urbano, laboral, recreativo\u201d, dijo Todd.<\/p>\n\n\n\n<p>\u201cCon esta obra se busca crear un enfoque integral que favorezca la convivencia arm\u00f3nica entre peatones, ciclistas y automovilistas\u201d, agreg\u00f3 la Secretaria de Infraestructura y Obras P\u00fablicas, \u00c1ngeles Galv\u00e1n, \u201ccon estas acciones, San Pedro refuerza su compromiso con la mejora continua del espacio p\u00fablico y la construcci\u00f3n de entornos urbanos pensados para todos\u201d.<\/p>\n\n\n\n<p>El Secretario General de San Pedro, Luis Susarrey, explic\u00f3 que durante esta fase de construcci\u00f3n se implementar\u00e1 un carril de contraflujo para mantener la circulaci\u00f3n hacia el poniente, mientras los trabajos se desarrollan en el cuerpo norte. Elementos de Polic\u00eda Vial y Agentes Viales estar\u00e1n presentes para agilizar el flujo vehicular y atender emergencias.<\/p>\n\n\n\n<p>El Municipio inform\u00f3 que la ciudadan\u00eda podr\u00e1 consultar dudas, avances, cierres y avisos oficiales en el portal y las redes sociales del Municipio, adem\u00e1s de la l\u00ednea de Atenci\u00f3n Ciudadana 81 1212 1212.<\/p>\n","protected":false},"excerpt":{"rendered":"<p>San Pedro Garza Garc\u00eda El Municipio de San Pedro Garza Garc\u00eda inici\u00f3 este lunes la construcci\u00f3n del proyecto de regeneraci\u00f3n de la avenida Alfonso Reyes, una obra que transformar\u00e1 la movilidad, la seguridad y la imagen urbana de una de las vialidades m\u00e1s importantes. El Alcalde Mauricio Farah encabez\u00f3 el banderazo en el cruce de [&hellip;]<\/p>\n","protected":false},"author":1,"featured_media":23825,"comment_status":"open","ping_status":"open","sticky":false,"template":"","format":"standard","meta":{"om_disable_all_campaigns":false,"_monsterinsights_skip_tracking":false,"_monsterinsights_sitenote_active":false,"_monsterinsights_sitenote_note":"","_monsterinsights_sitenote_category":0,"footnotes":""},"categories":[15,6],"tags":[],"class_list":["post-23822","post","type-post","status-publish","format-standard","has-post-thumbnail","hentry","category-relevante","category-local"],"aioseo_notices":[],"_links":{"self":[{"href":"https:\/\/digitalreportmx.com\/index.php\/wp-json\/wp\/v2\/posts\/23822","targetHints":{"allow":["GET"]}}],"collection":[{"href":"https:\/\/digitalreportmx.com\/index.php\/wp-json\/wp\/v2\/posts"}],"about":[{"href":"https:\/\/digitalreportmx.com\/index.php\/wp-json\/wp\/v2\/types\/post"}],"author":[{"embeddable":true,"href":"https:\/\/digitalreportmx.com\/index.php\/wp-json\/wp\/v2\/users\/1"}],"replies":[{"embeddable":true,"href":"https:\/\/digitalreportmx.com\/index.php\/wp-json\/wp\/v2\/comments?post=23822"}],"version-history":[{"count":1,"href":"https:\/\/digitalreportmx.com\/index.php\/wp-json\/wp\/v2\/posts\/23822\/revisions"}],"predecessor-version":[{"id":23826,"href":"https:\/\/digitalreportmx.com\/index.php\/wp-json\/wp\/v2\/posts\/23822\/revisions\/23826"}],"wp:featuredmedia":[{"embeddable":true,"href":"https:\/\/digitalreportmx.com\/index.php\/wp-json\/wp\/v2\/media\/23825"}],"wp:attachment":[{"href":"https:\/\/digitalreportmx.com\/index.php\/wp-json\/wp\/v2\/media?parent=23822"}],"wp:term":[{"taxonomy":"category","embeddable":true,"href":"https:\/\/digitalreportmx.com\/index.php\/wp-json\/wp\/v2\/categories?post=23822"},{"taxonomy":"post_tag","embeddable":true,"href":"https:\/\/digitalreportmx.com\/index.php\/wp-json\/wp\/v2\/tags?post=23822"}],"curies":[{"name":"wp","href":"https:\/\/api.w.org\/{rel}","templated":true}]}}