{"id":23860,"date":"2025-11-03T17:50:57","date_gmt":"2025-11-03T23:50:57","guid":{"rendered":"https:\/\/digitalreportmx.com\/?p=23860"},"modified":"2025-11-03T17:54:06","modified_gmt":"2025-11-03T23:54:06","slug":"plantea-perla-villarreal-crear-parlamento-para-secundaria","status":"publish","type":"post","link":"https:\/\/digitalreportmx.com\/index.php\/2025\/11\/03\/plantea-perla-villarreal-crear-parlamento-para-secundaria\/","title":{"rendered":"Plantea Perla Villarreal crear Parlamento para Secundaria"},"content":{"rendered":"\n<p><kbd>Monterrey<\/kbd><\/p>\n\n\n\n<p>Con el objetivo de impulsar la participaci\u00f3n de los adolescentesen la vida p\u00fablica y fortalecer su formaci\u00f3n c\u00edvica, la Coordinadora del Grupo Legislativo del PRD, Perla Villarreal Valdez present\u00f3 iniciativa para reformar el Reglamento para el Gobierno Interior del Poder Legislativo para crear el Parlamento de J\u00f3venes en educaci\u00f3n secundaria.<\/p>\n\n\n\n<p>La propuesta, detall\u00f3 la tambi\u00e9n presidenta de la Comisi\u00f3n de Educaci\u00f3n, busca reconocer y dar voz a las y los estudiantes de entre 12 y 15 a\u00f1os, quienes actualmente no cuentan con un espacio formal de deliberaci\u00f3n dentro de las actividades legislativas juveniles, pese a que la Ley de la Juventud del Estado de Nuevo Le\u00f3n los reconoce como parte de este sector.<\/p>\n\n\n\n<p>\u201cLa adolescencia es una etapa formativa clave. Si queremos una ciudadan\u00eda cr\u00edtica, emp\u00e1tica y participativa, debemos abrir las puertas del Congreso a quienes apenas comienzan a imaginar el mundo que quieren construir\u201d, subray\u00f3 en tribuna al leer la iniciativa de reforma.<\/p>\n\n\n\n<figure class=\"wp-block-image size-large\"><img loading=\"lazy\" decoding=\"async\" width=\"1024\" height=\"683\" src=\"https:\/\/digitalreportmx.com\/wp-content\/uploads\/2025\/11\/IMG-20251103-WA0195-1024x683.jpg\" alt=\"\" class=\"wp-image-23865\" srcset=\"https:\/\/digitalreportmx.com\/wp-content\/uploads\/2025\/11\/IMG-20251103-WA0195-1024x683.jpg 1024w, https:\/\/digitalreportmx.com\/wp-content\/uploads\/2025\/11\/IMG-20251103-WA0195-300x200.jpg 300w, https:\/\/digitalreportmx.com\/wp-content\/uploads\/2025\/11\/IMG-20251103-WA0195-768x512.jpg 768w, https:\/\/digitalreportmx.com\/wp-content\/uploads\/2025\/11\/IMG-20251103-WA0195-1536x1024.jpg 1536w, https:\/\/digitalreportmx.com\/wp-content\/uploads\/2025\/11\/IMG-20251103-WA0195-2048x1366.jpg 2048w\" sizes=\"auto, (max-width: 1024px) 100vw, 1024px\" \/><\/figure>\n\n\n\n<p>\u201cLa participaci\u00f3n temprana de los j\u00f3venes en actos c\u00edvicos fortalece habilidades como el liderazgo, pensamiento cr\u00edtico y compromiso social. De acuerdo con estudios como los realizados por educaci\u00f3ngratuita.com, las y los j\u00f3venes que participan en ejercicios deliberativos desde edades tempranas desarrollan capacidades que se mantienen durante toda la vida\u201d, asever\u00f3.<\/p>\n\n\n\n<p>Villarreal Valdez puntualiz\u00f3 que en el ciclo escolar 2024\u20132025, en Nuevo Le\u00f3n cursan la educaci\u00f3n secundaria m\u00e1s de 223 mil estudiantes, una de las poblaciones m\u00e1s amplias del sistema educativo estatal, pero tambi\u00e9n una de las menos escuchadas en espacios de participaci\u00f3n p\u00fablica.<\/p>\n\n\n\n<p>\u201cQueremos que no solo escuchen hablar del Congreso: queremos que lo vivan, lo cuestionen, lo propongan y lo transformen desde adentro\u201d, enfatiz\u00f3.<\/p>\n\n\n\n<p>La iniciativa propone otorgar a la Comisi\u00f3n de Juventud del Congreso la facultad de organizar anualmente el Parlamento de J\u00f3venes en educaci\u00f3n secundaria, agregando el art\u00edculo 39 al Reglamento para el Gobierno Interior.<\/p>\n\n\n\n<figure class=\"wp-block-video\"><video controls src=\"https:\/\/digitalreportmx.com\/wp-content\/uploads\/2025\/11\/VID-20251103-WA0248.mp4\"><\/video><\/figure>\n","protected":false},"excerpt":{"rendered":"<p>Monterrey Con el objetivo de impulsar la participaci\u00f3n de los adolescentesen la vida p\u00fablica y fortalecer su formaci\u00f3n c\u00edvica, la Coordinadora del Grupo Legislativo del PRD, Perla Villarreal Valdez present\u00f3 iniciativa para reformar el Reglamento para el Gobierno Interior del Poder Legislativo para crear el Parlamento de J\u00f3venes en educaci\u00f3n secundaria. La propuesta, detall\u00f3 la [&hellip;]<\/p>\n","protected":false},"author":1,"featured_media":23836,"comment_status":"open","ping_status":"open","sticky":false,"template":"","format":"standard","meta":{"om_disable_all_campaigns":false,"_monsterinsights_skip_tracking":false,"_monsterinsights_sitenote_active":false,"_monsterinsights_sitenote_note":"","_monsterinsights_sitenote_category":0,"footnotes":""},"categories":[16,13],"tags":[],"class_list":["post-23860","post","type-post","status-publish","format-standard","has-post-thumbnail","hentry","category-relevante-2","category-reporte-local"],"aioseo_notices":[],"_links":{"self":[{"href":"https:\/\/digitalreportmx.com\/index.php\/wp-json\/wp\/v2\/posts\/23860","targetHints":{"allow":["GET"]}}],"collection":[{"href":"https:\/\/digitalreportmx.com\/index.php\/wp-json\/wp\/v2\/posts"}],"about":[{"href":"https:\/\/digitalreportmx.com\/index.php\/wp-json\/wp\/v2\/types\/post"}],"author":[{"embeddable":true,"href":"https:\/\/digitalreportmx.com\/index.php\/wp-json\/wp\/v2\/users\/1"}],"replies":[{"embeddable":true,"href":"https:\/\/digitalreportmx.com\/index.php\/wp-json\/wp\/v2\/comments?post=23860"}],"version-history":[{"count":2,"href":"https:\/\/digitalreportmx.com\/index.php\/wp-json\/wp\/v2\/posts\/23860\/revisions"}],"predecessor-version":[{"id":23866,"href":"https:\/\/digitalreportmx.com\/index.php\/wp-json\/wp\/v2\/posts\/23860\/revisions\/23866"}],"wp:featuredmedia":[{"embeddable":true,"href":"https:\/\/digitalreportmx.com\/index.php\/wp-json\/wp\/v2\/media\/23836"}],"wp:attachment":[{"href":"https:\/\/digitalreportmx.com\/index.php\/wp-json\/wp\/v2\/media?parent=23860"}],"wp:term":[{"taxonomy":"category","embeddable":true,"href":"https:\/\/digitalreportmx.com\/index.php\/wp-json\/wp\/v2\/categories?post=23860"},{"taxonomy":"post_tag","embeddable":true,"href":"https:\/\/digitalreportmx.com\/index.php\/wp-json\/wp\/v2\/tags?post=23860"}],"curies":[{"name":"wp","href":"https:\/\/api.w.org\/{rel}","templated":true}]}}