{"id":23881,"date":"2025-11-04T08:49:52","date_gmt":"2025-11-04T14:49:52","guid":{"rendered":"https:\/\/digitalreportmx.com\/?p=23881"},"modified":"2025-11-04T08:50:22","modified_gmt":"2025-11-04T14:50:22","slug":"galardona-nava-a-emprendedores-se-barberias-de-santa-catarina","status":"publish","type":"post","link":"https:\/\/digitalreportmx.com\/index.php\/2025\/11\/04\/galardona-nava-a-emprendedores-se-barberias-de-santa-catarina\/","title":{"rendered":"Galardonan a emprendedores de barber\u00edas de Santa Catarina"},"content":{"rendered":"\n<p><kbd>Santa Catarina<\/kbd><\/p>\n\n\n\n<p>Como reconocimiento a su trayectoria, talento y aportaci\u00f3n al desarrollo econ\u00f3mico del municipio, el Alcalde Jes\u00fas Nava Rivera galardon\u00f3 como Embajadores de Santa Catarina a destacados barberos.<\/p>\n\n\n\n<p>En el marco del 429 Aniversario de la Fundaci\u00f3n de la ciudad, el Edil resalt\u00f3 que estos reconocimientos representan el aporte y liderazgo de los barberos al municipio, as\u00ed como el impulso de la marca Hecho en Santa Catarina.<\/p>\n\n\n\n<p>\u201cUstedes constituyen una parte fundamental del desarrollo econ\u00f3mico y del comercio local. Muchos de ustedes no solo generan autoempleo, sino; adem\u00e1s son fuente de empleo, proximidad y de bienestar en la comunidad\u201d, expres\u00f3.<\/p>\n\n\n\n<p>Entre los homenajeados se encuentra Teodoro Rivera Escalante \u201cDon Lolo\u201d, quien fue reconocido como Embajador de la Barber\u00eda por su destacada trayectoria de m\u00e1s de 70 a\u00f1os en el oficio, siendo un pilar y ejemplo para las nuevas generaciones.<\/p>\n\n\n\n<p>Asimismo, Jos\u00e9 Juan Ram\u00edrez Andrade \u201cPepis\u201d, con m\u00e1s de 40 a\u00f1os de experiencia, distinguido por su labor y por ser un s\u00edmbolo de inclusi\u00f3n y diversidad, y Miguel Gonz\u00e1lez Gonz\u00e1lez, quien marc\u00f3 el inicio de la nueva era de la barber\u00eda en Santa Catarina al comenzar con su emprendimiento en el 2010.<\/p>\n\n\n\n<p>Tambi\u00e9n se reconocieron a los barberos: Luis Eduardo Castillo Puente, Joshua Eduardo Bustamante Garc\u00eda, Eduardo Yesca Garc\u00eda Arcade, Jos\u00e9 Guadalupe Trist\u00e1n Bonilla, Miguel Emiliano Navarro Sosa, Jos\u00e9 Carlos Puente, David Herrera, Alex Castillo Alex, Oscar Aguilar Rodr\u00edguez, Omar Horacio Puente Sandoval, Kevin Alejandro Benavides, David Karim Garc\u00eda Guill\u00e9n, Kenia Jael Hern\u00e1ndez y Mart\u00edn Jair Ledezma Garc\u00eda.<\/p>\n\n\n\n<p>Adem\u00e1s, el Alcalde firm\u00f3 junto con los barberos presentes una carta compromiso para trabajar en colaboraci\u00f3n a fin de fortalecer sus negocios, a trav\u00e9s de mejoras en los reglamentos municipales, como los relacionados con el uso de suelo para facilitar su crecimiento y profesionalizaci\u00f3n en sus establecimientos.<\/p>\n\n\n\n<p>Aunado a ello, Nava Rivera inform\u00f3 que durante todo el mes de noviembre, con motivo del 429 Aniversario de la Fundaci\u00f3n de la ciudad, el Gobierno de Santa Catarina reconocer\u00e1 a ciudadanos destacados en diversos rubros.<\/p>\n","protected":false},"excerpt":{"rendered":"<p>Santa Catarina Como reconocimiento a su trayectoria, talento y aportaci\u00f3n al desarrollo econ\u00f3mico del municipio, el Alcalde Jes\u00fas Nava Rivera galardon\u00f3 como Embajadores de Santa Catarina a destacados barberos. En el marco del 429 Aniversario de la Fundaci\u00f3n de la ciudad, el Edil resalt\u00f3 que estos reconocimientos representan el aporte y liderazgo de los barberos [&hellip;]<\/p>\n","protected":false},"author":1,"featured_media":23883,"comment_status":"open","ping_status":"open","sticky":false,"template":"","format":"standard","meta":{"om_disable_all_campaigns":false,"_monsterinsights_skip_tracking":false,"_monsterinsights_sitenote_active":false,"_monsterinsights_sitenote_note":"","_monsterinsights_sitenote_category":0,"footnotes":""},"categories":[16,13],"tags":[],"class_list":["post-23881","post","type-post","status-publish","format-standard","has-post-thumbnail","hentry","category-relevante-2","category-reporte-local"],"aioseo_notices":[],"_links":{"self":[{"href":"https:\/\/digitalreportmx.com\/index.php\/wp-json\/wp\/v2\/posts\/23881","targetHints":{"allow":["GET"]}}],"collection":[{"href":"https:\/\/digitalreportmx.com\/index.php\/wp-json\/wp\/v2\/posts"}],"about":[{"href":"https:\/\/digitalreportmx.com\/index.php\/wp-json\/wp\/v2\/types\/post"}],"author":[{"embeddable":true,"href":"https:\/\/digitalreportmx.com\/index.php\/wp-json\/wp\/v2\/users\/1"}],"replies":[{"embeddable":true,"href":"https:\/\/digitalreportmx.com\/index.php\/wp-json\/wp\/v2\/comments?post=23881"}],"version-history":[{"count":2,"href":"https:\/\/digitalreportmx.com\/index.php\/wp-json\/wp\/v2\/posts\/23881\/revisions"}],"predecessor-version":[{"id":23885,"href":"https:\/\/digitalreportmx.com\/index.php\/wp-json\/wp\/v2\/posts\/23881\/revisions\/23885"}],"wp:featuredmedia":[{"embeddable":true,"href":"https:\/\/digitalreportmx.com\/index.php\/wp-json\/wp\/v2\/media\/23883"}],"wp:attachment":[{"href":"https:\/\/digitalreportmx.com\/index.php\/wp-json\/wp\/v2\/media?parent=23881"}],"wp:term":[{"taxonomy":"category","embeddable":true,"href":"https:\/\/digitalreportmx.com\/index.php\/wp-json\/wp\/v2\/categories?post=23881"},{"taxonomy":"post_tag","embeddable":true,"href":"https:\/\/digitalreportmx.com\/index.php\/wp-json\/wp\/v2\/tags?post=23881"}],"curies":[{"name":"wp","href":"https:\/\/api.w.org\/{rel}","templated":true}]}}