{"id":23942,"date":"2025-11-04T21:02:26","date_gmt":"2025-11-05T03:02:26","guid":{"rendered":"https:\/\/digitalreportmx.com\/?p=23942"},"modified":"2025-11-04T21:02:53","modified_gmt":"2025-11-05T03:02:53","slug":"supervisa-alcalde-de-san-pedro-trabajos-en-avenida-alfonso-reyes","status":"publish","type":"post","link":"https:\/\/digitalreportmx.com\/index.php\/2025\/11\/04\/supervisa-alcalde-de-san-pedro-trabajos-en-avenida-alfonso-reyes\/","title":{"rendered":"Supervisa Alcalde de San Pedro trabajos en Alfonso Reyes"},"content":{"rendered":"\n<p><kbd>San Pedro Garza Garc\u00eda<\/kbd><\/p>\n\n\n\n<p>El Alcalde de San Pedro Garza Garc\u00eda, Mauricio Farah Giacom\u00e1n, realiz\u00f3 esta tarde un recorrido de supervisi\u00f3n por los trabajos de regeneraci\u00f3n integral de la avenida Alfonso Reyes, con el prop\u00f3sito de constatar el proceso de construcci\u00f3n y mantener un di\u00e1logo cercano con vecinos y comerciantes de la zona.<\/p>\n\n\n\n<p>Farah Giacom\u00e1n recorri\u00f3 la zona de trabajos desde el cruce con la avenida Olimpiadas hacia el poniente, en compa\u00f1\u00eda de la Secretaria de Infraestructura y Obras P\u00fablicas, \u00c1ngeles Galv\u00e1n, y el Secretario Ejecutivo, Juan Pablo Castuera.<\/p>\n\n\n\n<p>\u201cEl d\u00eda de hoy venimos a supervisar la obra de la nueva Alfonso Reyes. La realidad es que estoy muy contento, ah\u00ed vamos. La obra consiste en hacer las banquetas mucho m\u00e1s amplias, los carriles m\u00e1s anchos y, obviamente, todo el cableado subterr\u00e1neo y arbolarla totalmente; vamos a tener tambi\u00e9n un carril para movilidad no motorizada, como bicicletas y scooters\u201d, dijo el Alcalde durante el recorrido.<\/p>\n\n\n\n<figure class=\"wp-block-image size-large\"><img loading=\"lazy\" decoding=\"async\" width=\"1024\" height=\"682\" src=\"https:\/\/digitalreportmx.com\/wp-content\/uploads\/2025\/11\/IMG-20251104-WA0211-1024x682.jpg\" alt=\"\" class=\"wp-image-23944\" srcset=\"https:\/\/digitalreportmx.com\/wp-content\/uploads\/2025\/11\/IMG-20251104-WA0211-1024x682.jpg 1024w, https:\/\/digitalreportmx.com\/wp-content\/uploads\/2025\/11\/IMG-20251104-WA0211-300x200.jpg 300w, https:\/\/digitalreportmx.com\/wp-content\/uploads\/2025\/11\/IMG-20251104-WA0211-768x512.jpg 768w, https:\/\/digitalreportmx.com\/wp-content\/uploads\/2025\/11\/IMG-20251104-WA0211-1536x1024.jpg 1536w, https:\/\/digitalreportmx.com\/wp-content\/uploads\/2025\/11\/IMG-20251104-WA0211-2048x1365.jpg 2048w\" sizes=\"auto, (max-width: 1024px) 100vw, 1024px\" \/><\/figure>\n\n\n\n<p>\u201cLes pido much\u00edsima paciencia, va a quedar incre\u00edble ya lo ver\u00e1n. Un agradecimiento especial a todos los vecinos que se han acercado, que se han sumado a este proyecto\u201d.<\/p>\n\n\n\n<p>El proyecto incluye banquetas amplias para uso compartido por peatones y ciclistas, cableado subterr\u00e1neo, sem\u00e1foros inteligentes, nueva se\u00f1alizaci\u00f3n y la renovaci\u00f3n del arbolado con especies nativas.<\/p>\n\n\n\n<p>La primera etapa del proyecto de regeneraci\u00f3n comprende 3.6 kil\u00f3metros, de avenida Olimpiadas a Jer\u00f3nimo Trevi\u00f1o, con un tiempo estimado de ejecuci\u00f3n de 10 meses.<\/p>\n\n\n\n<p>Los trabajos se realizan de lunes a s\u00e1bado de 8:00 a 20:00 horas y los domingos de 8:00 a 13:00 horas, con cuatro frentes de obra operando de manera simult\u00e1nea.<\/p>\n\n\n\n<p>Para consultar informaci\u00f3n del proyecto, las personas interesadas pueden consultar el portal institucional https:\/\/sanpedro.gob.mx, las redes sociales oficiales o llamar a las l\u00edneas de Atenci\u00f3n Ciudadana 81 1212 1212 o *8181 v\u00eda celular sin costo.<\/p>\n\n\n\n<figure class=\"wp-block-image size-large\"><img loading=\"lazy\" decoding=\"async\" width=\"1024\" height=\"682\" src=\"https:\/\/digitalreportmx.com\/wp-content\/uploads\/2025\/11\/IMG-20251104-WA0217-1024x682.jpg\" alt=\"\" class=\"wp-image-23945\" srcset=\"https:\/\/digitalreportmx.com\/wp-content\/uploads\/2025\/11\/IMG-20251104-WA0217-1024x682.jpg 1024w, https:\/\/digitalreportmx.com\/wp-content\/uploads\/2025\/11\/IMG-20251104-WA0217-300x200.jpg 300w, https:\/\/digitalreportmx.com\/wp-content\/uploads\/2025\/11\/IMG-20251104-WA0217-768x512.jpg 768w, https:\/\/digitalreportmx.com\/wp-content\/uploads\/2025\/11\/IMG-20251104-WA0217-1536x1024.jpg 1536w, https:\/\/digitalreportmx.com\/wp-content\/uploads\/2025\/11\/IMG-20251104-WA0217-2048x1365.jpg 2048w\" sizes=\"auto, (max-width: 1024px) 100vw, 1024px\" \/><\/figure>\n","protected":false},"excerpt":{"rendered":"<p>San Pedro Garza Garc\u00eda El Alcalde de San Pedro Garza Garc\u00eda, Mauricio Farah Giacom\u00e1n, realiz\u00f3 esta tarde un recorrido de supervisi\u00f3n por los trabajos de regeneraci\u00f3n integral de la avenida Alfonso Reyes, con el prop\u00f3sito de constatar el proceso de construcci\u00f3n y mantener un di\u00e1logo cercano con vecinos y comerciantes de la zona. Farah Giacom\u00e1n [&hellip;]<\/p>\n","protected":false},"author":1,"featured_media":23943,"comment_status":"open","ping_status":"open","sticky":false,"template":"","format":"standard","meta":{"om_disable_all_campaigns":false,"_monsterinsights_skip_tracking":false,"_monsterinsights_sitenote_active":false,"_monsterinsights_sitenote_note":"","_monsterinsights_sitenote_category":0,"footnotes":""},"categories":[16,13],"tags":[],"class_list":["post-23942","post","type-post","status-publish","format-standard","has-post-thumbnail","hentry","category-relevante-2","category-reporte-local"],"aioseo_notices":[],"_links":{"self":[{"href":"https:\/\/digitalreportmx.com\/index.php\/wp-json\/wp\/v2\/posts\/23942","targetHints":{"allow":["GET"]}}],"collection":[{"href":"https:\/\/digitalreportmx.com\/index.php\/wp-json\/wp\/v2\/posts"}],"about":[{"href":"https:\/\/digitalreportmx.com\/index.php\/wp-json\/wp\/v2\/types\/post"}],"author":[{"embeddable":true,"href":"https:\/\/digitalreportmx.com\/index.php\/wp-json\/wp\/v2\/users\/1"}],"replies":[{"embeddable":true,"href":"https:\/\/digitalreportmx.com\/index.php\/wp-json\/wp\/v2\/comments?post=23942"}],"version-history":[{"count":2,"href":"https:\/\/digitalreportmx.com\/index.php\/wp-json\/wp\/v2\/posts\/23942\/revisions"}],"predecessor-version":[{"id":23947,"href":"https:\/\/digitalreportmx.com\/index.php\/wp-json\/wp\/v2\/posts\/23942\/revisions\/23947"}],"wp:featuredmedia":[{"embeddable":true,"href":"https:\/\/digitalreportmx.com\/index.php\/wp-json\/wp\/v2\/media\/23943"}],"wp:attachment":[{"href":"https:\/\/digitalreportmx.com\/index.php\/wp-json\/wp\/v2\/media?parent=23942"}],"wp:term":[{"taxonomy":"category","embeddable":true,"href":"https:\/\/digitalreportmx.com\/index.php\/wp-json\/wp\/v2\/categories?post=23942"},{"taxonomy":"post_tag","embeddable":true,"href":"https:\/\/digitalreportmx.com\/index.php\/wp-json\/wp\/v2\/tags?post=23942"}],"curies":[{"name":"wp","href":"https:\/\/api.w.org\/{rel}","templated":true}]}}