{"id":23971,"date":"2025-11-05T11:04:47","date_gmt":"2025-11-05T17:04:47","guid":{"rendered":"https:\/\/digitalreportmx.com\/?p=23971"},"modified":"2025-11-05T11:04:48","modified_gmt":"2025-11-05T17:04:48","slug":"van-caminando-a-la-escuela-en-san-pedro","status":"publish","type":"post","link":"https:\/\/digitalreportmx.com\/index.php\/2025\/11\/05\/van-caminando-a-la-escuela-en-san-pedro\/","title":{"rendered":"Van caminando a la escuela en San Pedro"},"content":{"rendered":"\n<p><kbd>San Pedro Garza Garc\u00eda <\/kbd><\/p>\n\n\n\n<p>Con el objetivo de fomentar los trayectos a pie hacia las escuelas, crear h\u00e1bitos m\u00e1s sostenibles y promover una movilidad segura, el Municipio de San Pedro Garza Garc\u00eda puso en marcha el programa piloto \u201cV\u00e1monos Caminando\u201d, que invita a estudiantes y padres de familia a dejar el autom\u00f3vil y trasladarse caminando de manera segura hacia los planteles educativos.<\/p>\n\n\n\n<p>El programa comenz\u00f3 hace dos semanas y ha contado con el acompa\u00f1amiento de agentes viales, la mascota de la Secretar\u00eda de Seguridad P\u00fablica, Pedro la Ardilla, personal de la Administraci\u00f3n municipal y el Secretario General de San Pedro, Luis Susarrey.<\/p>\n\n\n\n<figure class=\"wp-block-image size-large\"><img loading=\"lazy\" decoding=\"async\" width=\"1024\" height=\"683\" src=\"https:\/\/digitalreportmx.com\/wp-content\/uploads\/2025\/11\/1000158416-1024x683.jpg\" alt=\"\" class=\"wp-image-23972\" srcset=\"https:\/\/digitalreportmx.com\/wp-content\/uploads\/2025\/11\/1000158416-1024x683.jpg 1024w, https:\/\/digitalreportmx.com\/wp-content\/uploads\/2025\/11\/1000158416-300x200.jpg 300w, https:\/\/digitalreportmx.com\/wp-content\/uploads\/2025\/11\/1000158416-768x512.jpg 768w, https:\/\/digitalreportmx.com\/wp-content\/uploads\/2025\/11\/1000158416-1536x1024.jpg 1536w, https:\/\/digitalreportmx.com\/wp-content\/uploads\/2025\/11\/1000158416-2048x1365.jpg 2048w\" sizes=\"auto, (max-width: 1024px) 100vw, 1024px\" \/><\/figure>\n\n\n\n<p>Durante este periodo, un grupo de estudiantes y padres sale desde la zona de Prolongaci\u00f3n Padre Mier, toma Alfonso Reyes y contin\u00faa por Avenida Las Sendas, atravesando las colonias Villa de los Patos y Misi\u00f3n del Valle 1, 2 y 3, hasta llegar a los colegios de la zona.<\/p>\n\n\n\n<p>\u201cEl objetivo es garantizar condiciones de comodidad y seguridad vial para que las familias formen el h\u00e1bito de caminar m\u00e1s y usar menos el veh\u00edculo. Queremos demostrar que s\u00ed se puede\u201d, dijo Susarrey.<\/p>\n\n\n\n<p>El programa se suma a otras acciones del Municipio de San Pedro, como el transporte escolar municipal y el carpool, con los que se busca reducir el tr\u00e1fico alrededor de los colegios y mejorar la calidad de vida en las colonias.<\/p>\n\n\n\n<figure class=\"wp-block-image size-large\"><img loading=\"lazy\" decoding=\"async\" width=\"1024\" height=\"683\" src=\"https:\/\/digitalreportmx.com\/wp-content\/uploads\/2025\/11\/1000158417-1024x683.jpg\" alt=\"\" class=\"wp-image-23973\" srcset=\"https:\/\/digitalreportmx.com\/wp-content\/uploads\/2025\/11\/1000158417-1024x683.jpg 1024w, https:\/\/digitalreportmx.com\/wp-content\/uploads\/2025\/11\/1000158417-300x200.jpg 300w, https:\/\/digitalreportmx.com\/wp-content\/uploads\/2025\/11\/1000158417-768x512.jpg 768w, https:\/\/digitalreportmx.com\/wp-content\/uploads\/2025\/11\/1000158417-1536x1024.jpg 1536w, https:\/\/digitalreportmx.com\/wp-content\/uploads\/2025\/11\/1000158417-2048x1365.jpg 2048w\" sizes=\"auto, (max-width: 1024px) 100vw, 1024px\" \/><\/figure>\n\n\n\n<p>\u201cQuisimos empezar poniendo el ejemplo. Yo acompa\u00f1o personalmente a los ni\u00f1os todos los mi\u00e9rcoles, y la respuesta ha sido muy positiva. Las familias se sienten seguras y los trayectos se han vuelto una experiencia agradable y comunitaria\u201d, agreg\u00f3 Susarrey.<\/p>\n\n\n\n<p>\u201cNo es que la gente no quiera caminar; simplemente no hemos tenido las condiciones adecuadas. Pero cuando hay acompa\u00f1amiento y seguridad, las familias responden\u201d.<\/p>\n","protected":false},"excerpt":{"rendered":"<p>San Pedro Garza Garc\u00eda Con el objetivo de fomentar los trayectos a pie hacia las escuelas, crear h\u00e1bitos m\u00e1s sostenibles y promover una movilidad segura, el Municipio de San Pedro Garza Garc\u00eda puso en marcha el programa piloto \u201cV\u00e1monos Caminando\u201d, que invita a estudiantes y padres de familia a dejar el autom\u00f3vil y trasladarse caminando [&hellip;]<\/p>\n","protected":false},"author":1,"featured_media":23974,"comment_status":"open","ping_status":"open","sticky":false,"template":"","format":"standard","meta":{"om_disable_all_campaigns":false,"_monsterinsights_skip_tracking":false,"_monsterinsights_sitenote_active":false,"_monsterinsights_sitenote_note":"","_monsterinsights_sitenote_category":0,"footnotes":""},"categories":[15,6],"tags":[],"class_list":["post-23971","post","type-post","status-publish","format-standard","has-post-thumbnail","hentry","category-relevante","category-local"],"aioseo_notices":[],"_links":{"self":[{"href":"https:\/\/digitalreportmx.com\/index.php\/wp-json\/wp\/v2\/posts\/23971","targetHints":{"allow":["GET"]}}],"collection":[{"href":"https:\/\/digitalreportmx.com\/index.php\/wp-json\/wp\/v2\/posts"}],"about":[{"href":"https:\/\/digitalreportmx.com\/index.php\/wp-json\/wp\/v2\/types\/post"}],"author":[{"embeddable":true,"href":"https:\/\/digitalreportmx.com\/index.php\/wp-json\/wp\/v2\/users\/1"}],"replies":[{"embeddable":true,"href":"https:\/\/digitalreportmx.com\/index.php\/wp-json\/wp\/v2\/comments?post=23971"}],"version-history":[{"count":1,"href":"https:\/\/digitalreportmx.com\/index.php\/wp-json\/wp\/v2\/posts\/23971\/revisions"}],"predecessor-version":[{"id":23975,"href":"https:\/\/digitalreportmx.com\/index.php\/wp-json\/wp\/v2\/posts\/23971\/revisions\/23975"}],"wp:featuredmedia":[{"embeddable":true,"href":"https:\/\/digitalreportmx.com\/index.php\/wp-json\/wp\/v2\/media\/23974"}],"wp:attachment":[{"href":"https:\/\/digitalreportmx.com\/index.php\/wp-json\/wp\/v2\/media?parent=23971"}],"wp:term":[{"taxonomy":"category","embeddable":true,"href":"https:\/\/digitalreportmx.com\/index.php\/wp-json\/wp\/v2\/categories?post=23971"},{"taxonomy":"post_tag","embeddable":true,"href":"https:\/\/digitalreportmx.com\/index.php\/wp-json\/wp\/v2\/tags?post=23971"}],"curies":[{"name":"wp","href":"https:\/\/api.w.org\/{rel}","templated":true}]}}