{"id":24011,"date":"2025-11-05T18:15:32","date_gmt":"2025-11-06T00:15:32","guid":{"rendered":"https:\/\/digitalreportmx.com\/?p=24011"},"modified":"2025-11-05T20:02:19","modified_gmt":"2025-11-06T02:02:19","slug":"pide-diputada-lupita-ampliar-cobertura-de-la-educacion-inicial","status":"publish","type":"post","link":"https:\/\/digitalreportmx.com\/index.php\/2025\/11\/05\/pide-diputada-lupita-ampliar-cobertura-de-la-educacion-inicial\/","title":{"rendered":"Pide Diputada Lupita ampliar cobertura educativa inicial"},"content":{"rendered":"\n<p><kbd>Monterrey<\/kbd><\/p>\n\n\n\n<p>La diputada Lupita Rodr\u00edguez Mart\u00ednez pidi\u00f3 hoy al Secretario de Educaci\u00f3n, Juan Paura Garc\u00eda, ampliar la cobertura de la educaci\u00f3n inicial y universalizar los conocimientos entre las y los agentes educativos de este nivel.<\/p>\n\n\n\n<p>Durante la tercera sesi\u00f3n de la Glosa del Cuarto Informe de Gobierno, la legisladora del Partido del Trabajo expuso que el Estado debe cubrir a m\u00e1s ni\u00f1as y ni\u00f1os de cero a tres a\u00f1os de edad, por ser una obligaci\u00f3n constitucional.<\/p>\n\n\n\n<p>Actualmente la cobertura en educaci\u00f3n temprana es de 20 mil ni\u00f1as y ni\u00f1os. En el 2024, el INEGI registr\u00f3 79 mil 508 nacimientos en Nuevo Le\u00f3n.<\/p>\n\n\n\n<p>\u201cTambi\u00e9n se debe cubrir el vac\u00edo de c\u00f3mo universalizar los conocimientos entre todas y todos los agentes educativos que atienden a las ni\u00f1as y a los ni\u00f1os en la fase m\u00e1s importante de la vida, que es su primera infancia\u201d, se\u00f1al\u00f3 la congresista del PT.<\/p>\n\n\n\n<figure class=\"wp-block-image size-full\"><img loading=\"lazy\" decoding=\"async\" width=\"836\" height=\"570\" src=\"https:\/\/digitalreportmx.com\/wp-content\/uploads\/2025\/11\/IMG-20251105-WA0156.jpg\" alt=\"\" class=\"wp-image-24016\" srcset=\"https:\/\/digitalreportmx.com\/wp-content\/uploads\/2025\/11\/IMG-20251105-WA0156.jpg 836w, https:\/\/digitalreportmx.com\/wp-content\/uploads\/2025\/11\/IMG-20251105-WA0156-300x205.jpg 300w, https:\/\/digitalreportmx.com\/wp-content\/uploads\/2025\/11\/IMG-20251105-WA0156-768x524.jpg 768w\" sizes=\"auto, (max-width: 836px) 100vw, 836px\" \/><\/figure>\n\n\n\n<p>\u201cEstos son dos vac\u00edos que se deben de cubrir\u201d, asever\u00f3.<\/p>\n\n\n\n<p>El Secretario de Educaci\u00f3n dijo que efectivamente el Sistema Educativo Estatal da cobertura hasta casi los 20 mil ni\u00f1as y ni\u00f1os en educaci\u00f3n inicial.<\/p>\n\n\n\n<p>\u201cSon precisamente 19 mil 661 ni\u00f1as y ni\u00f1os. Crecimos de 17 mil 017 a los 19 mil 661 en este Ciclo Escolar. En el \u00e1rea escolarizada son 11 mil 792 y en la no escolarizada tenemos a 7 mil 879\u201d, especific\u00f3 Paura Garc\u00eda.<\/p>\n\n\n\n<p>Agreg\u00f3 que el servicio educativo tambi\u00e9n se les proporciona a las mujeres desde el embarazo, ya que son atendidas 254 mujeres en etapa de procreaci\u00f3n.<\/p>\n\n\n\n<p>Respecto a la capacitaci\u00f3n del personal docente, inform\u00f3 que es realizada a trav\u00e9s de figuras educativas mediante alianzas con el Tecnol\u00f3gico de Monterrey y empresas muy importantes como Femsa, De Acero y Frisa, al lograr capacitar a 18 mil 820 agentes educativos.<\/p>\n\n\n\n<figure class=\"wp-block-image size-full\"><img loading=\"lazy\" decoding=\"async\" width=\"887\" height=\"636\" src=\"https:\/\/digitalreportmx.com\/wp-content\/uploads\/2025\/11\/IMG-20251105-WA0157.jpg\" alt=\"\" class=\"wp-image-24014\" srcset=\"https:\/\/digitalreportmx.com\/wp-content\/uploads\/2025\/11\/IMG-20251105-WA0157.jpg 887w, https:\/\/digitalreportmx.com\/wp-content\/uploads\/2025\/11\/IMG-20251105-WA0157-300x215.jpg 300w, https:\/\/digitalreportmx.com\/wp-content\/uploads\/2025\/11\/IMG-20251105-WA0157-768x551.jpg 768w\" sizes=\"auto, (max-width: 887px) 100vw, 887px\" \/><\/figure>\n","protected":false},"excerpt":{"rendered":"<p>Monterrey La diputada Lupita Rodr\u00edguez Mart\u00ednez pidi\u00f3 hoy al Secretario de Educaci\u00f3n, Juan Paura Garc\u00eda, ampliar la cobertura de la educaci\u00f3n inicial y universalizar los conocimientos entre las y los agentes educativos de este nivel. Durante la tercera sesi\u00f3n de la Glosa del Cuarto Informe de Gobierno, la legisladora del Partido del Trabajo expuso que [&hellip;]<\/p>\n","protected":false},"author":1,"featured_media":24012,"comment_status":"open","ping_status":"open","sticky":false,"template":"","format":"standard","meta":{"om_disable_all_campaigns":false,"_monsterinsights_skip_tracking":false,"_monsterinsights_sitenote_active":false,"_monsterinsights_sitenote_note":"","_monsterinsights_sitenote_category":0,"footnotes":""},"categories":[1],"tags":[],"class_list":["post-24011","post","type-post","status-publish","format-standard","has-post-thumbnail","hentry","category-blog"],"aioseo_notices":[],"_links":{"self":[{"href":"https:\/\/digitalreportmx.com\/index.php\/wp-json\/wp\/v2\/posts\/24011","targetHints":{"allow":["GET"]}}],"collection":[{"href":"https:\/\/digitalreportmx.com\/index.php\/wp-json\/wp\/v2\/posts"}],"about":[{"href":"https:\/\/digitalreportmx.com\/index.php\/wp-json\/wp\/v2\/types\/post"}],"author":[{"embeddable":true,"href":"https:\/\/digitalreportmx.com\/index.php\/wp-json\/wp\/v2\/users\/1"}],"replies":[{"embeddable":true,"href":"https:\/\/digitalreportmx.com\/index.php\/wp-json\/wp\/v2\/comments?post=24011"}],"version-history":[{"count":3,"href":"https:\/\/digitalreportmx.com\/index.php\/wp-json\/wp\/v2\/posts\/24011\/revisions"}],"predecessor-version":[{"id":24018,"href":"https:\/\/digitalreportmx.com\/index.php\/wp-json\/wp\/v2\/posts\/24011\/revisions\/24018"}],"wp:featuredmedia":[{"embeddable":true,"href":"https:\/\/digitalreportmx.com\/index.php\/wp-json\/wp\/v2\/media\/24012"}],"wp:attachment":[{"href":"https:\/\/digitalreportmx.com\/index.php\/wp-json\/wp\/v2\/media?parent=24011"}],"wp:term":[{"taxonomy":"category","embeddable":true,"href":"https:\/\/digitalreportmx.com\/index.php\/wp-json\/wp\/v2\/categories?post=24011"},{"taxonomy":"post_tag","embeddable":true,"href":"https:\/\/digitalreportmx.com\/index.php\/wp-json\/wp\/v2\/tags?post=24011"}],"curies":[{"name":"wp","href":"https:\/\/api.w.org\/{rel}","templated":true}]}}