{"id":24084,"date":"2025-11-06T22:09:56","date_gmt":"2025-11-07T04:09:56","guid":{"rendered":"https:\/\/digitalreportmx.com\/?p=24084"},"modified":"2025-11-06T22:10:24","modified_gmt":"2025-11-07T04:10:24","slug":"pactan-igualdad-y-mujeres-convenio-interinstitucional","status":"publish","type":"post","link":"https:\/\/digitalreportmx.com\/index.php\/2025\/11\/06\/pactan-igualdad-y-mujeres-convenio-interinstitucional\/","title":{"rendered":"Pactan Igualdad y Mujeres de NL convenio interinstitucional"},"content":{"rendered":"\n<p><kbd>Monterrey<\/kbd>, Nuevo Le\u00f3n<\/p>\n\n\n\n<p>La Secretar\u00eda de Igualdad e Inclusi\u00f3n y la Secretar\u00eda de las Mujeres firmaron el Convenio Marco de colaboraci\u00f3n interinstitucional para la promoci\u00f3n de la inclusi\u00f3n social, la prevenci\u00f3n y atenci\u00f3n de la violencia contra mujeres, ni\u00f1as y adolescentes.<\/p>\n\n\n\n<p>Martha Herrera, Secretaria de Igualdad e Inclusi\u00f3n y Graciela Buchanan, Secretaria de las Mujeres, encabezaron la firma del convenio con el que adem\u00e1s se consolidan, expanden y se fortalecen las oportunidades de servicios y apoyos a las mujeres.<\/p>\n\n\n\n<p>La titular de la Secretaria de Igualdad e Inclusi\u00f3n destac\u00f3 que a trav\u00e9s del convenio ambas secretar\u00edas reconocen que la igualdad, la inclusi\u00f3n y el acceso a una vida libre de violencia son condiciones fundamentales para el desarrollo pleno de las personas y la construcci\u00f3n de comunidades m\u00e1s equitativas.<\/p>\n\n\n\n<p>&#8220;El que tengamos esta firma de convenio hace que la igualdad, la protecci\u00f3n, la justicia social, los derechos humanos se hagan vivos y se materialicen en un espacio en donde todas y todos puedan no nada m\u00e1s sentirse seguros, sino acompa\u00f1ados&#8221;, explic\u00f3.<\/p>\n\n\n\n<p>Con la firma del convenio, las dependencias unen esfuerzos para establecer mecanismos de cooperaci\u00f3n que fortalezcan la prevenci\u00f3n, detecci\u00f3n y atenci\u00f3n integral de la violencia contra mujeres, ni\u00f1as y adolescentes, mediante la integraci\u00f3n de equipos de trabajo interinstitucionales, intercambio de informaci\u00f3n t\u00e9cnica y jur\u00eddica, as\u00ed como difusi\u00f3n y comunicaci\u00f3n de acciones que promuevan la inclusi\u00f3n social y la prevenci\u00f3n, atenci\u00f3n y erradicaci\u00f3n de la violencia de g\u00e9nero.<\/p>\n\n\n\n<p>&#8220;Los centros comunitarios, a partir de hoy, con mucho m\u00e1s contundencia, se vuelven refugios de confianza y espacios de transformaci\u00f3n para ustedes y para sus familias, aqu\u00ed hay estos semilleros de autonom\u00eda, de libertad, de que esos sue\u00f1os que tenemos, porque damos cursos, de tecnolog\u00eda, inteligencia artificial, rob\u00f3tica, y participan muchas personas, mujeres, personas mayores&#8221;, indic\u00f3 Martha Herrera.<\/p>\n\n\n\n<p>La violencia contra las mujeres, ni\u00f1as y adolescentes constituyen una de las manifestaciones m\u00e1s graves de desigualdad y una violaci\u00f3n a los derechos humanos que persiste en la actualidad, afectando su bienestar, su desarrollo integral y el de las comunidades.<\/p>\n\n\n\n<p>En respuesta a esta problem\u00e1tica, el Estado ha impulsado pol\u00edticas p\u00fablicas orientadas a la prevenci\u00f3n, atenci\u00f3n, sanci\u00f3n y erradicaci\u00f3n de la violencia de g\u00e9nero, as\u00ed como el fortalecimiento de la igualdad y la inclusi\u00f3n.<\/p>\n\n\n\n<p>La firma del convenio con el que tambi\u00e9n se visibilizan los avances y la alianza estrat\u00e9gica entre la Secretar\u00eda de Igualdad e Inclusi\u00f3n y la Secretar\u00eda de las Mujeres, se realiz\u00f3 durante un evento en el Centro Comunitario Topo Chico al que asistieron cerca de 300 personas.<\/p>\n\n\n\n<p>Como parte de las actividades se realiz\u00f3 la exhibici\u00f3n de talleres comunitarios como Psicolog\u00eda Infantil, Entre Mujeres y Edad de Oro, adem\u00e1s de la realizaci\u00f3n de din\u00e1micas enfocadas en el fortalecimiento emocional, la reflexi\u00f3n colectiva y el autocuidado.<\/p>\n\n\n\n<figure class=\"wp-block-image size-large\"><img loading=\"lazy\" decoding=\"async\" width=\"1024\" height=\"664\" src=\"https:\/\/digitalreportmx.com\/wp-content\/uploads\/2025\/11\/IMG-20251106-WA0227-1024x664.jpg\" alt=\"\" class=\"wp-image-24086\" srcset=\"https:\/\/digitalreportmx.com\/wp-content\/uploads\/2025\/11\/IMG-20251106-WA0227-1024x664.jpg 1024w, https:\/\/digitalreportmx.com\/wp-content\/uploads\/2025\/11\/IMG-20251106-WA0227-300x195.jpg 300w, https:\/\/digitalreportmx.com\/wp-content\/uploads\/2025\/11\/IMG-20251106-WA0227-768x498.jpg 768w, https:\/\/digitalreportmx.com\/wp-content\/uploads\/2025\/11\/IMG-20251106-WA0227-1536x996.jpg 1536w, https:\/\/digitalreportmx.com\/wp-content\/uploads\/2025\/11\/IMG-20251106-WA0227.jpg 1600w\" sizes=\"auto, (max-width: 1024px) 100vw, 1024px\" \/><\/figure>\n","protected":false},"excerpt":{"rendered":"<p>Monterrey, Nuevo Le\u00f3n La Secretar\u00eda de Igualdad e Inclusi\u00f3n y la Secretar\u00eda de las Mujeres firmaron el Convenio Marco de colaboraci\u00f3n interinstitucional para la promoci\u00f3n de la inclusi\u00f3n social, la prevenci\u00f3n y atenci\u00f3n de la violencia contra mujeres, ni\u00f1as y adolescentes. Martha Herrera, Secretaria de Igualdad e Inclusi\u00f3n y Graciela Buchanan, Secretaria de las Mujeres, [&hellip;]<\/p>\n","protected":false},"author":1,"featured_media":24085,"comment_status":"open","ping_status":"open","sticky":false,"template":"","format":"standard","meta":{"om_disable_all_campaigns":false,"_monsterinsights_skip_tracking":false,"_monsterinsights_sitenote_active":false,"_monsterinsights_sitenote_note":"","_monsterinsights_sitenote_category":0,"footnotes":""},"categories":[16,13],"tags":[],"class_list":["post-24084","post","type-post","status-publish","format-standard","has-post-thumbnail","hentry","category-relevante-2","category-reporte-local"],"aioseo_notices":[],"_links":{"self":[{"href":"https:\/\/digitalreportmx.com\/index.php\/wp-json\/wp\/v2\/posts\/24084","targetHints":{"allow":["GET"]}}],"collection":[{"href":"https:\/\/digitalreportmx.com\/index.php\/wp-json\/wp\/v2\/posts"}],"about":[{"href":"https:\/\/digitalreportmx.com\/index.php\/wp-json\/wp\/v2\/types\/post"}],"author":[{"embeddable":true,"href":"https:\/\/digitalreportmx.com\/index.php\/wp-json\/wp\/v2\/users\/1"}],"replies":[{"embeddable":true,"href":"https:\/\/digitalreportmx.com\/index.php\/wp-json\/wp\/v2\/comments?post=24084"}],"version-history":[{"count":2,"href":"https:\/\/digitalreportmx.com\/index.php\/wp-json\/wp\/v2\/posts\/24084\/revisions"}],"predecessor-version":[{"id":24088,"href":"https:\/\/digitalreportmx.com\/index.php\/wp-json\/wp\/v2\/posts\/24084\/revisions\/24088"}],"wp:featuredmedia":[{"embeddable":true,"href":"https:\/\/digitalreportmx.com\/index.php\/wp-json\/wp\/v2\/media\/24085"}],"wp:attachment":[{"href":"https:\/\/digitalreportmx.com\/index.php\/wp-json\/wp\/v2\/media?parent=24084"}],"wp:term":[{"taxonomy":"category","embeddable":true,"href":"https:\/\/digitalreportmx.com\/index.php\/wp-json\/wp\/v2\/categories?post=24084"},{"taxonomy":"post_tag","embeddable":true,"href":"https:\/\/digitalreportmx.com\/index.php\/wp-json\/wp\/v2\/tags?post=24084"}],"curies":[{"name":"wp","href":"https:\/\/api.w.org\/{rel}","templated":true}]}}