{"id":24176,"date":"2025-11-07T20:13:11","date_gmt":"2025-11-08T02:13:11","guid":{"rendered":"https:\/\/digitalreportmx.com\/?p=24176"},"modified":"2025-11-07T20:22:25","modified_gmt":"2025-11-08T02:22:25","slug":"crean-alianzas-nl-y-adidas-rumbo-al-mundial-de-futbol","status":"publish","type":"post","link":"https:\/\/digitalreportmx.com\/index.php\/2025\/11\/07\/crean-alianzas-nl-y-adidas-rumbo-al-mundial-de-futbol\/","title":{"rendered":"Crean alianzas NL y Adidas rumbo al Mundial de Futbol"},"content":{"rendered":"\n<p><kbd>Monterrey<\/kbd>, Nuevo Le\u00f3n<\/p>\n\n\n\n<p>El Gobernador Samuel Garc\u00eda, Martha Herrera, secretaria de Igualdad e Inclusi\u00f3n, y Mariana Rodr\u00edguez, Titular de AMAR a NL, hicieron equipo y metieron un golazo.<\/p>\n\n\n\n<p>El mandatario estatal  inaugur\u00f3 el programa Adidas + Nuevo Le\u00f3n con el que Adidas M\u00e9xico busca impulsar el talento de 200 ni\u00f1os, ni\u00f1as y j\u00f3venes de 10 a 17 a\u00f1os de Centros Comunitarios, a trav\u00e9s del f\u00fatbol soccer rumbo a la Copa Mundial de F\u00fatbol 2026.<\/p>\n\n\n\n<p>El gobernador dijo que en ese tenor se agilizan los trabajos en la construcci\u00f3n de carreteras, aeropuerto, parques, y canchas a fin de tener todo listo para el evento de talla internacional.<\/p>\n\n\n\n<p>Desde el Macrocentro Bicentenario de la Independencia, a\u00f1adi\u00f3 que como parte del esfuerzo de la transformaci\u00f3n social de los menores, los invitar\u00e1 a vivir de cerca la FIFA por medio de las actividades que se preparan en torno a la justa deportiva, como el Fan Fest.<\/p>\n\n\n\n<figure class=\"wp-block-image size-large\"><img loading=\"lazy\" decoding=\"async\" width=\"1024\" height=\"682\" src=\"https:\/\/digitalreportmx.com\/wp-content\/uploads\/2025\/11\/IMG-20251107-WA0155-1024x682.jpg\" alt=\"\" class=\"wp-image-24185\" srcset=\"https:\/\/digitalreportmx.com\/wp-content\/uploads\/2025\/11\/IMG-20251107-WA0155-1024x682.jpg 1024w, https:\/\/digitalreportmx.com\/wp-content\/uploads\/2025\/11\/IMG-20251107-WA0155-300x200.jpg 300w, https:\/\/digitalreportmx.com\/wp-content\/uploads\/2025\/11\/IMG-20251107-WA0155-768x512.jpg 768w, https:\/\/digitalreportmx.com\/wp-content\/uploads\/2025\/11\/IMG-20251107-WA0155-1536x1023.jpg 1536w, https:\/\/digitalreportmx.com\/wp-content\/uploads\/2025\/11\/IMG-20251107-WA0155.jpg 1600w\" sizes=\"auto, (max-width: 1024px) 100vw, 1024px\" \/><\/figure>\n\n\n\n<p>\u201cEsta ciudad gan\u00f3 para que haya dos juegos en marzo. Todav\u00eda andamos viendo qu\u00e9 equipo vienen, pero yo le propongo a Martha que los equipos de estos 200 ni\u00f1os que ganen los invito al palco a ver el Mundial en marzo, nos vamos as\u00ed uniformados.<\/p>\n\n\n\n<p>\u201cY los voy a invitar a los 200 ni\u00f1os al Fan Fest, los 200 que hoy est\u00e1n aqu\u00ed vamos a ir al Fan Fest a disfrutar\u201d, expres\u00f3 Garc\u00eda Sep\u00falveda.<\/p>\n\n\n\n<p>Asimismo, al reconocer el trabajo realizado en los Centros Comunitarios mencion\u00f3 que se proyecta la construcci\u00f3n de cinco espacios m\u00e1s, as\u00ed como seguir\u00e1n las obras para nuevas canchas en las escuelas, de las que ya se tienen 343.<\/p>\n\n\n\n<p>Martha Herrera, Secretaria de Igualdad e Inclusi\u00f3n, destac\u00f3 que a trav\u00e9s del programa se busca impulsar la transformaci\u00f3n social a trav\u00e9s del f\u00fatbol uniendo esfuerzos para crear un impacto positivo a gran escala, adem\u00e1s de reafirmar el compromiso con el desarrollo integral de las personas.<\/p>\n\n\n\n<p>&#8220;El deporte es un derecho, es un derecho para todas y para todos ustedes, es un motor de transformaci\u00f3n, porque estamos desarrollando capacidades para la vida, estamos desarrollando valores familiares, valores en cada uno de nosotros&#8221;, indic\u00f3.<\/p>\n\n\n\n<p>Al concluir el evento protocolario, la Secretaria de Igualdad e Inclusi\u00f3n, representantes de Adidas M\u00e9xico, Mar\u00eda Fernanda Huerta y de la Fundaci\u00f3n Jorge Campos, Mar\u00eda Eugenia P\u00e9rez, jugaron una cascarita con ni\u00f1as y ni\u00f1os de Centros Comunitarios.<\/p>\n\n\n\n<p>Gracias al impacto positivo del evento deportivo \u201cGoles por la Igualdad\u201d realizado el pasado mes de septiembre en el que participaron m\u00e1s de 280 ni\u00f1os y ni\u00f1as de equipos de f\u00fatbol soccer de 19 Centros Comunitarios de la Secretar\u00eda de Igualdad e Inclusi\u00f3n, se consolid\u00f3 la primera colaboraci\u00f3n del Gobierno de Nuevo Le\u00f3n con Adidas M\u00e9xico.<\/p>\n\n\n\n<p>Este programa de Adidas se centra en el acceso al deporte, la igualdad e inclusi\u00f3n y la protecci\u00f3n del planeta, a trav\u00e9s de diversas iniciativas, programas de desarrollo comunitario y alianzas estrat\u00e9gicas.<\/p>\n\n\n\n<p>Algunas de las acciones de Adidas Social Impact del a\u00f1o 2025, en diferentes estados de la Rep\u00fablica, dieron paso al evento deportivo de colaboraci\u00f3n con el Gobierno de Nuevo Le\u00f3n.<\/p>\n\n\n\n<figure class=\"wp-block-image size-large\"><img loading=\"lazy\" decoding=\"async\" width=\"1024\" height=\"682\" src=\"https:\/\/digitalreportmx.com\/wp-content\/uploads\/2025\/11\/IMG-20251107-WA0156-1024x682.jpg\" alt=\"\" class=\"wp-image-24180\" srcset=\"https:\/\/digitalreportmx.com\/wp-content\/uploads\/2025\/11\/IMG-20251107-WA0156-1024x682.jpg 1024w, https:\/\/digitalreportmx.com\/wp-content\/uploads\/2025\/11\/IMG-20251107-WA0156-300x200.jpg 300w, https:\/\/digitalreportmx.com\/wp-content\/uploads\/2025\/11\/IMG-20251107-WA0156-768x512.jpg 768w, https:\/\/digitalreportmx.com\/wp-content\/uploads\/2025\/11\/IMG-20251107-WA0156-1536x1023.jpg 1536w, https:\/\/digitalreportmx.com\/wp-content\/uploads\/2025\/11\/IMG-20251107-WA0156.jpg 1600w\" sizes=\"auto, (max-width: 1024px) 100vw, 1024px\" \/><\/figure>\n","protected":false},"excerpt":{"rendered":"<p>Monterrey, Nuevo Le\u00f3n El Gobernador Samuel Garc\u00eda, Martha Herrera, secretaria de Igualdad e Inclusi\u00f3n, y Mariana Rodr\u00edguez, Titular de AMAR a NL, hicieron equipo y metieron un golazo. El mandatario estatal inaugur\u00f3 el programa Adidas + Nuevo Le\u00f3n con el que Adidas M\u00e9xico busca impulsar el talento de 200 ni\u00f1os, ni\u00f1as y j\u00f3venes de 10 [&hellip;]<\/p>\n","protected":false},"author":1,"featured_media":24178,"comment_status":"open","ping_status":"open","sticky":false,"template":"","format":"standard","meta":{"om_disable_all_campaigns":false,"_monsterinsights_skip_tracking":false,"_monsterinsights_sitenote_active":false,"_monsterinsights_sitenote_note":"","_monsterinsights_sitenote_category":0,"footnotes":""},"categories":[16,13],"tags":[],"class_list":["post-24176","post","type-post","status-publish","format-standard","has-post-thumbnail","hentry","category-relevante-2","category-reporte-local"],"aioseo_notices":[],"_links":{"self":[{"href":"https:\/\/digitalreportmx.com\/index.php\/wp-json\/wp\/v2\/posts\/24176","targetHints":{"allow":["GET"]}}],"collection":[{"href":"https:\/\/digitalreportmx.com\/index.php\/wp-json\/wp\/v2\/posts"}],"about":[{"href":"https:\/\/digitalreportmx.com\/index.php\/wp-json\/wp\/v2\/types\/post"}],"author":[{"embeddable":true,"href":"https:\/\/digitalreportmx.com\/index.php\/wp-json\/wp\/v2\/users\/1"}],"replies":[{"embeddable":true,"href":"https:\/\/digitalreportmx.com\/index.php\/wp-json\/wp\/v2\/comments?post=24176"}],"version-history":[{"count":4,"href":"https:\/\/digitalreportmx.com\/index.php\/wp-json\/wp\/v2\/posts\/24176\/revisions"}],"predecessor-version":[{"id":24186,"href":"https:\/\/digitalreportmx.com\/index.php\/wp-json\/wp\/v2\/posts\/24176\/revisions\/24186"}],"wp:featuredmedia":[{"embeddable":true,"href":"https:\/\/digitalreportmx.com\/index.php\/wp-json\/wp\/v2\/media\/24178"}],"wp:attachment":[{"href":"https:\/\/digitalreportmx.com\/index.php\/wp-json\/wp\/v2\/media?parent=24176"}],"wp:term":[{"taxonomy":"category","embeddable":true,"href":"https:\/\/digitalreportmx.com\/index.php\/wp-json\/wp\/v2\/categories?post=24176"},{"taxonomy":"post_tag","embeddable":true,"href":"https:\/\/digitalreportmx.com\/index.php\/wp-json\/wp\/v2\/tags?post=24176"}],"curies":[{"name":"wp","href":"https:\/\/api.w.org\/{rel}","templated":true}]}}