{"id":24207,"date":"2025-11-07T21:15:20","date_gmt":"2025-11-08T03:15:20","guid":{"rendered":"https:\/\/digitalreportmx.com\/?p=24207"},"modified":"2025-11-07T21:15:50","modified_gmt":"2025-11-08T03:15:50","slug":"restringiran-vialidad-en-lateral-por-construccion-de-puente-en-huajuco","status":"publish","type":"post","link":"https:\/\/digitalreportmx.com\/index.php\/2025\/11\/07\/restringiran-vialidad-en-lateral-por-construccion-de-puente-en-huajuco\/","title":{"rendered":"Restringir\u00e1n vialidad en lateral por construcci\u00f3n en El Huajuco"},"content":{"rendered":"\n<p><kbd>Monterrey<\/kbd><\/p>\n\n\n\n<p>Para avanzar en la construcci\u00f3n del Circuito Vial del Huajuco, que incluye un puente elevado, el Gobierno de la ciudad limitar\u00e1 la circulaci\u00f3n vehicular en el carril lateral de sur a norte a la altura de la Rioja por la Carretera Nacional.<\/p>\n\n\n\n<p>La medida se aplicar\u00e1 solo por las noches, de las 23:00 horas a las 5:00 del d\u00eda siguiente durante s\u00e1bado, domingo y lunes desde la calle Cervera del R\u00edo hasta avenida La Rioja.<\/p>\n\n\n\n<p>Los d\u00edas 8, 9 y 10 de noviembre se continuar\u00e1 con el montaje de trabes en el sector.<\/p>\n\n\n\n<figure class=\"wp-block-image size-large\"><img loading=\"lazy\" decoding=\"async\" width=\"819\" height=\"1024\" src=\"https:\/\/digitalreportmx.com\/wp-content\/uploads\/2025\/11\/IMG-20251107-WA0047-819x1024.jpg\" alt=\"\" class=\"wp-image-24205\" srcset=\"https:\/\/digitalreportmx.com\/wp-content\/uploads\/2025\/11\/IMG-20251107-WA0047-819x1024.jpg 819w, https:\/\/digitalreportmx.com\/wp-content\/uploads\/2025\/11\/IMG-20251107-WA0047-240x300.jpg 240w, https:\/\/digitalreportmx.com\/wp-content\/uploads\/2025\/11\/IMG-20251107-WA0047-768x960.jpg 768w, https:\/\/digitalreportmx.com\/wp-content\/uploads\/2025\/11\/IMG-20251107-WA0047.jpg 1024w\" sizes=\"auto, (max-width: 819px) 100vw, 819px\" \/><\/figure>\n","protected":false},"excerpt":{"rendered":"<p>Monterrey Para avanzar en la construcci\u00f3n del Circuito Vial del Huajuco, que incluye un puente elevado, el Gobierno de la ciudad limitar\u00e1 la circulaci\u00f3n vehicular en el carril lateral de sur a norte a la altura de la Rioja por la Carretera Nacional. La medida se aplicar\u00e1 solo por las noches, de las 23:00 horas [&hellip;]<\/p>\n","protected":false},"author":1,"featured_media":24208,"comment_status":"open","ping_status":"open","sticky":false,"template":"","format":"standard","meta":{"om_disable_all_campaigns":false,"_monsterinsights_skip_tracking":false,"_monsterinsights_sitenote_active":false,"_monsterinsights_sitenote_note":"","_monsterinsights_sitenote_category":0,"footnotes":""},"categories":[16,13],"tags":[],"class_list":["post-24207","post","type-post","status-publish","format-standard","has-post-thumbnail","hentry","category-relevante-2","category-reporte-local"],"aioseo_notices":[],"_links":{"self":[{"href":"https:\/\/digitalreportmx.com\/index.php\/wp-json\/wp\/v2\/posts\/24207","targetHints":{"allow":["GET"]}}],"collection":[{"href":"https:\/\/digitalreportmx.com\/index.php\/wp-json\/wp\/v2\/posts"}],"about":[{"href":"https:\/\/digitalreportmx.com\/index.php\/wp-json\/wp\/v2\/types\/post"}],"author":[{"embeddable":true,"href":"https:\/\/digitalreportmx.com\/index.php\/wp-json\/wp\/v2\/users\/1"}],"replies":[{"embeddable":true,"href":"https:\/\/digitalreportmx.com\/index.php\/wp-json\/wp\/v2\/comments?post=24207"}],"version-history":[{"count":2,"href":"https:\/\/digitalreportmx.com\/index.php\/wp-json\/wp\/v2\/posts\/24207\/revisions"}],"predecessor-version":[{"id":24210,"href":"https:\/\/digitalreportmx.com\/index.php\/wp-json\/wp\/v2\/posts\/24207\/revisions\/24210"}],"wp:featuredmedia":[{"embeddable":true,"href":"https:\/\/digitalreportmx.com\/index.php\/wp-json\/wp\/v2\/media\/24208"}],"wp:attachment":[{"href":"https:\/\/digitalreportmx.com\/index.php\/wp-json\/wp\/v2\/media?parent=24207"}],"wp:term":[{"taxonomy":"category","embeddable":true,"href":"https:\/\/digitalreportmx.com\/index.php\/wp-json\/wp\/v2\/categories?post=24207"},{"taxonomy":"post_tag","embeddable":true,"href":"https:\/\/digitalreportmx.com\/index.php\/wp-json\/wp\/v2\/tags?post=24207"}],"curies":[{"name":"wp","href":"https:\/\/api.w.org\/{rel}","templated":true}]}}