{"id":24226,"date":"2025-11-08T13:48:44","date_gmt":"2025-11-08T19:48:44","guid":{"rendered":"https:\/\/digitalreportmx.com\/?p=24226"},"modified":"2025-11-08T13:49:31","modified_gmt":"2025-11-08T19:49:31","slug":"renuevan-en-nl-confederacion-de-colegios-de-abogados","status":"publish","type":"post","link":"https:\/\/digitalreportmx.com\/index.php\/2025\/11\/08\/renuevan-en-nl-confederacion-de-colegios-de-abogados\/","title":{"rendered":"Renuevan Confederaci\u00f3n de Colegios de Abogados en NL"},"content":{"rendered":"\n<p><kbd>Monterrey<\/kbd>, NL<br>En ceremonia solemne celebrada en el Museo de Historia Mexicana este viernes rindieron protesta los nuevos consejeros de la delegaci\u00f3n Nuevo Le\u00f3n de la Confederaci\u00f3n Nacional de Colegios y Asociaciones de Abogados de M\u00e9xico, Asociaci\u00f3n Civil.<br>La maestra Lorena Rivera Garc\u00eda es la Delegada Presidenta del Consejo Directivo, y como Vicepresidente fue designado el doctor David Rodr\u00edguez Calder\u00f3n.<br>A su vez la Secretar\u00eda General ser\u00e1 ocupada por Rub\u00ed Sandoval Aguilera y el doctor Fernando Castillo Saucedo asume la Secretar\u00eda de Comunicaci\u00f3n Social.<br>Tambi\u00e9n rindieron protesta de ley otros 22 profesionales de la abogac\u00eda en diversas secretar\u00edas y comit\u00e9s de la delegaci\u00f3n Nuevo Le\u00f3n de CONCAAM.<br>Por su parte el Secretario del Trabajo del Estado, Federico Rojas Veloquio reconoci\u00f3 a la abogac\u00eda que rindi\u00f3 protesta y dijo que Nuevo Le\u00f3n es un Estado de derecho donde sin duda existen buenos abogados en diversas \u00e1reas como en lo penal, judicial, laboral y administrativo y que esta confederaci\u00f3n tendr\u00e1 un gremio amplio y extenso para contribuir al bienestar laboral.<br>El coordinador de Buen Gobierno, Javier Navarro Velasco , en representaci\u00f3n del Poder Ejecutivo, reconoci\u00f3 el profesionalismo y la responsabilidad social de las abogadas y abogados, para lograr consolidar el Estado de Derecho y el respeto a los derechos humanos y constitucionales de los ciudadanos.<br>La nueva presidenta de la delegaci\u00f3n NL de CONCAAM, Lorena Rivera Garc\u00eda, destac\u00f3 los retos que asumen quienes ejercen el Derecho y la profesi\u00f3n de Abogados tras la reforma al Poder Judicial Federal efectuada recientemente.<br>\u201cTenemos muchos retos como Confederaci\u00f3n de Asociaciones y Colegios de Abogados, entre ellas asumir nuevos roles frentes a los cambios y problemas que afrontar la sociedad actual, partiendo desde la defensa y fortalecimiento del Estado de Derecho\u201d, detall\u00f3 Rivera Garc\u00eda.<br>\u201cQueremos tambi\u00e9n atraer a las nuevas generaciones de abogadas y abogados, empezando desde su formaci\u00f3n acad\u00e9mica vinculando para ello a universidades e instituciones de educaci\u00f3n profesional, para poder formar conciencia y responsabilidad que tienen como profesionales de la abogac\u00eda y el Derecho\u201d, comparti\u00f3 el l\u00edder nacional del CONCAAM Lic. Jos\u00e9 Neira Garc\u00eda.<br>El nuevo consejo delegacional de CANAAM Nuevo Le\u00f3n tendr\u00e1 un periodo de dos a\u00f1os de actividades.<\/p>\n\n\n\n<figure class=\"wp-block-image size-large\"><img loading=\"lazy\" decoding=\"async\" width=\"1024\" height=\"768\" src=\"https:\/\/digitalreportmx.com\/wp-content\/uploads\/2025\/11\/IMG-20251108-WA0016-1024x768.jpg\" alt=\"\" class=\"wp-image-24228\" srcset=\"https:\/\/digitalreportmx.com\/wp-content\/uploads\/2025\/11\/IMG-20251108-WA0016-1024x768.jpg 1024w, https:\/\/digitalreportmx.com\/wp-content\/uploads\/2025\/11\/IMG-20251108-WA0016-300x225.jpg 300w, https:\/\/digitalreportmx.com\/wp-content\/uploads\/2025\/11\/IMG-20251108-WA0016-768x576.jpg 768w, https:\/\/digitalreportmx.com\/wp-content\/uploads\/2025\/11\/IMG-20251108-WA0016-1536x1152.jpg 1536w, https:\/\/digitalreportmx.com\/wp-content\/uploads\/2025\/11\/IMG-20251108-WA0016.jpg 1600w\" sizes=\"auto, (max-width: 1024px) 100vw, 1024px\" \/><\/figure>\n","protected":false},"excerpt":{"rendered":"<p>Monterrey, NLEn ceremonia solemne celebrada en el Museo de Historia Mexicana este viernes rindieron protesta los nuevos consejeros de la delegaci\u00f3n Nuevo Le\u00f3n de la Confederaci\u00f3n Nacional de Colegios y Asociaciones de Abogados de M\u00e9xico, Asociaci\u00f3n Civil.La maestra Lorena Rivera Garc\u00eda es la Delegada Presidenta del Consejo Directivo, y como Vicepresidente fue designado el doctor [&hellip;]<\/p>\n","protected":false},"author":1,"featured_media":24227,"comment_status":"open","ping_status":"open","sticky":false,"template":"","format":"standard","meta":{"om_disable_all_campaigns":false,"_monsterinsights_skip_tracking":false,"_monsterinsights_sitenote_active":false,"_monsterinsights_sitenote_note":"","_monsterinsights_sitenote_category":0,"footnotes":""},"categories":[16,13],"tags":[],"class_list":["post-24226","post","type-post","status-publish","format-standard","has-post-thumbnail","hentry","category-relevante-2","category-reporte-local"],"aioseo_notices":[],"_links":{"self":[{"href":"https:\/\/digitalreportmx.com\/index.php\/wp-json\/wp\/v2\/posts\/24226","targetHints":{"allow":["GET"]}}],"collection":[{"href":"https:\/\/digitalreportmx.com\/index.php\/wp-json\/wp\/v2\/posts"}],"about":[{"href":"https:\/\/digitalreportmx.com\/index.php\/wp-json\/wp\/v2\/types\/post"}],"author":[{"embeddable":true,"href":"https:\/\/digitalreportmx.com\/index.php\/wp-json\/wp\/v2\/users\/1"}],"replies":[{"embeddable":true,"href":"https:\/\/digitalreportmx.com\/index.php\/wp-json\/wp\/v2\/comments?post=24226"}],"version-history":[{"count":2,"href":"https:\/\/digitalreportmx.com\/index.php\/wp-json\/wp\/v2\/posts\/24226\/revisions"}],"predecessor-version":[{"id":24230,"href":"https:\/\/digitalreportmx.com\/index.php\/wp-json\/wp\/v2\/posts\/24226\/revisions\/24230"}],"wp:featuredmedia":[{"embeddable":true,"href":"https:\/\/digitalreportmx.com\/index.php\/wp-json\/wp\/v2\/media\/24227"}],"wp:attachment":[{"href":"https:\/\/digitalreportmx.com\/index.php\/wp-json\/wp\/v2\/media?parent=24226"}],"wp:term":[{"taxonomy":"category","embeddable":true,"href":"https:\/\/digitalreportmx.com\/index.php\/wp-json\/wp\/v2\/categories?post=24226"},{"taxonomy":"post_tag","embeddable":true,"href":"https:\/\/digitalreportmx.com\/index.php\/wp-json\/wp\/v2\/tags?post=24226"}],"curies":[{"name":"wp","href":"https:\/\/api.w.org\/{rel}","templated":true}]}}