{"id":24240,"date":"2025-11-08T15:48:38","date_gmt":"2025-11-08T21:48:38","guid":{"rendered":"https:\/\/digitalreportmx.com\/?p=24240"},"modified":"2025-11-08T15:51:51","modified_gmt":"2025-11-08T21:51:51","slug":"hace-yvonne-venegas-click-comparte-su-mirada-artistica-en-san-pedro","status":"publish","type":"post","link":"https:\/\/digitalreportmx.com\/index.php\/2025\/11\/08\/hace-yvonne-venegas-click-comparte-su-mirada-artistica-en-san-pedro\/","title":{"rendered":"Comparte Yvonne Venegas su click art\u00edstico en San Pedro"},"content":{"rendered":"\n<p><kbd>San Pedro Garza Garc\u00eda, Nuevo Le\u00f3n<\/kbd><\/p>\n\n\n\n<p>Entre los temas que la reconocida fot\u00f3grafa Yvonne Venegas comparti\u00f3 con estudiantes de la Escuela de Arte y Dise\u00f1o de&nbsp; la Universidad de Monterrey, abord\u00f3 el proyecto de libro&nbsp;<em>San Pedro Garza Garc\u00eda<\/em>, resultado de su estancia en Monterrey, donde retrat\u00f3 la vida cotidiana, la arquitectura y las din\u00e1micas sociales del municipio.&nbsp;<\/p>\n\n\n\n<p>\u201cCuando llegu\u00e9 a San Pedro ten\u00eda una curiosidad enorme; quer\u00eda entender c\u00f3mo funcionaba la estructura social, c\u00f3mo la gente se relacionaba con la imagen\u201d, coment\u00f3 sobre su inter\u00e9s por capturar lo que ocurre m\u00e1s all\u00e1 del encuadre.<\/p>\n\n\n\n<p>Como parte de la colaboraci\u00f3n entre la Escuela de Arte y Dise\u00f1o de la UDEM y el encuentro CUADRANTE 2025, Venegas ofreci\u00f3 una pl\u00e1tica en el \u00c1gora Oriente del Centro Roberto Garza Sada, donde comparti\u00f3 con estudiantes los procesos, influencias y transformaciones que han definido su trayectoria art\u00edstica.<\/p>\n\n\n\n<p>Realizado el 5 de noviembre, el encuentro reuni\u00f3 a la comunidad universitaria en torno a una conversaci\u00f3n sobre el papel de la fotograf\u00eda como medio de reflexi\u00f3n, memoria y autodescubrimiento.&nbsp;<\/p>\n\n\n\n<p>Egresada del Centro Internacional de Fotograf\u00eda de Nueva York, Venegas ha consolidado una destacada carrera internacional con exposiciones en M\u00e9xico, Estados Unidos, Canad\u00e1, Brasil, Espa\u00f1a y Francia.<\/p>\n\n\n\n<p>CUADRANTE es un encuentro de arte, dise\u00f1o y arquitectura que convierte a Monterrey en un espacio de di\u00e1logo creativo.&nbsp;<\/p>\n\n\n\n<figure class=\"wp-block-image size-large\"><img loading=\"lazy\" decoding=\"async\" width=\"1024\" height=\"683\" src=\"https:\/\/digitalreportmx.com\/wp-content\/uploads\/2025\/11\/Yvonne-Venegas-compartio-algunos-de-sus-proyectos-mas-recientes-en-los-que-combina-el-retrato-el-paisaje-y-la-investigacion-personal-1024x683.jpg\" alt=\"\" class=\"wp-image-24243\" srcset=\"https:\/\/digitalreportmx.com\/wp-content\/uploads\/2025\/11\/Yvonne-Venegas-compartio-algunos-de-sus-proyectos-mas-recientes-en-los-que-combina-el-retrato-el-paisaje-y-la-investigacion-personal-1024x683.jpg 1024w, https:\/\/digitalreportmx.com\/wp-content\/uploads\/2025\/11\/Yvonne-Venegas-compartio-algunos-de-sus-proyectos-mas-recientes-en-los-que-combina-el-retrato-el-paisaje-y-la-investigacion-personal-300x200.jpg 300w, https:\/\/digitalreportmx.com\/wp-content\/uploads\/2025\/11\/Yvonne-Venegas-compartio-algunos-de-sus-proyectos-mas-recientes-en-los-que-combina-el-retrato-el-paisaje-y-la-investigacion-personal-768x512.jpg 768w, https:\/\/digitalreportmx.com\/wp-content\/uploads\/2025\/11\/Yvonne-Venegas-compartio-algunos-de-sus-proyectos-mas-recientes-en-los-que-combina-el-retrato-el-paisaje-y-la-investigacion-personal.jpg 1200w\" sizes=\"auto, (max-width: 1024px) 100vw, 1024px\" \/><\/figure>\n\n\n\n<p>Durante diez d\u00edas, la ciudad se transforma en escenario de exposiciones, conferencias, recorridos, ferias y experiencias que conectan a quienes imaginan y construyen el presente cultural de M\u00e9xico.<\/p>\n\n\n\n<p>Durante su charla, Venegas reflexion\u00f3 sobre c\u00f3mo la pr\u00e1ctica fotogr\u00e1fica se ha convertido en una forma de exploraci\u00f3n personal y de di\u00e1logo con su entorno.&nbsp;<\/p>\n\n\n\n<p>\u201cLa fotograf\u00eda siempre ha sido mi gu\u00eda, incluso en momentos dif\u00edciles. Es un arte de acci\u00f3n que me impulsa a seguir adelante\u201d, comparti\u00f3 ante los estudiantes, al describir la fotograf\u00eda como un medio vivo que surge del encuentro con las personas y las situaciones.<\/p>\n\n\n\n<p>La artista relat\u00f3 tambi\u00e9n algunas experiencias de sus proyectos m\u00e1s emblem\u00e1ticos, como su colaboraci\u00f3n con Fundaci\u00f3n Televisa para retratar el fen\u00f3meno medi\u00e1tico de&nbsp;<em>Rebelde<\/em>, trabajo que posteriormente se convirti\u00f3 en el libro&nbsp;<em>In\u00e9dito<\/em>.&nbsp;<\/p>\n\n\n\n<p>Explic\u00f3 que esta serie le permiti\u00f3 explorar la relaci\u00f3n entre ficci\u00f3n, fama e identidad desde una mirada documental y cr\u00edtica, al tiempo que descubr\u00eda la dimensi\u00f3n m\u00e1s humana de figuras idealizadas por los medios.<\/p>\n\n\n\n<p>Venegas comparti\u00f3 algunos de sus proyectos m\u00e1s recientes, en los que combina el retrato, el paisaje y la investigaci\u00f3n personal para reconstruir la historia familiar y explorar la relaci\u00f3n entre memoria, territorio e identidad.&nbsp;<\/p>\n\n\n\n<p>A trav\u00e9s de estas series, afirm\u00f3, ha encontrado nuevas formas de narrar desde una mirada \u00edntima y cr\u00edtica.<\/p>\n\n\n\n<figure class=\"wp-block-image size-large\"><img loading=\"lazy\" decoding=\"async\" width=\"1024\" height=\"683\" src=\"https:\/\/digitalreportmx.com\/wp-content\/uploads\/2025\/11\/Yvonne-Venegas-ofrecio-una-platica-en-el-Agora-Oriente-del-Centro-Roberto-Garza-Sada-ante-estudidantes-de-la-UDEM-1024x683.jpg\" alt=\"\" class=\"wp-image-24245\" srcset=\"https:\/\/digitalreportmx.com\/wp-content\/uploads\/2025\/11\/Yvonne-Venegas-ofrecio-una-platica-en-el-Agora-Oriente-del-Centro-Roberto-Garza-Sada-ante-estudidantes-de-la-UDEM-1024x683.jpg 1024w, https:\/\/digitalreportmx.com\/wp-content\/uploads\/2025\/11\/Yvonne-Venegas-ofrecio-una-platica-en-el-Agora-Oriente-del-Centro-Roberto-Garza-Sada-ante-estudidantes-de-la-UDEM-300x200.jpg 300w, https:\/\/digitalreportmx.com\/wp-content\/uploads\/2025\/11\/Yvonne-Venegas-ofrecio-una-platica-en-el-Agora-Oriente-del-Centro-Roberto-Garza-Sada-ante-estudidantes-de-la-UDEM-768x512.jpg 768w, https:\/\/digitalreportmx.com\/wp-content\/uploads\/2025\/11\/Yvonne-Venegas-ofrecio-una-platica-en-el-Agora-Oriente-del-Centro-Roberto-Garza-Sada-ante-estudidantes-de-la-UDEM.jpg 1200w\" sizes=\"auto, (max-width: 1024px) 100vw, 1024px\" \/><\/figure>\n","protected":false},"excerpt":{"rendered":"<p>San Pedro Garza Garc\u00eda, Nuevo Le\u00f3n Entre los temas que la reconocida fot\u00f3grafa Yvonne Venegas comparti\u00f3 con estudiantes de la Escuela de Arte y Dise\u00f1o de&nbsp; la Universidad de Monterrey, abord\u00f3 el proyecto de libro&nbsp;San Pedro Garza Garc\u00eda, resultado de su estancia en Monterrey, donde retrat\u00f3 la vida cotidiana, la arquitectura y las din\u00e1micas sociales [&hellip;]<\/p>\n","protected":false},"author":1,"featured_media":24241,"comment_status":"open","ping_status":"open","sticky":false,"template":"","format":"standard","meta":{"om_disable_all_campaigns":false,"_monsterinsights_skip_tracking":false,"_monsterinsights_sitenote_active":false,"_monsterinsights_sitenote_note":"","_monsterinsights_sitenote_category":0,"footnotes":""},"categories":[16,13],"tags":[],"class_list":["post-24240","post","type-post","status-publish","format-standard","has-post-thumbnail","hentry","category-relevante-2","category-reporte-local"],"aioseo_notices":[],"_links":{"self":[{"href":"https:\/\/digitalreportmx.com\/index.php\/wp-json\/wp\/v2\/posts\/24240","targetHints":{"allow":["GET"]}}],"collection":[{"href":"https:\/\/digitalreportmx.com\/index.php\/wp-json\/wp\/v2\/posts"}],"about":[{"href":"https:\/\/digitalreportmx.com\/index.php\/wp-json\/wp\/v2\/types\/post"}],"author":[{"embeddable":true,"href":"https:\/\/digitalreportmx.com\/index.php\/wp-json\/wp\/v2\/users\/1"}],"replies":[{"embeddable":true,"href":"https:\/\/digitalreportmx.com\/index.php\/wp-json\/wp\/v2\/comments?post=24240"}],"version-history":[{"count":4,"href":"https:\/\/digitalreportmx.com\/index.php\/wp-json\/wp\/v2\/posts\/24240\/revisions"}],"predecessor-version":[{"id":24248,"href":"https:\/\/digitalreportmx.com\/index.php\/wp-json\/wp\/v2\/posts\/24240\/revisions\/24248"}],"wp:featuredmedia":[{"embeddable":true,"href":"https:\/\/digitalreportmx.com\/index.php\/wp-json\/wp\/v2\/media\/24241"}],"wp:attachment":[{"href":"https:\/\/digitalreportmx.com\/index.php\/wp-json\/wp\/v2\/media?parent=24240"}],"wp:term":[{"taxonomy":"category","embeddable":true,"href":"https:\/\/digitalreportmx.com\/index.php\/wp-json\/wp\/v2\/categories?post=24240"},{"taxonomy":"post_tag","embeddable":true,"href":"https:\/\/digitalreportmx.com\/index.php\/wp-json\/wp\/v2\/tags?post=24240"}],"curies":[{"name":"wp","href":"https:\/\/api.w.org\/{rel}","templated":true}]}}