{"id":24276,"date":"2025-11-09T13:38:17","date_gmt":"2025-11-09T19:38:17","guid":{"rendered":"https:\/\/digitalreportmx.com\/?p=24276"},"modified":"2025-11-09T13:38:18","modified_gmt":"2025-11-09T19:38:18","slug":"llaman-a-construir-agenda-urbana-sostenible-y-resiliente","status":"publish","type":"post","link":"https:\/\/digitalreportmx.com\/index.php\/2025\/11\/09\/llaman-a-construir-agenda-urbana-sostenible-y-resiliente\/","title":{"rendered":"Llaman a construir agenda urbana sostenible y resiliente"},"content":{"rendered":"\n<p><kbd>Monterrey<\/kbd> <\/p>\n\n\n\n<p>En el marco del D\u00eda Mundial del Urbanismo, especialistas, acad\u00e9micos, funcionarios p\u00fablicos y representantes de la sociedad civil coincidieron en la importancia de construir una agenda urbana compartida, sostenible y resiliente, basada en la coordinaci\u00f3n y el compromiso de todos los sectores.<\/p>\n\n\n\n<p>El llamado se realiz\u00f3 durante el \u201cEncuentro Urbano 2025\u201d, organizado por la Sociedad de Urbanismo Regi\u00f3n Monterrey S.A. de C.V. (SURMAC) y el Colegio de Arquitectos de Nuevo Le\u00f3n, con el objetivo de reflexionar sobre los desaf\u00edos actuales de la metr\u00f3poli y generar propuestas que impulsen una planificaci\u00f3n urbana m\u00e1s equitativa y sostenible.<\/p>\n\n\n\n<figure class=\"wp-block-image size-large\"><img loading=\"lazy\" decoding=\"async\" width=\"1024\" height=\"683\" src=\"https:\/\/digitalreportmx.com\/wp-content\/uploads\/2025\/11\/IMG-20251108-WA0109-1024x683.jpg\" alt=\"\" class=\"wp-image-24278\" srcset=\"https:\/\/digitalreportmx.com\/wp-content\/uploads\/2025\/11\/IMG-20251108-WA0109-1024x683.jpg 1024w, https:\/\/digitalreportmx.com\/wp-content\/uploads\/2025\/11\/IMG-20251108-WA0109-300x200.jpg 300w, https:\/\/digitalreportmx.com\/wp-content\/uploads\/2025\/11\/IMG-20251108-WA0109-768x512.jpg 768w, https:\/\/digitalreportmx.com\/wp-content\/uploads\/2025\/11\/IMG-20251108-WA0109.jpg 1368w\" sizes=\"auto, (max-width: 1024px) 100vw, 1024px\" \/><\/figure>\n\n\n\n<p>Durante la inauguraci\u00f3n, Pricila D\u00e1vila, presidenta de la SURMAC, destac\u00f3 que esta conmemoraci\u00f3n no solo celebra el urbanismo, sino la posibilidad de actuar colectivamente para construir la ciudad que todos merecemos.<\/p>\n\n\n\n<p>\u201cHoy queremos enfatizar que ning\u00fan sector puede avanzar solo. Necesitamos escucharnos, encontrar coincidencias y colaborar para alcanzar una visi\u00f3n compartida de ciudad: una ciudad sostenible, justa, resiliente y capaz de adaptarse al contexto cambiante que vivimos\u201d, expres\u00f3 D\u00e1vila.<\/p>\n\n\n\n<p>\u201cEl urbanismo tiene una responsabilidad enorme: crear comunidades capaces de ofrecer calidad de vida sin comprometer nuestro entorno ni reproducir desigualdades. Cada decisi\u00f3n, cada pol\u00edtica p\u00fablica y cada acci\u00f3n colectiva deja huella: construye \u2014o limita\u2014 nuestro futuro\u201d, afirm\u00f3.<\/p>\n\n\n\n<figure class=\"wp-block-image size-large\"><img loading=\"lazy\" decoding=\"async\" width=\"1024\" height=\"683\" src=\"https:\/\/digitalreportmx.com\/wp-content\/uploads\/2025\/11\/IMG-20251108-WA0106-1024x683.jpg\" alt=\"\" class=\"wp-image-24279\" srcset=\"https:\/\/digitalreportmx.com\/wp-content\/uploads\/2025\/11\/IMG-20251108-WA0106-1024x683.jpg 1024w, https:\/\/digitalreportmx.com\/wp-content\/uploads\/2025\/11\/IMG-20251108-WA0106-300x200.jpg 300w, https:\/\/digitalreportmx.com\/wp-content\/uploads\/2025\/11\/IMG-20251108-WA0106-768x512.jpg 768w, https:\/\/digitalreportmx.com\/wp-content\/uploads\/2025\/11\/IMG-20251108-WA0106-1536x1024.jpg 1536w, https:\/\/digitalreportmx.com\/wp-content\/uploads\/2025\/11\/IMG-20251108-WA0106.jpg 1600w\" sizes=\"auto, (max-width: 1024px) 100vw, 1024px\" \/><\/figure>\n\n\n\n<p>El evento reuni\u00f3 a destacados expertos como Clara Luz Flores, ex alcaldesa de Escobedo y funcionaria federal de la Secretar\u00eda de Gobernaci\u00f3n; Hern\u00e1n Villarreal, Secretario de Movilidad y Planeaci\u00f3n Urbana del Gobierno de Estado; Juan Ignacio Barrag\u00e1n, Director Adjunto de Agua y Drenaje de Monterrey, Elisa Ramos, de la Secretar\u00eda de Desarrollo Urbano de Escobedo; y el experto en vivienda y regeneraci\u00f3n urbana Washington Fajardo.<\/p>\n\n\n\n<p>Durante las mesas de di\u00e1logo, se analizaron cuatro sectores clave para el desarrollo urbano: asociaciones profesionales, acci\u00f3n social, academia y sector p\u00fablico, subrayando la necesidad de fortalecer la colaboraci\u00f3n interinstitucional y la participaci\u00f3n ciudadana para responder a los retos de la regi\u00f3n metropolitana.<\/p>\n\n\n\n<p>El Presidente del Colegio de Arquitectos de Nuevo Le\u00f3n, Marcelo Espinoza, destac\u00f3 adem\u00e1s la alianza entre el Colegio de Arquitectos de Nuevo Le\u00f3n y la SURMAC, instituciones con una larga trayectoria en la planeaci\u00f3n y gesti\u00f3n urbana, que hoy unen esfuerzos para convocar a nuevas voces y generaciones en torno a una visi\u00f3n integral de ciudad.<\/p>\n\n\n\n<figure class=\"wp-block-image size-large\"><img loading=\"lazy\" decoding=\"async\" width=\"1024\" height=\"683\" src=\"https:\/\/digitalreportmx.com\/wp-content\/uploads\/2025\/11\/IMG-20251108-WA0108-1024x683.jpg\" alt=\"\" class=\"wp-image-24280\" srcset=\"https:\/\/digitalreportmx.com\/wp-content\/uploads\/2025\/11\/IMG-20251108-WA0108-1024x683.jpg 1024w, https:\/\/digitalreportmx.com\/wp-content\/uploads\/2025\/11\/IMG-20251108-WA0108-300x200.jpg 300w, https:\/\/digitalreportmx.com\/wp-content\/uploads\/2025\/11\/IMG-20251108-WA0108-768x512.jpg 768w, https:\/\/digitalreportmx.com\/wp-content\/uploads\/2025\/11\/IMG-20251108-WA0108.jpg 1326w\" sizes=\"auto, (max-width: 1024px) 100vw, 1024px\" \/><\/figure>\n\n\n\n<p>\u201cEste tipo de encuentros tiene el valor de ver desde distintas miradas nuestra ciudad y nuestro estado, pero lo que nos deja una mayor lecci\u00f3n es que dos organizaciones gremiales como el Colegio de Arquitectos y la SURMAC pueden trabajar juntos, de manera estrat\u00e9gica, para que la incidencia, el impacto, el compartir informaci\u00f3n, tenga un mayor alcance y por lo tanto una mejor repercusi\u00f3n en la sociedad de Monterrey\u201d, asegur\u00f3.<\/p>\n\n\n\n<p>En el encuentro desarrollado en el Museo Metropolitano de Monterrey, tambi\u00e9n participaron, Elizabeth Garza, Presidenta del Colegio de Ingenieros de Nuevo Le\u00f3n, Selene Mart\u00ednez Guajardo, Directora del Observatorio del Aire, Karina Soto Canales, represente de Arquitectas.MX.<\/p>\n\n\n\n<figure class=\"wp-block-image size-large\"><img loading=\"lazy\" decoding=\"async\" width=\"1024\" height=\"683\" src=\"https:\/\/digitalreportmx.com\/wp-content\/uploads\/2025\/11\/IMG-20251108-WA0110-1024x683.jpg\" alt=\"\" class=\"wp-image-24281\" srcset=\"https:\/\/digitalreportmx.com\/wp-content\/uploads\/2025\/11\/IMG-20251108-WA0110-1024x683.jpg 1024w, https:\/\/digitalreportmx.com\/wp-content\/uploads\/2025\/11\/IMG-20251108-WA0110-300x200.jpg 300w, https:\/\/digitalreportmx.com\/wp-content\/uploads\/2025\/11\/IMG-20251108-WA0110-768x512.jpg 768w, https:\/\/digitalreportmx.com\/wp-content\/uploads\/2025\/11\/IMG-20251108-WA0110.jpg 1368w\" sizes=\"auto, (max-width: 1024px) 100vw, 1024px\" \/><\/figure>\n\n\n\n<p>As\u00ed mismo Eduardo Aguilar, del ITESM, Ana Cristina Garc\u00eda-Luna de la UDEM, Diana Padilla de la UANL y Carlos Gauc\u00edn de la Universidad Regiomontana, al igual que Gala Rojas de Salvemos el Parque Libertad A.C., Sheila Ferniza de Pueblo Bicicletero Rom\u00e1n Saucedo de Ixtle Cooperativa y Eduardo Valdez del Colectivo Zenderio.<\/p>\n\n\n\n<p>Cabe destacar que el \u201cEncuentro Urbano 2025\u201d cont\u00f3 con el apoyo de Marfil Desarrollo \u00c9tico, UCalli Ser y Hacer, MillerKnoll y Arquitectas.mx, quienes respaldaron este espacio de reflexi\u00f3n y construcci\u00f3n colectiva.<\/p>\n","protected":false},"excerpt":{"rendered":"<p>Monterrey En el marco del D\u00eda Mundial del Urbanismo, especialistas, acad\u00e9micos, funcionarios p\u00fablicos y representantes de la sociedad civil coincidieron en la importancia de construir una agenda urbana compartida, sostenible y resiliente, basada en la coordinaci\u00f3n y el compromiso de todos los sectores. El llamado se realiz\u00f3 durante el \u201cEncuentro Urbano 2025\u201d, organizado por la [&hellip;]<\/p>\n","protected":false},"author":1,"featured_media":24277,"comment_status":"open","ping_status":"open","sticky":false,"template":"","format":"standard","meta":{"om_disable_all_campaigns":false,"_monsterinsights_skip_tracking":false,"_monsterinsights_sitenote_active":false,"_monsterinsights_sitenote_note":"","_monsterinsights_sitenote_category":0,"footnotes":""},"categories":[16,13],"tags":[],"class_list":["post-24276","post","type-post","status-publish","format-standard","has-post-thumbnail","hentry","category-relevante-2","category-reporte-local"],"aioseo_notices":[],"_links":{"self":[{"href":"https:\/\/digitalreportmx.com\/index.php\/wp-json\/wp\/v2\/posts\/24276","targetHints":{"allow":["GET"]}}],"collection":[{"href":"https:\/\/digitalreportmx.com\/index.php\/wp-json\/wp\/v2\/posts"}],"about":[{"href":"https:\/\/digitalreportmx.com\/index.php\/wp-json\/wp\/v2\/types\/post"}],"author":[{"embeddable":true,"href":"https:\/\/digitalreportmx.com\/index.php\/wp-json\/wp\/v2\/users\/1"}],"replies":[{"embeddable":true,"href":"https:\/\/digitalreportmx.com\/index.php\/wp-json\/wp\/v2\/comments?post=24276"}],"version-history":[{"count":1,"href":"https:\/\/digitalreportmx.com\/index.php\/wp-json\/wp\/v2\/posts\/24276\/revisions"}],"predecessor-version":[{"id":24282,"href":"https:\/\/digitalreportmx.com\/index.php\/wp-json\/wp\/v2\/posts\/24276\/revisions\/24282"}],"wp:featuredmedia":[{"embeddable":true,"href":"https:\/\/digitalreportmx.com\/index.php\/wp-json\/wp\/v2\/media\/24277"}],"wp:attachment":[{"href":"https:\/\/digitalreportmx.com\/index.php\/wp-json\/wp\/v2\/media?parent=24276"}],"wp:term":[{"taxonomy":"category","embeddable":true,"href":"https:\/\/digitalreportmx.com\/index.php\/wp-json\/wp\/v2\/categories?post=24276"},{"taxonomy":"post_tag","embeddable":true,"href":"https:\/\/digitalreportmx.com\/index.php\/wp-json\/wp\/v2\/tags?post=24276"}],"curies":[{"name":"wp","href":"https:\/\/api.w.org\/{rel}","templated":true}]}}