{"id":24283,"date":"2025-11-09T13:47:38","date_gmt":"2025-11-09T19:47:38","guid":{"rendered":"https:\/\/digitalreportmx.com\/?p=24283"},"modified":"2025-11-09T13:47:40","modified_gmt":"2025-11-09T19:47:40","slug":"celebra-monterrey-primera-feria-ambiental-2025","status":"publish","type":"post","link":"https:\/\/digitalreportmx.com\/index.php\/2025\/11\/09\/celebra-monterrey-primera-feria-ambiental-2025\/","title":{"rendered":"Celebra Monterrey primera Feria Ambiental 2025"},"content":{"rendered":"\n<p><kbd>Monterrey<\/kbd><\/p>\n\n\n\n<p>Para impulsar la conciencia sobre el cuidado de la naturaleza, por primera vez, el Gobierno de Monterrey, a trav\u00e9s de la Secretar\u00eda de Desarrollo Urbano Sostenible (Seduso) llev\u00f3 a cabo la Feria Ambiental 2025.<\/p>\n\n\n\n<p>En los alrededores del Museo Metropolitano de Monterrey y la Plaza Hidalgo se ofrecieron talleres de germinaci\u00f3n, de manualidades con material reciclado, el re-uso de ropa y textiles, adem\u00e1s de c\u00f3mo establecer jardines polinizadores. Tambi\u00e9n hubo un mercadito de productos ecol\u00f3gicos.<\/p>\n\n\n\n<p>Fernando Marg\u00e1in Sada, jefe de Gabinete destac\u00f3 la importancia de la feria y el compromiso del municipio con la participaci\u00f3n ciudadana.<\/p>\n\n\n\n<p>\u201cEstamos muy contentos porque este es un evento in\u00e9dito que impulsa la cultura ambiental y el trabajo en conjunto con la comunidad, es un reflejo de la misi\u00f3n y el compromiso del alcalde Adri\u00e1n de la Garza y de todo el equipo municipal por mejorar la calidad de vida de quienes vivimos en Monterrey\u201d, expres\u00f3.<\/p>\n\n\n\n<figure class=\"wp-block-image size-large\"><img loading=\"lazy\" decoding=\"async\" width=\"1024\" height=\"770\" src=\"https:\/\/digitalreportmx.com\/wp-content\/uploads\/2025\/11\/IMG-20251109-WA0075-1024x770.jpg\" alt=\"\" class=\"wp-image-24285\" srcset=\"https:\/\/digitalreportmx.com\/wp-content\/uploads\/2025\/11\/IMG-20251109-WA0075-1024x770.jpg 1024w, https:\/\/digitalreportmx.com\/wp-content\/uploads\/2025\/11\/IMG-20251109-WA0075-300x226.jpg 300w, https:\/\/digitalreportmx.com\/wp-content\/uploads\/2025\/11\/IMG-20251109-WA0075-768x577.jpg 768w, https:\/\/digitalreportmx.com\/wp-content\/uploads\/2025\/11\/IMG-20251109-WA0075-1536x1155.jpg 1536w, https:\/\/digitalreportmx.com\/wp-content\/uploads\/2025\/11\/IMG-20251109-WA0075.jpg 1600w\" sizes=\"auto, (max-width: 1024px) 100vw, 1024px\" \/><\/figure>\n\n\n\n<p>Ante m\u00e1s de 200 asistentes, se premiaron a los ganadores de los concursos ambientales de dibujo infantil y de fotograf\u00eda juvenil.<\/p>\n\n\n\n<p>Las obras ganadoras estar\u00e1n exponi\u00e9ndose por un tiempo limitado en el Museo Metropolitano.<\/p>\n\n\n\n<p>Fernando Guti\u00e9rrez Moreno, titular de Seduso, subray\u00f3 la relevancia de los concursos y del arte como medio de sensibilizaci\u00f3n ambiental.<\/p>\n\n\n\n<figure class=\"wp-block-image size-large\"><img loading=\"lazy\" decoding=\"async\" width=\"1024\" height=\"770\" src=\"https:\/\/digitalreportmx.com\/wp-content\/uploads\/2025\/11\/IMG-20251109-WA0074-1024x770.jpg\" alt=\"\" class=\"wp-image-24286\" srcset=\"https:\/\/digitalreportmx.com\/wp-content\/uploads\/2025\/11\/IMG-20251109-WA0074-1024x770.jpg 1024w, https:\/\/digitalreportmx.com\/wp-content\/uploads\/2025\/11\/IMG-20251109-WA0074-300x226.jpg 300w, https:\/\/digitalreportmx.com\/wp-content\/uploads\/2025\/11\/IMG-20251109-WA0074-768x577.jpg 768w, https:\/\/digitalreportmx.com\/wp-content\/uploads\/2025\/11\/IMG-20251109-WA0074-1536x1155.jpg 1536w, https:\/\/digitalreportmx.com\/wp-content\/uploads\/2025\/11\/IMG-20251109-WA0074.jpg 1600w\" sizes=\"auto, (max-width: 1024px) 100vw, 1024px\" \/><\/figure>\n\n\n\n<p>\u201cMonterrey es donde nos movemos, existimos y somos, parte de nuestra historia y nuestro futuro est\u00e1 aqu\u00ed; y este compromiso que comentaba el jefe de gabinete es justamente la conciencia ambiental, el trabajo dedicado y la observaci\u00f3n atenta\u201d, afirm\u00f3.<\/p>\n\n\n\n<p>En el evento estuvieron presentes Maday Cant\u00fa, directora General del Instituto de la Juventud Regia; Silvia Nancy Garc\u00eda, directora general de Turismo es Cultura; Mart\u00edn Mendoza Lozano, director general para un Desarrollo Verde; y Alicia Steele, directora de Atenci\u00f3n al Cambio Clim\u00e1tico.<\/p>\n\n\n\n<figure class=\"wp-block-image size-large\"><img loading=\"lazy\" decoding=\"async\" width=\"1024\" height=\"770\" src=\"https:\/\/digitalreportmx.com\/wp-content\/uploads\/2025\/11\/IMG-20251109-WA0077-1024x770.jpg\" alt=\"\" class=\"wp-image-24287\" srcset=\"https:\/\/digitalreportmx.com\/wp-content\/uploads\/2025\/11\/IMG-20251109-WA0077-1024x770.jpg 1024w, https:\/\/digitalreportmx.com\/wp-content\/uploads\/2025\/11\/IMG-20251109-WA0077-300x226.jpg 300w, https:\/\/digitalreportmx.com\/wp-content\/uploads\/2025\/11\/IMG-20251109-WA0077-768x577.jpg 768w, https:\/\/digitalreportmx.com\/wp-content\/uploads\/2025\/11\/IMG-20251109-WA0077-1536x1155.jpg 1536w, https:\/\/digitalreportmx.com\/wp-content\/uploads\/2025\/11\/IMG-20251109-WA0077.jpg 1600w\" sizes=\"auto, (max-width: 1024px) 100vw, 1024px\" \/><\/figure>\n","protected":false},"excerpt":{"rendered":"<p>Monterrey Para impulsar la conciencia sobre el cuidado de la naturaleza, por primera vez, el Gobierno de Monterrey, a trav\u00e9s de la Secretar\u00eda de Desarrollo Urbano Sostenible (Seduso) llev\u00f3 a cabo la Feria Ambiental 2025. En los alrededores del Museo Metropolitano de Monterrey y la Plaza Hidalgo se ofrecieron talleres de germinaci\u00f3n, de manualidades con [&hellip;]<\/p>\n","protected":false},"author":1,"featured_media":24284,"comment_status":"open","ping_status":"open","sticky":false,"template":"","format":"standard","meta":{"om_disable_all_campaigns":false,"_monsterinsights_skip_tracking":false,"_monsterinsights_sitenote_active":false,"_monsterinsights_sitenote_note":"","_monsterinsights_sitenote_category":0,"footnotes":""},"categories":[16,13],"tags":[],"class_list":["post-24283","post","type-post","status-publish","format-standard","has-post-thumbnail","hentry","category-relevante-2","category-reporte-local"],"aioseo_notices":[],"_links":{"self":[{"href":"https:\/\/digitalreportmx.com\/index.php\/wp-json\/wp\/v2\/posts\/24283","targetHints":{"allow":["GET"]}}],"collection":[{"href":"https:\/\/digitalreportmx.com\/index.php\/wp-json\/wp\/v2\/posts"}],"about":[{"href":"https:\/\/digitalreportmx.com\/index.php\/wp-json\/wp\/v2\/types\/post"}],"author":[{"embeddable":true,"href":"https:\/\/digitalreportmx.com\/index.php\/wp-json\/wp\/v2\/users\/1"}],"replies":[{"embeddable":true,"href":"https:\/\/digitalreportmx.com\/index.php\/wp-json\/wp\/v2\/comments?post=24283"}],"version-history":[{"count":1,"href":"https:\/\/digitalreportmx.com\/index.php\/wp-json\/wp\/v2\/posts\/24283\/revisions"}],"predecessor-version":[{"id":24288,"href":"https:\/\/digitalreportmx.com\/index.php\/wp-json\/wp\/v2\/posts\/24283\/revisions\/24288"}],"wp:featuredmedia":[{"embeddable":true,"href":"https:\/\/digitalreportmx.com\/index.php\/wp-json\/wp\/v2\/media\/24284"}],"wp:attachment":[{"href":"https:\/\/digitalreportmx.com\/index.php\/wp-json\/wp\/v2\/media?parent=24283"}],"wp:term":[{"taxonomy":"category","embeddable":true,"href":"https:\/\/digitalreportmx.com\/index.php\/wp-json\/wp\/v2\/categories?post=24283"},{"taxonomy":"post_tag","embeddable":true,"href":"https:\/\/digitalreportmx.com\/index.php\/wp-json\/wp\/v2\/tags?post=24283"}],"curies":[{"name":"wp","href":"https:\/\/api.w.org\/{rel}","templated":true}]}}