{"id":24299,"date":"2025-11-09T14:43:38","date_gmt":"2025-11-09T20:43:38","guid":{"rendered":"https:\/\/digitalreportmx.com\/?p=24299"},"modified":"2025-11-09T14:43:39","modified_gmt":"2025-11-09T20:43:39","slug":"van-udemitas-a-construir-equidad-en-semana-morada","status":"publish","type":"post","link":"https:\/\/digitalreportmx.com\/index.php\/2025\/11\/09\/van-udemitas-a-construir-equidad-en-semana-morada\/","title":{"rendered":"Van udemitas a construir equidad en Semana Morada"},"content":{"rendered":"\n<p><kbd>San Pedro Garza Garc\u00eda<\/kbd><\/p>\n\n\n\n<p>\u201cLa equidad no se decreta, se construye d\u00eda a d\u00eda, y la eliminaci\u00f3n de la violencia contra las mujeres es una tarea de todas y todos y permanente\u201d, fue uno de los mensajes principales que destacaron estudiantes asistentes a las actividades de la Semana Morada, un espacio de reflexi\u00f3n y acci\u00f3n colectiva promovido por la Universidad de Monterrey para visibilizar y erradicar la violencia de g\u00e9nero en la comunidad.<\/p>\n\n\n\n<p>Despu\u00e9s de cinco d\u00edas de actividad, el evento de clausura de la Semana Morada se realiz\u00f3 al mediod\u00eda de este viernes, en la Sala del Claustro Universitario, con la participaci\u00f3n de Marcela Chavarr\u00eda y Chavarr\u00eda, directora del Centro de Equidad de G\u00e9nero e Inclusi\u00f3n (CEGI) de esta casa de estudios \u2012organizador del evento\u2012, junto con cuatro estudiantes que ofrecieron sus opiniones en un panel de an\u00e1lisis.<\/p>\n\n\n\n<p>Las alumnas y el alumno que participaron en el panel fueron Karina Yamilet Ayala Mart\u00ednez, estudiante de s\u00e9ptimo semestre de la Licenciatura en Psicolog\u00eda, quien fungi\u00f3 como moderadora; Jessica Gonz\u00e1lez, coordinadora de Relaciones Estrat\u00e9gicas de la Federaci\u00f3n de Estudiantes de la Universidad de Monterrey; Valeria Gait\u00e1n, integrante del Senado Estudiantil en la Facultad de Derecho y Ciencias Sociales; y Pamela Talamantes y Patricio Ram\u00edrez, estudiantes del Servicio Social del CEGI.<\/p>\n\n\n\n<p>La Semana Morada es organizada anualmente por la Universidad de Monterrey en conmemoraci\u00f3n del D\u00eda Internacional para la Eliminaci\u00f3n de la Violencia contra las Mujeres. Se lleva a cabo a trav\u00e9s de espacios de reflexi\u00f3n, formaci\u00f3n y acci\u00f3n colectiva que permiten visibilizar las distintas expresiones de violencia de g\u00e9nero, as\u00ed como promover estrategias institucionales y sociales para su prevenci\u00f3n, atenci\u00f3n y erradicaci\u00f3n.<\/p>\n\n\n\n<p>Este a\u00f1o se celebr\u00f3 el primer lustro de existencia del CEGI, el centro que impulsa estas acciones. Las actividades de esta edici\u00f3n se desarrollaron del 3 al 7 de noviembre.<\/p>\n\n\n\n<p>Marcela Chavarr\u00eda y Chavarr\u00eda se\u00f1al\u00f3 que la comunidad universitaria logr\u00f3, en la Semana Morada, construir una parte m\u00e1s enriquecedora, marcada por la calidez, la empat\u00eda, la solidaridad y el impulso de los corazones de cada uno.<\/p>\n\n\n\n<p>La directora del CEGI afirm\u00f3 que la jornada de actividades fue profundamente significativa, sirviendo para celebrar los pasos firmes dados hacia una universidad m\u00e1s justa, emp\u00e1tica y libre de violencia.<\/p>\n\n\n\n<p>Chavarr\u00eda y Chavarr\u00eda asegur\u00f3 que \u201cesta Semana Morada fue especialmente simb\u00f3lica porque marca cinco a\u00f1os de conciencia y acci\u00f3n desde la creaci\u00f3n del CEGI, cinco a\u00f1os de compromiso, de di\u00e1logo, de construcci\u00f3n colectiva y de transformaci\u00f3n institucional\u201d.<\/p>\n\n\n\n<p>La directora Chavarr\u00eda y Chavarr\u00eda destac\u00f3 que, durante los d\u00edas del evento, se vivi\u00f3 una programaci\u00f3n diversa, reflexiva y profundamente humana, que permiti\u00f3 a los asistentes presenciar distintos espacios de aprendizaje y di\u00e1logo.<\/p>\n\n\n\n<p>Record\u00f3 que el programa incluy\u00f3 la C\u00e1tedra Magistral de Kay Pranis, pionera de los c\u00edrculos de paz, sobre justicia restaurativa, as\u00ed como paneles sobre mujeres migrantes, pornograf\u00eda, violencia de g\u00e9nero y testimonios de madres buscadoras.<\/p>\n\n\n\n<p>La directora del CEGI hizo un llamado concluyente a la comunidad: \u201cComo sociedad, compa\u00f1eras y compa\u00f1eros, no podemos fallar. Las mujeres merecemos vivir sin miedo, con libertad y con la posibilidad de construir nuestros sue\u00f1os\u201d.<\/p>\n\n\n\n<p><strong>DESTACAN PAPEL DE J\u00d3VENES COMO AGENTES ACTIVOS<\/strong><\/p>\n\n\n\n<p>Durante el panel, Jessica Gonz\u00e1lez, de la Federaci\u00f3n de Estudiantes, subray\u00f3 la importancia de identificar aquello que causa da\u00f1o para poder abordarlo y trabajar en la transformaci\u00f3n personal.<\/p>\n\n\n\n<p>Gonz\u00e1lez, en referencia a una de las ponencias, manifest\u00f3 el impacto que le gener\u00f3 la frase de que \u201cel cambio no es r\u00e1pido, el cambio es un proceso y el cambio lo tienes que vivir\u201d.<\/p>\n\n\n\n<p>\u201cLa violencia es un tema que tenemos que tratar ya porque esto se hace m\u00e1s grande y m\u00e1s grande y m\u00e1s grande. La tenemos tan normalizada que tal vez con peque\u00f1os comentarios&#8230; eso puede escalar\u201d, enfatiz\u00f3.&nbsp;<\/p>\n\n\n\n<p>Valeria Gait\u00e1n, integrante del Senado Estudiantil, reflexion\u00f3 sobre la indiferencia social ante la lucha de las madres buscadoras, reconociendo que este es un tema doloroso que impacta en el tejido social.<\/p>\n\n\n\n<p>Gait\u00e1n destac\u00f3 la importancia de que los j\u00f3venes sean agentes activos en la difusi\u00f3n de informaci\u00f3n, evitando que la lucha por los desaparecidos se detenga o quede \u00fanicamente en las madres buscadoras.<\/p>\n\n\n\n<p>\u201cCreo que la principal reflexi\u00f3n que yo me llevo, el no ser indiferente a este tema&#8230; no dejar que la lucha de la b\u00fasqueda por los desaparecidos muera o termine solamente con las madres buscadoras, sino que sea una lucha que contin\u00fae por medio de todas las generaciones\u201d, se\u00f1al\u00f3.&nbsp;<\/p>\n\n\n\n<p>Pamela Talamantes, estudiante de Servicio Social del CEGI, comparti\u00f3 c\u00f3mo la pornograf\u00eda afecta la interpretaci\u00f3n, la vinculaci\u00f3n y el pensamiento, creando una conexi\u00f3n directa con la violencia.<\/p>\n\n\n\n<p>Talamantes advirti\u00f3 que la constante exposici\u00f3n a este tipo de videos lleva a normalizar la violencia, disminuyendo la conciencia de que lo que se ve es un acto violento.<\/p>\n\n\n\n<p>\u201cCuando estamos expuestos mucho a ese tipo de videos, ya no somos conscientes de que estamos viendo la violencia como algo menor, entonces de tanto estar viendo videos violentos ya no nos impacta tanto verlo en la vida real\u201d, indic\u00f3.&nbsp;<\/p>\n\n\n\n<p>Por su parte, Patricio Ram\u00edrez, tambi\u00e9n estudiante del Servicio Social del CEGI, comparti\u00f3 la dificultad que represent\u00f3 hacer una introspecci\u00f3n para descubrir las cosas que la sociedad ha normalizado, incluso \u00e9l mismo.&nbsp;<\/p>\n\n\n\n<p>El alumno concluy\u00f3 que la comunidad es responsable de fomentar, concientizar y promover la educaci\u00f3n sobre estos temas, particularmente en el mundo digital.<\/p>\n\n\n\n<p>\u201cYo creo que lo m\u00e1s importante ser\u00eda fomentar, concientizar, promover esta educaci\u00f3n acerca de las cosas, porque creo que algo que comparten muchos temas dentro de la Semana Morada es este tema de la normalizaci\u00f3n\u201d, sostuvo.&nbsp;<\/p>\n\n\n\n<figure class=\"wp-block-image size-large\"><img loading=\"lazy\" decoding=\"async\" width=\"1024\" height=\"682\" src=\"https:\/\/digitalreportmx.com\/wp-content\/uploads\/2025\/11\/equidad-udem-1024x682.jpg\" alt=\"\" class=\"wp-image-24301\" srcset=\"https:\/\/digitalreportmx.com\/wp-content\/uploads\/2025\/11\/equidad-udem-1024x682.jpg 1024w, https:\/\/digitalreportmx.com\/wp-content\/uploads\/2025\/11\/equidad-udem-300x200.jpg 300w, https:\/\/digitalreportmx.com\/wp-content\/uploads\/2025\/11\/equidad-udem-768x512.jpg 768w, https:\/\/digitalreportmx.com\/wp-content\/uploads\/2025\/11\/equidad-udem.jpg 1100w\" sizes=\"auto, (max-width: 1024px) 100vw, 1024px\" \/><\/figure>\n","protected":false},"excerpt":{"rendered":"<p>San Pedro Garza Garc\u00eda \u201cLa equidad no se decreta, se construye d\u00eda a d\u00eda, y la eliminaci\u00f3n de la violencia contra las mujeres es una tarea de todas y todos y permanente\u201d, fue uno de los mensajes principales que destacaron estudiantes asistentes a las actividades de la Semana Morada, un espacio de reflexi\u00f3n y acci\u00f3n [&hellip;]<\/p>\n","protected":false},"author":1,"featured_media":24300,"comment_status":"open","ping_status":"open","sticky":false,"template":"","format":"standard","meta":{"om_disable_all_campaigns":false,"_monsterinsights_skip_tracking":false,"_monsterinsights_sitenote_active":false,"_monsterinsights_sitenote_note":"","_monsterinsights_sitenote_category":0,"footnotes":""},"categories":[16,13],"tags":[],"class_list":["post-24299","post","type-post","status-publish","format-standard","has-post-thumbnail","hentry","category-relevante-2","category-reporte-local"],"aioseo_notices":[],"_links":{"self":[{"href":"https:\/\/digitalreportmx.com\/index.php\/wp-json\/wp\/v2\/posts\/24299","targetHints":{"allow":["GET"]}}],"collection":[{"href":"https:\/\/digitalreportmx.com\/index.php\/wp-json\/wp\/v2\/posts"}],"about":[{"href":"https:\/\/digitalreportmx.com\/index.php\/wp-json\/wp\/v2\/types\/post"}],"author":[{"embeddable":true,"href":"https:\/\/digitalreportmx.com\/index.php\/wp-json\/wp\/v2\/users\/1"}],"replies":[{"embeddable":true,"href":"https:\/\/digitalreportmx.com\/index.php\/wp-json\/wp\/v2\/comments?post=24299"}],"version-history":[{"count":1,"href":"https:\/\/digitalreportmx.com\/index.php\/wp-json\/wp\/v2\/posts\/24299\/revisions"}],"predecessor-version":[{"id":24302,"href":"https:\/\/digitalreportmx.com\/index.php\/wp-json\/wp\/v2\/posts\/24299\/revisions\/24302"}],"wp:featuredmedia":[{"embeddable":true,"href":"https:\/\/digitalreportmx.com\/index.php\/wp-json\/wp\/v2\/media\/24300"}],"wp:attachment":[{"href":"https:\/\/digitalreportmx.com\/index.php\/wp-json\/wp\/v2\/media?parent=24299"}],"wp:term":[{"taxonomy":"category","embeddable":true,"href":"https:\/\/digitalreportmx.com\/index.php\/wp-json\/wp\/v2\/categories?post=24299"},{"taxonomy":"post_tag","embeddable":true,"href":"https:\/\/digitalreportmx.com\/index.php\/wp-json\/wp\/v2\/tags?post=24299"}],"curies":[{"name":"wp","href":"https:\/\/api.w.org\/{rel}","templated":true}]}}