{"id":24356,"date":"2025-11-10T16:04:32","date_gmt":"2025-11-10T22:04:32","guid":{"rendered":"https:\/\/digitalreportmx.com\/?p=24356"},"modified":"2025-11-10T16:07:44","modified_gmt":"2025-11-10T22:07:44","slug":"van-descendientes-de-la-revolucion-mexicana-al-mhm","status":"publish","type":"post","link":"https:\/\/digitalreportmx.com\/index.php\/2025\/11\/10\/van-descendientes-de-la-revolucion-mexicana-al-mhm\/","title":{"rendered":"&#8216;Har\u00e1n&#8217; escala Descendientes de la Revoluci\u00f3n en el MHM"},"content":{"rendered":"\n<p><kbd>Monterrey<\/kbd><\/p>\n\n\n\n<p>Para conmemorar el 115 aniversario de la Revoluci\u00f3n Mexicana, el Museo del Noreste y la Sociedad Nuevoleonesa de Historia, Geograf\u00eda y Estad\u00edstica, A. C., invitan al p\u00fablico a participar en la mesa de di\u00e1logo \u201cDescendientes de la Revoluci\u00f3n mexicana\u201d, que se realizar\u00e1 el s\u00e1bado 15 de noviembre a las 10:30 horas en el auditorio del recinto.<br>Durante esta actividad, familiares del Subteniente de Caballer\u00eda Gregorio Rodr\u00edguez Hinojosa, del General F\u00e9lix U. G\u00f3mez y del General Joaqu\u00edn Amaro compartir\u00e1n las historias personales de sus antepasados, cruzando la frontera de la historia oficial para adentrarse en los recuerdos familiares que revelan el lado humano de quienes lucharon por transformar al pa\u00eds.<br>El compositor y productor musical Juan Carlos Garc\u00eda Amaro \u201cPing\u00fci\u201d evocar\u00e1 la vida de su abuelo, el General Joaqu\u00edn Amaro Dom\u00ednguez, originario de Sombrerete, Zacatecas, quien en 1911 se incorpor\u00f3 al cuerpo de rurales bajo el mando del coronel Gertrudis G. S\u00e1nchez.<br>Amaro particip\u00f3 en campa\u00f1as contra zapatistas y villistas, fue jefe militar en diversos estados del pa\u00eds y, como secretario de Guerra y Marina, sent\u00f3 las bases de la organizaci\u00f3n y funcionamiento del ej\u00e9rcito moderno mexicano. Falleci\u00f3 en 1952, dejando un legado de disciplina y reforma dentro de las fuerzas armadas.<br>Por su parte, el arquitecto, artista pl\u00e1stico y escritor F\u00e9lix Torres G\u00f3mez hablar\u00e1 de su bisabuelo, el General F\u00e9lix Uresti G\u00f3mez, militar coahuilense que se uni\u00f3 a la Revoluci\u00f3n en 1913 en la Brigada \u201cEl Rayo\u201d.<br>Su experiencia como minero le permiti\u00f3 dinamitar ferrocarriles huertistas y participar en intensas campa\u00f1as en Coahuila, Zacatecas, San Luis Potos\u00ed, Durango y Chihuahua. Fue en esta \u00faltima donde, al enfrentarse al ej\u00e9rcito norteamericano que persegu\u00eda a Francisco Villa, perdi\u00f3 la vida en la Batalla de El Carrizal el 21 de junio de 1916, siendo recordado por la prensa como \u201cEl H\u00e9roe de El Carrizal\u201d, por haber defendido con valor la soberan\u00eda nacional.<br>Finalmente, el abogado Gregorio de la Portilla Rodr\u00edguez compartir\u00e1 la historia de su sobrino bisabuelo, el Subteniente de Caballer\u00eda Gregorio Rodr\u00edguez Hinojosa, nacido en San Fernando, Tamaulipas, quien se uni\u00f3 en 1913 a la Brigada Canales. De padre nuevoleon\u00e9s y madre texana, combati\u00f3 en diversas campa\u00f1as contra los villistas y particip\u00f3 en la Batalla de El Carrizal, donde logr\u00f3 la captura de 17 soldados norteamericanos. Su trayectoria refleja el temple de una generaci\u00f3n que luch\u00f3 por la dignidad de M\u00e9xico y la afirmaci\u00f3n de su identidad.<br>Con este di\u00e1logo, el p\u00fablico podr\u00e1 reencontrarse con las ra\u00edces de la Revoluci\u00f3n Mexicana a trav\u00e9s de las voces de quienes heredaron su memoria, reconociendo que la historia nacional tambi\u00e9n se teje con los relatos que se conservan en el coraz\u00f3n de las familias.<br>La charla \u201cDescendientes de la Revoluci\u00f3n Mexicana\u201d, se realizar\u00e1 el s\u00e1bado 15 de noviembre a las 10:30 horas en el Auditorio del Museo del Noreste con entrada libre. Para m\u00e1s informaci\u00f3n, consulte www.3museos.com p\u00f3ngase en contacto a trav\u00e9s de las redes sociales en @3museos.<\/p>\n\n\n\n<figure class=\"wp-block-image size-large\"><img loading=\"lazy\" decoding=\"async\" width=\"1024\" height=\"1024\" src=\"https:\/\/digitalreportmx.com\/wp-content\/uploads\/2025\/11\/IMG-20251110-WA0097-1024x1024.jpg\" alt=\"\" class=\"wp-image-24359\" srcset=\"https:\/\/digitalreportmx.com\/wp-content\/uploads\/2025\/11\/IMG-20251110-WA0097-1024x1024.jpg 1024w, https:\/\/digitalreportmx.com\/wp-content\/uploads\/2025\/11\/IMG-20251110-WA0097-300x300.jpg 300w, https:\/\/digitalreportmx.com\/wp-content\/uploads\/2025\/11\/IMG-20251110-WA0097-150x150.jpg 150w, https:\/\/digitalreportmx.com\/wp-content\/uploads\/2025\/11\/IMG-20251110-WA0097-768x768.jpg 768w, https:\/\/digitalreportmx.com\/wp-content\/uploads\/2025\/11\/IMG-20251110-WA0097.jpg 1080w\" sizes=\"auto, (max-width: 1024px) 100vw, 1024px\" \/><\/figure>\n","protected":false},"excerpt":{"rendered":"<p>Monterrey Para conmemorar el 115 aniversario de la Revoluci\u00f3n Mexicana, el Museo del Noreste y la Sociedad Nuevoleonesa de Historia, Geograf\u00eda y Estad\u00edstica, A. C., invitan al p\u00fablico a participar en la mesa de di\u00e1logo \u201cDescendientes de la Revoluci\u00f3n mexicana\u201d, que se realizar\u00e1 el s\u00e1bado 15 de noviembre a las 10:30 horas en el auditorio [&hellip;]<\/p>\n","protected":false},"author":1,"featured_media":24358,"comment_status":"open","ping_status":"open","sticky":false,"template":"","format":"standard","meta":{"om_disable_all_campaigns":false,"_monsterinsights_skip_tracking":false,"_monsterinsights_sitenote_active":false,"_monsterinsights_sitenote_note":"","_monsterinsights_sitenote_category":0,"footnotes":""},"categories":[12,16],"tags":[],"class_list":["post-24356","post","type-post","status-publish","format-standard","has-post-thumbnail","hentry","category-cooltura","category-relevante-2"],"aioseo_notices":[],"_links":{"self":[{"href":"https:\/\/digitalreportmx.com\/index.php\/wp-json\/wp\/v2\/posts\/24356","targetHints":{"allow":["GET"]}}],"collection":[{"href":"https:\/\/digitalreportmx.com\/index.php\/wp-json\/wp\/v2\/posts"}],"about":[{"href":"https:\/\/digitalreportmx.com\/index.php\/wp-json\/wp\/v2\/types\/post"}],"author":[{"embeddable":true,"href":"https:\/\/digitalreportmx.com\/index.php\/wp-json\/wp\/v2\/users\/1"}],"replies":[{"embeddable":true,"href":"https:\/\/digitalreportmx.com\/index.php\/wp-json\/wp\/v2\/comments?post=24356"}],"version-history":[{"count":6,"href":"https:\/\/digitalreportmx.com\/index.php\/wp-json\/wp\/v2\/posts\/24356\/revisions"}],"predecessor-version":[{"id":24365,"href":"https:\/\/digitalreportmx.com\/index.php\/wp-json\/wp\/v2\/posts\/24356\/revisions\/24365"}],"wp:featuredmedia":[{"embeddable":true,"href":"https:\/\/digitalreportmx.com\/index.php\/wp-json\/wp\/v2\/media\/24358"}],"wp:attachment":[{"href":"https:\/\/digitalreportmx.com\/index.php\/wp-json\/wp\/v2\/media?parent=24356"}],"wp:term":[{"taxonomy":"category","embeddable":true,"href":"https:\/\/digitalreportmx.com\/index.php\/wp-json\/wp\/v2\/categories?post=24356"},{"taxonomy":"post_tag","embeddable":true,"href":"https:\/\/digitalreportmx.com\/index.php\/wp-json\/wp\/v2\/tags?post=24356"}],"curies":[{"name":"wp","href":"https:\/\/api.w.org\/{rel}","templated":true}]}}