{"id":24574,"date":"2025-11-13T17:52:50","date_gmt":"2025-11-13T23:52:50","guid":{"rendered":"https:\/\/digitalreportmx.com\/?p=24574"},"modified":"2025-11-13T17:55:10","modified_gmt":"2025-11-13T23:55:10","slug":"estrena-nl-clinica-de-rehabilitacion-fisica-en-general-teran","status":"publish","type":"post","link":"https:\/\/digitalreportmx.com\/index.php\/2025\/11\/13\/estrena-nl-clinica-de-rehabilitacion-fisica-en-general-teran\/","title":{"rendered":"Estrena General Ter\u00e1n nueva Cl\u00ednica de Rehabilitaci\u00f3n F\u00edsica"},"content":{"rendered":"\n<p><kbd>General Ter\u00e1n<\/kbd>, Nuevo Le\u00f3n<\/p>\n\n\n\n<p>Continuando con su gira por la regi\u00f3n citr\u00edcola, el Gobernador de Nuevo Le\u00f3n inaugur\u00f3 Cl\u00ednica de Rehabilitaci\u00f3n F\u00edsica del municipio de General Ter\u00e1n, que garantizar\u00e1 a los ciudadanos un espacio funcional, accesible y adecuado para brindar atenci\u00f3n m\u00e9dica especializada.<\/p>\n\n\n\n<p>Durante la inauguraci\u00f3n, donde estuvo acompa\u00f1ado de Mariana Rodr\u00edguez Cant\u00fa; la Secretaria de Igualdad e Inclusi\u00f3n, Martha Herrera; la Secretaria de Salud, Alma Rosa Marroqu\u00edn; y el alcalde General Ter\u00e1n, David S\u00e1nchez, el Mandatario estatal realiz\u00f3 un recorrido por las instalaciones y destac\u00f3 que la cl\u00ednica de rehabilitaci\u00f3n est\u00e1 muy completa y apoyar\u00e1 con temas de salud, consultorios, gimnasio, guarder\u00eda y otras acciones.<\/p>\n\n\n\n<p>Asimismo, dijo estar contento de realizar gira por la regi\u00f3n citr\u00edcola donde se\u00f1al\u00f3 ya pronto estar\u00e1 listo el Hospital de General Ter\u00e1n y carreteras que beneficiar\u00e1n a los ciudadanos.<\/p>\n\n\n\n<p>&#8220;Ya estamos a d\u00edas de inaugurar el hospital de Ter\u00e1n. Tambi\u00e9n estamos haciendo una red de carreteras y Ter\u00e1n va a ser altamente beneficiado. Estamos haciendo una carretera que prometieron hace 70 a\u00f1os, la interserrana para conectar Montemorelos con Galeana. Hoy Nuevo Le\u00f3n lleva 90% de avance en el tramo uno, San Luis-Galeana; 70% de avance en el tramo tres, que es Montemorelos a la Sierra.<\/p>\n\n\n\n<p>&#8220;La semana que entra ya la presidenta hizo presidencial el proyecto de Interserrana, ya nos dieron el permiso y la semana que entra sale ya la licitaci\u00f3n del tramo dos. Es este t\u00fanel de carreteras para conectar San Luis, el sur de Nuevo Le\u00f3n y la ciudad de Monterrey. En 40 a\u00f1os no hab\u00edan hecho una sola carretera. Nosotros llevamos en cuatro a\u00f1os cuatro nuevas carreteras y vamos a hacer siete en seis a\u00f1os. Cuando ya llegue todo esto con este nuevo circuito de carreteras, el nearshoring, la industria, va a despegar la regi\u00f3n citr\u00edcola y por supuesto General Ter\u00e1n&#8221;, mencion\u00f3 Garc\u00eda Sep\u00falveda.<\/p>\n\n\n\n<p>Por su parte, el alcalde de Geneal Ter\u00e1n se\u00f1al\u00f3 que esta cl\u00ednica representa esperanza, inclusi\u00f3n y bienestar para muchas familias del municipio, asimismo agradeci\u00f3 al Gobernador por el apoyo en estos proyectos que benefician la salud.<\/p>\n\n\n\n<p>&#8220;Su visi\u00f3n de un nuevo Nuevo Le\u00f3n m\u00e1s humano, m\u00e1s justo, m\u00e1s equitativo, inclusivo se refleja en obras como esta que cambian vidas y fortalecen el tejido social.<\/p>\n\n\n\n<p>&#8220;En General Ter\u00e1n vamos a tener en el tema de salud, en el hospital, equipo para cualquier tipo de accidente y cualquier tema de salud y recuperaci\u00f3n aqu\u00ed con esta nueva cl\u00ednica. Entonces, estamos cerrando una brecha muy importante en el tema de salud aqu\u00ed en el municipio&#8221;, agreg\u00f3.<\/p>\n\n\n\n<p>La cl\u00ednica representa el cumplimiento de un derecho fundamental: el derecho a la salud para todas las personas y contar\u00e1 con \u00e1reas para terapia psicol\u00f3gica y de lenguaje. Adem\u00e1s se ofrecer\u00e1 apoyo did\u00e1ctico y atenci\u00f3n a pacientes con TEA (trastorno del Espectro Autista).<\/p>\n\n\n\n<p>Las personas que lo requieran, podr\u00e1n acceder a servicios de rehabilitaci\u00f3n, consultas m\u00e9dicas, terapias de estimulaci\u00f3n temprana y psicomotricidad, hidroterapia y terapia f\u00edsica.<\/p>\n\n\n\n<p>En el evento tambi\u00e9n estuvieron presentes, la presidenta del DIF de General Ter\u00e1n, Ana Cecilia Garc\u00eda Sep\u00falveda; y el subsecretario de Infraestructura y Planeaci\u00f3n Urbana, Jos\u00e9 Francisco Ibarg\u00fcengoytia Borrego.<\/p>\n","protected":false},"excerpt":{"rendered":"<p>General Ter\u00e1n, Nuevo Le\u00f3n Continuando con su gira por la regi\u00f3n citr\u00edcola, el Gobernador de Nuevo Le\u00f3n inaugur\u00f3 Cl\u00ednica de Rehabilitaci\u00f3n F\u00edsica del municipio de General Ter\u00e1n, que garantizar\u00e1 a los ciudadanos un espacio funcional, accesible y adecuado para brindar atenci\u00f3n m\u00e9dica especializada. Durante la inauguraci\u00f3n, donde estuvo acompa\u00f1ado de Mariana Rodr\u00edguez Cant\u00fa; la Secretaria [&hellip;]<\/p>\n","protected":false},"author":1,"featured_media":24570,"comment_status":"open","ping_status":"open","sticky":false,"template":"","format":"standard","meta":{"om_disable_all_campaigns":false,"_monsterinsights_skip_tracking":false,"_monsterinsights_sitenote_active":false,"_monsterinsights_sitenote_note":"","_monsterinsights_sitenote_category":0,"footnotes":""},"categories":[16,13],"tags":[],"class_list":["post-24574","post","type-post","status-publish","format-standard","has-post-thumbnail","hentry","category-relevante-2","category-reporte-local"],"aioseo_notices":[],"_links":{"self":[{"href":"https:\/\/digitalreportmx.com\/index.php\/wp-json\/wp\/v2\/posts\/24574","targetHints":{"allow":["GET"]}}],"collection":[{"href":"https:\/\/digitalreportmx.com\/index.php\/wp-json\/wp\/v2\/posts"}],"about":[{"href":"https:\/\/digitalreportmx.com\/index.php\/wp-json\/wp\/v2\/types\/post"}],"author":[{"embeddable":true,"href":"https:\/\/digitalreportmx.com\/index.php\/wp-json\/wp\/v2\/users\/1"}],"replies":[{"embeddable":true,"href":"https:\/\/digitalreportmx.com\/index.php\/wp-json\/wp\/v2\/comments?post=24574"}],"version-history":[{"count":4,"href":"https:\/\/digitalreportmx.com\/index.php\/wp-json\/wp\/v2\/posts\/24574\/revisions"}],"predecessor-version":[{"id":24578,"href":"https:\/\/digitalreportmx.com\/index.php\/wp-json\/wp\/v2\/posts\/24574\/revisions\/24578"}],"wp:featuredmedia":[{"embeddable":true,"href":"https:\/\/digitalreportmx.com\/index.php\/wp-json\/wp\/v2\/media\/24570"}],"wp:attachment":[{"href":"https:\/\/digitalreportmx.com\/index.php\/wp-json\/wp\/v2\/media?parent=24574"}],"wp:term":[{"taxonomy":"category","embeddable":true,"href":"https:\/\/digitalreportmx.com\/index.php\/wp-json\/wp\/v2\/categories?post=24574"},{"taxonomy":"post_tag","embeddable":true,"href":"https:\/\/digitalreportmx.com\/index.php\/wp-json\/wp\/v2\/tags?post=24574"}],"curies":[{"name":"wp","href":"https:\/\/api.w.org\/{rel}","templated":true}]}}