{"id":24869,"date":"2025-11-18T21:35:32","date_gmt":"2025-11-19T03:35:32","guid":{"rendered":"https:\/\/digitalreportmx.com\/?p=24869"},"modified":"2025-11-18T21:36:39","modified_gmt":"2025-11-19T03:36:39","slug":"invitan-los-cendi-al-25-encuentro-mundial-de-educacion-inicial-y-preescolar","status":"publish","type":"post","link":"https:\/\/digitalreportmx.com\/index.php\/2025\/11\/18\/invitan-los-cendi-al-25-encuentro-mundial-de-educacion-inicial-y-preescolar\/","title":{"rendered":"Invitan al 25\u00b0 Encuentro Mundial de Educaci\u00f3n Inicial"},"content":{"rendered":"\n<p><kbd>Monterrey<\/kbd><\/p>\n\n\n\n<p>Para repensar, innovar y unir fuerzas que garanticen que cada ni\u00f1a y ni\u00f1o alcance va su m\u00e1ximo potencial, los Centros de Desarrollo Infantil (CENDI) del Frente Popular \u2018Tierra y Libertad\u2019 invitan al 25\u00b0 Encuentro Internacional de Educaci\u00f3n Inicial y Preescolar \u201cConstruyendo Futuros: Innovaci\u00f3n y Desarrollo Integral de la Primera Infancia&#8221;, los d\u00edas 20, 21 y 22 de noviembre en CINTERMEX.<\/p>\n\n\n\n<p>La doctora Mar\u00eda Guadalupe Rodr\u00edguez Mart\u00ednez, directora general de los CENDI, se\u00f1al\u00f3 que el Encuentro no es un evento m\u00e1s. \u201cEs un llamado a quienes moldean el ma\u00f1ana. Un espacio de di\u00e1logo, aprendizaje y construcci\u00f3n colectiva\u201d.<\/p>\n\n\n\n<p>En un mundo de cambios vertiginosos, desaf\u00edos globales y oportunidades sin precedentes para la primera infancia, dijo que el Encuentro es una oportunidad \u00fanica para actualizarse en las \u00faltimas investigaciones y tendencias en neurociencias, pedagog\u00eda y pol\u00edticas p\u00fablicas para la primera infancia.<\/p>\n\n\n\n<p>Adem\u00e1s, para conectarse con una red global de expertos educadores, legisladores y profesionales de la salud comprometidos con las infancias e inspirarse con experiencias exitosas y pr\u00e1cticas innovadoras de m\u00e1s de 20 pa\u00edses y para ser parte activa de la conversaci\u00f3n global sobre el presente y el futuro de la educaci\u00f3n inicial.<\/p>\n\n\n\n<p>En el Encuentro, dio a conocer, se explorar\u00e1n estrategias comprobadas y pol\u00edticas transformadoras dise\u00f1adas para deconstruir barreras que limitan el acceso, la participaci\u00f3n y el aprendizaje pleno, mediante los siguientes ejes tem\u00e1ticos: inclusi\u00f3n y equidad, tecnolog\u00eda y primera infancia, innovaci\u00f3n pedag\u00f3gica y juego, sostenibilidad y medio ambiente, salud mental y bienestar general, participaci\u00f3n familiar y comunitaria, pol\u00edticas p\u00fablicas y abogac\u00eda.<\/p>\n\n\n\n<p>La doctora Rodr\u00edguez Mart\u00ednez inform\u00f3 que el Encuentro cuenta con el co-auspicio de organismos l\u00edderes globales en educaci\u00f3n temprana y es convocado por la Secretar\u00eda de Educaci\u00f3n P\u00fablica (SEP), el Gobierno del Estado de Nuevo Le\u00f3n, la Secretar\u00eda de Educaci\u00f3n del Estado, la Red Hemisf\u00e9rica de Parlamentarios y Exparlamentarios por la Primera Infancia y por los propios CENDI.<\/p>\n\n\n\n<figure class=\"wp-block-image size-large\"><img loading=\"lazy\" decoding=\"async\" width=\"776\" height=\"1024\" src=\"https:\/\/digitalreportmx.com\/wp-content\/uploads\/2025\/11\/1000333649-776x1024.jpg\" alt=\"\" class=\"wp-image-24871\" srcset=\"https:\/\/digitalreportmx.com\/wp-content\/uploads\/2025\/11\/1000333649-776x1024.jpg 776w, https:\/\/digitalreportmx.com\/wp-content\/uploads\/2025\/11\/1000333649-227x300.jpg 227w, https:\/\/digitalreportmx.com\/wp-content\/uploads\/2025\/11\/1000333649-768x1013.jpg 768w, https:\/\/digitalreportmx.com\/wp-content\/uploads\/2025\/11\/1000333649.jpg 960w\" sizes=\"auto, (max-width: 776px) 100vw, 776px\" \/><\/figure>\n","protected":false},"excerpt":{"rendered":"<p>Monterrey Para repensar, innovar y unir fuerzas que garanticen que cada ni\u00f1a y ni\u00f1o alcance va su m\u00e1ximo potencial, los Centros de Desarrollo Infantil (CENDI) del Frente Popular \u2018Tierra y Libertad\u2019 invitan al 25\u00b0 Encuentro Internacional de Educaci\u00f3n Inicial y Preescolar \u201cConstruyendo Futuros: Innovaci\u00f3n y Desarrollo Integral de la Primera Infancia&#8221;, los d\u00edas 20, 21 [&hellip;]<\/p>\n","protected":false},"author":1,"featured_media":24870,"comment_status":"open","ping_status":"open","sticky":false,"template":"","format":"standard","meta":{"om_disable_all_campaigns":false,"_monsterinsights_skip_tracking":false,"_monsterinsights_sitenote_active":false,"_monsterinsights_sitenote_note":"","_monsterinsights_sitenote_category":0,"footnotes":""},"categories":[16,13],"tags":[],"class_list":["post-24869","post","type-post","status-publish","format-standard","has-post-thumbnail","hentry","category-relevante-2","category-reporte-local"],"aioseo_notices":[],"_links":{"self":[{"href":"https:\/\/digitalreportmx.com\/index.php\/wp-json\/wp\/v2\/posts\/24869","targetHints":{"allow":["GET"]}}],"collection":[{"href":"https:\/\/digitalreportmx.com\/index.php\/wp-json\/wp\/v2\/posts"}],"about":[{"href":"https:\/\/digitalreportmx.com\/index.php\/wp-json\/wp\/v2\/types\/post"}],"author":[{"embeddable":true,"href":"https:\/\/digitalreportmx.com\/index.php\/wp-json\/wp\/v2\/users\/1"}],"replies":[{"embeddable":true,"href":"https:\/\/digitalreportmx.com\/index.php\/wp-json\/wp\/v2\/comments?post=24869"}],"version-history":[{"count":3,"href":"https:\/\/digitalreportmx.com\/index.php\/wp-json\/wp\/v2\/posts\/24869\/revisions"}],"predecessor-version":[{"id":24874,"href":"https:\/\/digitalreportmx.com\/index.php\/wp-json\/wp\/v2\/posts\/24869\/revisions\/24874"}],"wp:featuredmedia":[{"embeddable":true,"href":"https:\/\/digitalreportmx.com\/index.php\/wp-json\/wp\/v2\/media\/24870"}],"wp:attachment":[{"href":"https:\/\/digitalreportmx.com\/index.php\/wp-json\/wp\/v2\/media?parent=24869"}],"wp:term":[{"taxonomy":"category","embeddable":true,"href":"https:\/\/digitalreportmx.com\/index.php\/wp-json\/wp\/v2\/categories?post=24869"},{"taxonomy":"post_tag","embeddable":true,"href":"https:\/\/digitalreportmx.com\/index.php\/wp-json\/wp\/v2\/tags?post=24869"}],"curies":[{"name":"wp","href":"https:\/\/api.w.org\/{rel}","templated":true}]}}