{"id":24892,"date":"2025-11-19T13:38:14","date_gmt":"2025-11-19T19:38:14","guid":{"rendered":"https:\/\/digitalreportmx.com\/?p=24892"},"modified":"2025-11-19T13:39:52","modified_gmt":"2025-11-19T19:39:52","slug":"invitan-al-homenaje-del-natalicio-de-los-100-anos-de-jose-hernandez-gama","status":"publish","type":"post","link":"https:\/\/digitalreportmx.com\/index.php\/2025\/11\/19\/invitan-al-homenaje-del-natalicio-de-los-100-anos-de-jose-hernandez-gama\/","title":{"rendered":"Homenajear\u00e1n el natalicio 100 de Jos\u00e9 Hern\u00e1ndez Gama"},"content":{"rendered":"\n<p><kbd>Monterrey<\/kbd><br>El Museo de Historia Mexicana y la Universidad de Monterrey, a trav\u00e9s de su Departamento de Humanidades, invitan al homenaje \u201c100 a\u00f1os del natalicio del Mtro. Jos\u00e9 Hern\u00e1ndez Gama\u201d el s\u00e1bado 22 de noviembre a las 12:00 horas, el auditorio de este museo.<br>El homenaje al maestro Jos\u00e9 Hern\u00e1ndez Gama, ser\u00e1 emotivo y musical por haber sido figura clave de la m\u00fasica sacra y coral en Monterrey.<br>El Ensamble Coral Matices y sus exalumnos interpretar\u00e1n una selecci\u00f3n de composiciones del reconocido organista, director y compositor jalisciense, cuya obra ha dejado una huella profunda en la vida cultural y religiosa de la ciudad.<br>Jos\u00e9 Hern\u00e1ndez Gama (1925\u20132019) naci\u00f3 en Lagos de Moreno, Jalisco, y se form\u00f3 en el Conservatorio de las Rosas en Morelia, Michoac\u00e1n. Lleg\u00f3 a Monterrey en 1952 invitado por su mentor, el maestro Paulino Paredes, para integrarse al Coro de Cervecer\u00eda Cuauht\u00e9moc. Desde entonces se distingui\u00f3 como organista del Santuario de Guadalupe, fundador del Coro Monteverdi y profesor en la Escuela Superior de M\u00fasica y Danza de Monterrey y la Universidad Aut\u00f3noma de Nuevo Le\u00f3n.<br>Autor de m\u00e1s de veinte misas, motetes, salmos y obras sinf\u00f3nicas, entre ellas \u201cCantata Guadalupana\u201d, \u201cEstampa Mexicana\u201d y \u201cCanto Sinf\u00f3nico a Monterrey\u201d, el maestro Hern\u00e1ndez Gama fue reconocido como Caballero de la Orden de San Gregorio Magno por el Papa, distinci\u00f3n que subraya la trascendencia de su legado en la m\u00fasica sacra mexicana.<br>Cabe destacar su gran vocaci\u00f3n por el magisterio, al ser una de las figuras que marcaron una de las etapas m\u00e1s importantes de la m\u00fasica en Nuevo Le\u00f3n, junto a Carlos Paredes, Primo Cuautli, Felipe Ledesma y Silvino Jaramillo.<br>Durante el recital, las hijas del maestro Hern\u00e1ndez Gama compartir\u00e1n an\u00e9cdotas personales y recuerdos que permitir\u00e1n al p\u00fablico conocer de cerca la trayectoria humana y art\u00edstica de quien fuera un referente para varias generaciones de m\u00fasicos regiomontanos y ser\u00e1 una oportunidad para celebrar la vida y la obra de un hombre que consagr\u00f3 su talento al arte, la fe y la ense\u00f1anza.<br>El homenaje \u201c100 a\u00f1os del natalicio del Mtro. Jos\u00e9 Hern\u00e1ndez Gama\u201d, se llevar\u00e1 a cabo el s\u00e1bado 22 de noviembre a las 12:00 horas en el Auditorio del Museo de Historia Mexicana. Para m\u00e1s informaci\u00f3n sobre el evento visite www.3museos.com.<\/p>\n\n\n\n<figure class=\"wp-block-image size-large\"><img loading=\"lazy\" decoding=\"async\" width=\"1024\" height=\"1024\" src=\"https:\/\/digitalreportmx.com\/wp-content\/uploads\/2025\/11\/1000334696-1024x1024.jpg\" alt=\"\" class=\"wp-image-24894\" srcset=\"https:\/\/digitalreportmx.com\/wp-content\/uploads\/2025\/11\/1000334696-1024x1024.jpg 1024w, https:\/\/digitalreportmx.com\/wp-content\/uploads\/2025\/11\/1000334696-300x300.jpg 300w, https:\/\/digitalreportmx.com\/wp-content\/uploads\/2025\/11\/1000334696-150x150.jpg 150w, https:\/\/digitalreportmx.com\/wp-content\/uploads\/2025\/11\/1000334696-768x768.jpg 768w, https:\/\/digitalreportmx.com\/wp-content\/uploads\/2025\/11\/1000334696.jpg 1080w\" sizes=\"auto, (max-width: 1024px) 100vw, 1024px\" \/><\/figure>\n","protected":false},"excerpt":{"rendered":"<p>MonterreyEl Museo de Historia Mexicana y la Universidad de Monterrey, a trav\u00e9s de su Departamento de Humanidades, invitan al homenaje \u201c100 a\u00f1os del natalicio del Mtro. Jos\u00e9 Hern\u00e1ndez Gama\u201d el s\u00e1bado 22 de noviembre a las 12:00 horas, el auditorio de este museo.El homenaje al maestro Jos\u00e9 Hern\u00e1ndez Gama, ser\u00e1 emotivo y musical por haber [&hellip;]<\/p>\n","protected":false},"author":1,"featured_media":24893,"comment_status":"open","ping_status":"open","sticky":false,"template":"","format":"standard","meta":{"om_disable_all_campaigns":false,"_monsterinsights_skip_tracking":false,"_monsterinsights_sitenote_active":false,"_monsterinsights_sitenote_note":"","_monsterinsights_sitenote_category":0,"footnotes":""},"categories":[12,16],"tags":[],"class_list":["post-24892","post","type-post","status-publish","format-standard","has-post-thumbnail","hentry","category-cooltura","category-relevante-2"],"aioseo_notices":[],"_links":{"self":[{"href":"https:\/\/digitalreportmx.com\/index.php\/wp-json\/wp\/v2\/posts\/24892","targetHints":{"allow":["GET"]}}],"collection":[{"href":"https:\/\/digitalreportmx.com\/index.php\/wp-json\/wp\/v2\/posts"}],"about":[{"href":"https:\/\/digitalreportmx.com\/index.php\/wp-json\/wp\/v2\/types\/post"}],"author":[{"embeddable":true,"href":"https:\/\/digitalreportmx.com\/index.php\/wp-json\/wp\/v2\/users\/1"}],"replies":[{"embeddable":true,"href":"https:\/\/digitalreportmx.com\/index.php\/wp-json\/wp\/v2\/comments?post=24892"}],"version-history":[{"count":3,"href":"https:\/\/digitalreportmx.com\/index.php\/wp-json\/wp\/v2\/posts\/24892\/revisions"}],"predecessor-version":[{"id":24897,"href":"https:\/\/digitalreportmx.com\/index.php\/wp-json\/wp\/v2\/posts\/24892\/revisions\/24897"}],"wp:featuredmedia":[{"embeddable":true,"href":"https:\/\/digitalreportmx.com\/index.php\/wp-json\/wp\/v2\/media\/24893"}],"wp:attachment":[{"href":"https:\/\/digitalreportmx.com\/index.php\/wp-json\/wp\/v2\/media?parent=24892"}],"wp:term":[{"taxonomy":"category","embeddable":true,"href":"https:\/\/digitalreportmx.com\/index.php\/wp-json\/wp\/v2\/categories?post=24892"},{"taxonomy":"post_tag","embeddable":true,"href":"https:\/\/digitalreportmx.com\/index.php\/wp-json\/wp\/v2\/tags?post=24892"}],"curies":[{"name":"wp","href":"https:\/\/api.w.org\/{rel}","templated":true}]}}