{"id":24898,"date":"2025-11-19T13:45:06","date_gmt":"2025-11-19T19:45:06","guid":{"rendered":"https:\/\/digitalreportmx.com\/?p=24898"},"modified":"2025-11-19T13:54:54","modified_gmt":"2025-11-19T19:54:54","slug":"inicia-escobedo-construccion-de-estancia-para-adultos-mayores","status":"publish","type":"post","link":"https:\/\/digitalreportmx.com\/index.php\/2025\/11\/19\/inicia-escobedo-construccion-de-estancia-para-adultos-mayores\/","title":{"rendered":"Inicia Escobedo construcci\u00f3n de estancia para adultos mayores"},"content":{"rendered":"\n<p><kbd>Escobedo<\/kbd><\/p>\n\n\n\n<p>El Gobierno de Escobedo dio arranque a la construcci\u00f3n de la primera Estancia Temporal del Adulto Mayor, un espacio dise\u00f1ado para brindar cuidado, acompa\u00f1amiento y atenci\u00f3n integral a quienes han dedicado su vida a sus familias y comunidad.<br>El proyecto estar\u00e1 ubicado en el sector de La Alianza y representa un paso decisivo para garantizar un entorno digno y c\u00e1lido para las personas mayores.<br>El Alcalde Andr\u00e9s Mijes encabez\u00f3 el inicio de los trabajos y destac\u00f3 que este nuevo espacio ser\u00e1 un lugar seguro, humano y plenamente orientado al bienestar y subray\u00f3 que la Estancia ofrecer\u00e1 acompa\u00f1amiento psicol\u00f3gico y legal, canalizaci\u00f3n a dependencias especializadas y revisi\u00f3n m\u00e9dica especializada.<br>En su mensaje, Mijes resalt\u00f3 que esta obra forma parte de la visi\u00f3n social y de la 4T Norte\u00f1a inspirado en el Plan M\u00e9xico impulsado por la Presidenta Claudia Sheinbaum Pardo. Record\u00f3 que dicho proyecto nacional pone en el centro el crecimiento compartido y orientado a quienes m\u00e1s lo requieren.<br>\u201cPorque esta obra no es solo concreto y ladrillo: es un acto de respeto. Es decirles a nuestras personas mayores que esta ciudad las reconoce, que agradece su trabajo, su historia y su sabidur\u00eda. Es darles un espacio donde puedan estar acompa\u00f1ados, atendidos y cuidados como se merecen\u201d, expres\u00f3 el Edil.<\/p>\n\n\n\n<figure class=\"wp-block-image size-large\"><img loading=\"lazy\" decoding=\"async\" width=\"1024\" height=\"681\" src=\"https:\/\/digitalreportmx.com\/wp-content\/uploads\/2025\/11\/1000334691-1024x681.jpg\" alt=\"\" class=\"wp-image-24901\" srcset=\"https:\/\/digitalreportmx.com\/wp-content\/uploads\/2025\/11\/1000334691-1024x681.jpg 1024w, https:\/\/digitalreportmx.com\/wp-content\/uploads\/2025\/11\/1000334691-300x199.jpg 300w, https:\/\/digitalreportmx.com\/wp-content\/uploads\/2025\/11\/1000334691-768x511.jpg 768w, https:\/\/digitalreportmx.com\/wp-content\/uploads\/2025\/11\/1000334691.jpg 1280w\" sizes=\"auto, (max-width: 1024px) 100vw, 1024px\" \/><\/figure>\n\n\n\n<p><br>La construcci\u00f3n contempla una inversi\u00f3n superior a los 16 millones de pesos, destinada a edificar instalaciones adecuadas, accesibles y preparadas para brindar atenci\u00f3n especializada. Esta obra beneficiar\u00e1 directamente a m\u00e1s de diez mil habitantes de esta zona y de colonias aleda\u00f1as.<\/p>\n\n\n\n<p>Mijes explic\u00f3 que este tipo de proyectos es posible gracias a que Escobedo cuenta hoy con finanzas sanas, procesos administrativos ordenados, digitalizaci\u00f3n en marcha y una visi\u00f3n metropolitana que permite planear y ejecutar obras con sentido social. <\/p>\n\n\n\n<p>Se\u00f1al\u00f3 que cada peso bien administrado se traduce en bienestar para todas y todos.<br>Con esta nueva Estancia Temporal, la Capital de la Transformaci\u00f3n reafirma su compromiso de colocar a las personas mayores en el centro de las pol\u00edticas p\u00fablicas, reconociendo su legado y garantizando su derecho a una vida plena y acompa\u00f1ada.<\/p>\n\n\n\n<figure class=\"wp-block-video\"><video controls src=\"https:\/\/digitalreportmx.com\/wp-content\/uploads\/2025\/11\/1000334685.mp4\"><\/video><\/figure>\n\n\n\n<p><\/p>\n","protected":false},"excerpt":{"rendered":"<p>Escobedo El Gobierno de Escobedo dio arranque a la construcci\u00f3n de la primera Estancia Temporal del Adulto Mayor, un espacio dise\u00f1ado para brindar cuidado, acompa\u00f1amiento y atenci\u00f3n integral a quienes han dedicado su vida a sus familias y comunidad.El proyecto estar\u00e1 ubicado en el sector de La Alianza y representa un paso decisivo para garantizar [&hellip;]<\/p>\n","protected":false},"author":1,"featured_media":24899,"comment_status":"open","ping_status":"open","sticky":false,"template":"","format":"standard","meta":{"om_disable_all_campaigns":false,"_monsterinsights_skip_tracking":false,"_monsterinsights_sitenote_active":false,"_monsterinsights_sitenote_note":"","_monsterinsights_sitenote_category":0,"footnotes":""},"categories":[16,13],"tags":[],"class_list":["post-24898","post","type-post","status-publish","format-standard","has-post-thumbnail","hentry","category-relevante-2","category-reporte-local"],"aioseo_notices":[],"_links":{"self":[{"href":"https:\/\/digitalreportmx.com\/index.php\/wp-json\/wp\/v2\/posts\/24898","targetHints":{"allow":["GET"]}}],"collection":[{"href":"https:\/\/digitalreportmx.com\/index.php\/wp-json\/wp\/v2\/posts"}],"about":[{"href":"https:\/\/digitalreportmx.com\/index.php\/wp-json\/wp\/v2\/types\/post"}],"author":[{"embeddable":true,"href":"https:\/\/digitalreportmx.com\/index.php\/wp-json\/wp\/v2\/users\/1"}],"replies":[{"embeddable":true,"href":"https:\/\/digitalreportmx.com\/index.php\/wp-json\/wp\/v2\/comments?post=24898"}],"version-history":[{"count":2,"href":"https:\/\/digitalreportmx.com\/index.php\/wp-json\/wp\/v2\/posts\/24898\/revisions"}],"predecessor-version":[{"id":24904,"href":"https:\/\/digitalreportmx.com\/index.php\/wp-json\/wp\/v2\/posts\/24898\/revisions\/24904"}],"wp:featuredmedia":[{"embeddable":true,"href":"https:\/\/digitalreportmx.com\/index.php\/wp-json\/wp\/v2\/media\/24899"}],"wp:attachment":[{"href":"https:\/\/digitalreportmx.com\/index.php\/wp-json\/wp\/v2\/media?parent=24898"}],"wp:term":[{"taxonomy":"category","embeddable":true,"href":"https:\/\/digitalreportmx.com\/index.php\/wp-json\/wp\/v2\/categories?post=24898"},{"taxonomy":"post_tag","embeddable":true,"href":"https:\/\/digitalreportmx.com\/index.php\/wp-json\/wp\/v2\/tags?post=24898"}],"curies":[{"name":"wp","href":"https:\/\/api.w.org\/{rel}","templated":true}]}}