{"id":24913,"date":"2025-11-19T14:50:52","date_gmt":"2025-11-19T20:50:52","guid":{"rendered":"https:\/\/digitalreportmx.com\/?p=24913"},"modified":"2025-11-19T14:51:43","modified_gmt":"2025-11-19T20:51:43","slug":"realiza-san-pedro-jornada-del-dia-internacional-del-hombre","status":"publish","type":"post","link":"https:\/\/digitalreportmx.com\/index.php\/2025\/11\/19\/realiza-san-pedro-jornada-del-dia-internacional-del-hombre\/","title":{"rendered":"Realiza San Pedro jornada del D\u00eda Internacional del Hombre"},"content":{"rendered":"\n<p><kbd>San Pedro Garza Garc\u00eda<\/kbd><\/p>\n\n\n\n<p>El Municipio de San Pedro Garza Garc\u00eda llev\u00f3 a cabo una jornada conmemorativa por el D\u00eda Internacional del Hombre, dirigida a los participantes del programa C\u00edrculos de Cambio, como parte de las acciones permanentes de acompa\u00f1amiento y prevenci\u00f3n de la violencia y el delito.<\/p>\n\n\n\n<p>El encuentro organizado por la Direcci\u00f3n de Prevenci\u00f3n Social de la Violencia, de la Secretar\u00eda de Seguridad P\u00fablica, se realiz\u00f3 en el Auditorio de Prevenci\u00f3n San Pedro 400, ubicado en la colonia Revoluci\u00f3n 5to sector, al poniente del municipio, con la participaci\u00f3n de 35 hombres.<\/p>\n\n\n\n<p>La actividad tuvo como prop\u00f3sito visibilizar la importancia de las redes de apoyo entre los asistentes y fortalecer espacios seguros para atender su salud emocional desde una perspectiva preventiva.<\/p>\n\n\n\n<figure class=\"wp-block-image size-large\"><img loading=\"lazy\" decoding=\"async\" width=\"1024\" height=\"682\" src=\"https:\/\/digitalreportmx.com\/wp-content\/uploads\/2025\/11\/1000334757-1024x682.jpg\" alt=\"\" class=\"wp-image-24916\" srcset=\"https:\/\/digitalreportmx.com\/wp-content\/uploads\/2025\/11\/1000334757-1024x682.jpg 1024w, https:\/\/digitalreportmx.com\/wp-content\/uploads\/2025\/11\/1000334757-300x200.jpg 300w, https:\/\/digitalreportmx.com\/wp-content\/uploads\/2025\/11\/1000334757-768x512.jpg 768w, https:\/\/digitalreportmx.com\/wp-content\/uploads\/2025\/11\/1000334757-1536x1024.jpg 1536w, https:\/\/digitalreportmx.com\/wp-content\/uploads\/2025\/11\/1000334757-2048x1365.jpg 2048w\" sizes=\"auto, (max-width: 1024px) 100vw, 1024px\" \/><\/figure>\n\n\n\n<p>Actualmente, la Direcci\u00f3n de Prevenci\u00f3n cuenta con dos grupos activos de trabajo con hombres, en el Centro de Prevenci\u00f3n San Pedro 400. En estos espacios se brinda acompa\u00f1amiento grupal y terapia individual orientados a promover el bienestar integral, la responsabilidad afectiva y la construcci\u00f3n de relaciones m\u00e1s sanas.<\/p>\n\n\n\n<p>Durante la jornada, se cont\u00f3 con la presencia de Dulce Morales Rasc\u00f3n, Directora de Prevenci\u00f3n Social de la Violencia, quien destac\u00f3 la importancia del rol de los hombres en la sociedad, as\u00ed como la necesidad de visibilizar sus emociones y acciones para que se conviertan en agentes de cambio.<\/p>\n\n\n\n<figure class=\"wp-block-image size-full\"><img loading=\"lazy\" decoding=\"async\" width=\"2560\" height=\"1706\" src=\"https:\/\/digitalreportmx.com\/wp-content\/uploads\/2025\/11\/1000334744.jpg\" alt=\"\" class=\"wp-image-24918\" srcset=\"https:\/\/digitalreportmx.com\/wp-content\/uploads\/2025\/11\/1000334744.jpg 2560w, https:\/\/digitalreportmx.com\/wp-content\/uploads\/2025\/11\/1000334744-300x200.jpg 300w, https:\/\/digitalreportmx.com\/wp-content\/uploads\/2025\/11\/1000334744-1024x682.jpg 1024w, https:\/\/digitalreportmx.com\/wp-content\/uploads\/2025\/11\/1000334744-768x512.jpg 768w, https:\/\/digitalreportmx.com\/wp-content\/uploads\/2025\/11\/1000334744-1536x1024.jpg 1536w, https:\/\/digitalreportmx.com\/wp-content\/uploads\/2025\/11\/1000334744-2048x1365.jpg 2048w\" sizes=\"auto, (max-width: 2560px) 100vw, 2560px\" \/><\/figure>\n\n\n\n<p>Al finalizar, se realiz\u00f3 una din\u00e1mica que incluy\u00f3 la entrega de art\u00edculos entre los asistentes, con el objetivo de fortalecer la participaci\u00f3n y permanencia dentro del proceso grupal.<\/p>\n\n\n\n<p>Con estas acciones, la Secretar\u00eda de Seguridad P\u00fablica de San Pedro refrenda su compromiso de impulsar entornos seguros desde el hogar, con un enfoque especial en la prevenci\u00f3n de la violencia y el delito para mantener un solo San Pedro seguro y en paz.<\/p>\n\n\n\n<figure class=\"wp-block-image size-large\"><img loading=\"lazy\" decoding=\"async\" width=\"682\" height=\"1024\" src=\"https:\/\/digitalreportmx.com\/wp-content\/uploads\/2025\/11\/1000334749-682x1024.jpg\" alt=\"\" class=\"wp-image-24921\" srcset=\"https:\/\/digitalreportmx.com\/wp-content\/uploads\/2025\/11\/1000334749-682x1024.jpg 682w, https:\/\/digitalreportmx.com\/wp-content\/uploads\/2025\/11\/1000334749-200x300.jpg 200w, https:\/\/digitalreportmx.com\/wp-content\/uploads\/2025\/11\/1000334749-768x1152.jpg 768w, https:\/\/digitalreportmx.com\/wp-content\/uploads\/2025\/11\/1000334749-1024x1536.jpg 1024w, https:\/\/digitalreportmx.com\/wp-content\/uploads\/2025\/11\/1000334749-1365x2048.jpg 1365w, https:\/\/digitalreportmx.com\/wp-content\/uploads\/2025\/11\/1000334749.jpg 1706w\" sizes=\"auto, (max-width: 682px) 100vw, 682px\" \/><\/figure>\n","protected":false},"excerpt":{"rendered":"<p>San Pedro Garza Garc\u00eda El Municipio de San Pedro Garza Garc\u00eda llev\u00f3 a cabo una jornada conmemorativa por el D\u00eda Internacional del Hombre, dirigida a los participantes del programa C\u00edrculos de Cambio, como parte de las acciones permanentes de acompa\u00f1amiento y prevenci\u00f3n de la violencia y el delito. El encuentro organizado por la Direcci\u00f3n de [&hellip;]<\/p>\n","protected":false},"author":1,"featured_media":24915,"comment_status":"open","ping_status":"open","sticky":false,"template":"","format":"standard","meta":{"om_disable_all_campaigns":false,"_monsterinsights_skip_tracking":false,"_monsterinsights_sitenote_active":false,"_monsterinsights_sitenote_note":"","_monsterinsights_sitenote_category":0,"footnotes":""},"categories":[16,13],"tags":[],"class_list":["post-24913","post","type-post","status-publish","format-standard","has-post-thumbnail","hentry","category-relevante-2","category-reporte-local"],"aioseo_notices":[],"_links":{"self":[{"href":"https:\/\/digitalreportmx.com\/index.php\/wp-json\/wp\/v2\/posts\/24913","targetHints":{"allow":["GET"]}}],"collection":[{"href":"https:\/\/digitalreportmx.com\/index.php\/wp-json\/wp\/v2\/posts"}],"about":[{"href":"https:\/\/digitalreportmx.com\/index.php\/wp-json\/wp\/v2\/types\/post"}],"author":[{"embeddable":true,"href":"https:\/\/digitalreportmx.com\/index.php\/wp-json\/wp\/v2\/users\/1"}],"replies":[{"embeddable":true,"href":"https:\/\/digitalreportmx.com\/index.php\/wp-json\/wp\/v2\/comments?post=24913"}],"version-history":[{"count":3,"href":"https:\/\/digitalreportmx.com\/index.php\/wp-json\/wp\/v2\/posts\/24913\/revisions"}],"predecessor-version":[{"id":24922,"href":"https:\/\/digitalreportmx.com\/index.php\/wp-json\/wp\/v2\/posts\/24913\/revisions\/24922"}],"wp:featuredmedia":[{"embeddable":true,"href":"https:\/\/digitalreportmx.com\/index.php\/wp-json\/wp\/v2\/media\/24915"}],"wp:attachment":[{"href":"https:\/\/digitalreportmx.com\/index.php\/wp-json\/wp\/v2\/media?parent=24913"}],"wp:term":[{"taxonomy":"category","embeddable":true,"href":"https:\/\/digitalreportmx.com\/index.php\/wp-json\/wp\/v2\/categories?post=24913"},{"taxonomy":"post_tag","embeddable":true,"href":"https:\/\/digitalreportmx.com\/index.php\/wp-json\/wp\/v2\/tags?post=24913"}],"curies":[{"name":"wp","href":"https:\/\/api.w.org\/{rel}","templated":true}]}}