{"id":24987,"date":"2025-11-20T16:16:50","date_gmt":"2025-11-20T22:16:50","guid":{"rendered":"https:\/\/digitalreportmx.com\/?p=24987"},"modified":"2025-11-20T16:16:50","modified_gmt":"2025-11-20T22:16:50","slug":"reconoce-fuerza-civil-a-nava-por-buenos-resultados-en-seguridad","status":"publish","type":"post","link":"https:\/\/digitalreportmx.com\/index.php\/2025\/11\/20\/reconoce-fuerza-civil-a-nava-por-buenos-resultados-en-seguridad\/","title":{"rendered":"Reconoce Fuerza Civil a Nava por buenos resultados en seguridad"},"content":{"rendered":"\n<p><kbd>Santa Catarina<\/kbd><\/p>\n\n\n\n<p>Por las acciones preventivas y reactivas que han contribuido en la disminuci\u00f3n de \u00edndices delictivos, el Alcalde de Santa Catarina Jes\u00fas Nava Rivera recibi\u00f3 un reconocimiento y una presea por parte de Gerardo Escamilla Vargas, Titular de Fuerza Civil, en representaci\u00f3n del Grupo de Coordinaci\u00f3n Metropolitana.<\/p>\n\n\n\n<p>Nava Rivera, acompa\u00f1ado del secretario de Seguridad P\u00fablica y Vialidad municipal Jos\u00e9 Mar\u00eda Ram\u00edrez Reyes, agradeci\u00f3 dicho reconocimiento, y destac\u00f3 la estrategia integral implementada en el municipio, que comprende una cercan\u00eda con la comunidad, monitoreo de la ciudad 24\/7, unidades, equipamiento y capacitaci\u00f3n de los polic\u00edas.<\/p>\n\n\n\n<p>\u201cHemos implementado toda una serie de acciones de forma integral para estar m\u00e1s cercanos con la poblaci\u00f3n, contamos con un monitoreo permanente y chats de seguridad enlazados al C4. Con esto se reconoce el esfuerzo, la dedicaci\u00f3n y el servicio de nuestra corporaci\u00f3n de seguridad\u201d, expres\u00f3.<\/p>\n\n\n\n<p>De acuerdo a datos de la Fiscal\u00eda General de Justicia del Estado, Santa Catarina ha obtenido cuatro veces el primer lugar, cinco veces el segundo y en una ocasi\u00f3n el tercer lugar en el Sem\u00e1foro Delictivo, al disminuir considerablemente los delitos en este 2025.<\/p>\n\n\n\n<p>Asimismo, la percepci\u00f3n de inseguridad entre personas mayores de 18 a\u00f1os disminuy\u00f3 significativamente, pasando de 50.1% a 45.5%, lo que representa una ca\u00edda de casi 5 puntos, de acuerdo a datos de la Encuesta Nacional de Seguridad P\u00fablica Urbana (ENSU).<\/p>\n\n\n\n<p>\u201cTodo nuestro reconocimiento a nuestros polic\u00edas por su gran esfuerzo y trabajo que hacen todos los d\u00edas\u201d, dijo el Edil.<\/p>\n\n\n\n<p>Ram\u00edrez Reyes agreg\u00f3 que continuar\u00e1n reforzando las acciones en materia de seguridad para el bienestar y cuidado de los santacatarinenses.<\/p>\n","protected":false},"excerpt":{"rendered":"<p>Santa Catarina Por las acciones preventivas y reactivas que han contribuido en la disminuci\u00f3n de \u00edndices delictivos, el Alcalde de Santa Catarina Jes\u00fas Nava Rivera recibi\u00f3 un reconocimiento y una presea por parte de Gerardo Escamilla Vargas, Titular de Fuerza Civil, en representaci\u00f3n del Grupo de Coordinaci\u00f3n Metropolitana. Nava Rivera, acompa\u00f1ado del secretario de Seguridad [&hellip;]<\/p>\n","protected":false},"author":1,"featured_media":24988,"comment_status":"open","ping_status":"open","sticky":false,"template":"","format":"standard","meta":{"om_disable_all_campaigns":false,"_monsterinsights_skip_tracking":false,"_monsterinsights_sitenote_active":false,"_monsterinsights_sitenote_note":"","_monsterinsights_sitenote_category":0,"footnotes":""},"categories":[16,13],"tags":[],"class_list":["post-24987","post","type-post","status-publish","format-standard","has-post-thumbnail","hentry","category-relevante-2","category-reporte-local"],"aioseo_notices":[],"_links":{"self":[{"href":"https:\/\/digitalreportmx.com\/index.php\/wp-json\/wp\/v2\/posts\/24987","targetHints":{"allow":["GET"]}}],"collection":[{"href":"https:\/\/digitalreportmx.com\/index.php\/wp-json\/wp\/v2\/posts"}],"about":[{"href":"https:\/\/digitalreportmx.com\/index.php\/wp-json\/wp\/v2\/types\/post"}],"author":[{"embeddable":true,"href":"https:\/\/digitalreportmx.com\/index.php\/wp-json\/wp\/v2\/users\/1"}],"replies":[{"embeddable":true,"href":"https:\/\/digitalreportmx.com\/index.php\/wp-json\/wp\/v2\/comments?post=24987"}],"version-history":[{"count":1,"href":"https:\/\/digitalreportmx.com\/index.php\/wp-json\/wp\/v2\/posts\/24987\/revisions"}],"predecessor-version":[{"id":24989,"href":"https:\/\/digitalreportmx.com\/index.php\/wp-json\/wp\/v2\/posts\/24987\/revisions\/24989"}],"wp:featuredmedia":[{"embeddable":true,"href":"https:\/\/digitalreportmx.com\/index.php\/wp-json\/wp\/v2\/media\/24988"}],"wp:attachment":[{"href":"https:\/\/digitalreportmx.com\/index.php\/wp-json\/wp\/v2\/media?parent=24987"}],"wp:term":[{"taxonomy":"category","embeddable":true,"href":"https:\/\/digitalreportmx.com\/index.php\/wp-json\/wp\/v2\/categories?post=24987"},{"taxonomy":"post_tag","embeddable":true,"href":"https:\/\/digitalreportmx.com\/index.php\/wp-json\/wp\/v2\/tags?post=24987"}],"curies":[{"name":"wp","href":"https:\/\/api.w.org\/{rel}","templated":true}]}}