{"id":24996,"date":"2025-11-20T17:03:29","date_gmt":"2025-11-20T23:03:29","guid":{"rendered":"https:\/\/digitalreportmx.com\/?p=24996"},"modified":"2025-11-20T17:03:30","modified_gmt":"2025-11-20T23:03:30","slug":"dialogan-sobre-politicas-publicas-en-favor-de-la-primera-infancia","status":"publish","type":"post","link":"https:\/\/digitalreportmx.com\/index.php\/2025\/11\/20\/dialogan-sobre-politicas-publicas-en-favor-de-la-primera-infancia\/","title":{"rendered":"Dialogan sobre pol\u00edticas publicas en favor de la primera infancia"},"content":{"rendered":"\n<p><kbd>Monterrey<\/kbd>, Nuevo Le\u00f3n<\/p>\n\n\n\n<p>En el marco del 25 aniversario del Encuentro Internacional de Educaci\u00f3n Inicial y Preescolar, la Secretaria de Igualdad e Inclusi\u00f3n de Nuevo Le\u00f3n, Martha Herrera, reconoci\u00f3 que el Estado ha marcado como prioridad atender las condiciones de la primera infancia.<\/p>\n\n\n\n<p>El evento, organizado por los Centros de Desarrollo Infantil (Cendis), Herrera comparti\u00f3 frente a instituciones de m\u00e1s de 30 pa\u00edses, los avances, retos y la visi\u00f3n del Gobierno de Nuevo Le\u00f3n para garantizar el desarrollo integral de ni\u00f1as y ni\u00f1os, esto junto con los titulares de las dependencias de Salud y Educaci\u00f3n, Alma Rosa Marroqu\u00edn y Juan Paura, respectivamente.<\/p>\n\n\n\n<p>&#8220;Encontramos que muchos de los programas existentes no estaban alineados a la estrategia nacional de atenci\u00f3n a la primera infancia, la oferta estaba fragmentada. Hab\u00eda duplicidades en algunas de las dependencias, hab\u00eda duplicidades en los diferentes niveles de gobierno y eso definitivamente estaba impactando negativamente desarrollo de la primera infancia. en el<\/p>\n\n\n\n<p>&#8220;Por eso, desde inicio, el gobernador Samuel Garc\u00eda nos instruy\u00f3 a poner a la primera infancia en el centro y lo que ten\u00edamos que cambiar y est\u00e1bamos claros en este equipo&#8221;, refiri\u00f3 la secretaria.<\/p>\n\n\n\n<p>En su intervenci\u00f3n, Martha Herrera agreg\u00f3 que el poner en el centro el bienestar de las infancias, el acompa\u00f1amiento y las oportunidades para crecer en entornos seguros y de calidad son parte importante para permitir el desarrollo integral de ni\u00f1as y ni\u00f1os.<\/p>\n\n\n\n<p>La secretaria detall\u00f3 que el primer paso fue realizar un diagn\u00f3stico y el firmar el pacto por la Primera Infancia, en el cual se incluyeron metas concretas y la ruta de trabajo.<\/p>\n\n\n\n<p>de y &#8220;Luego instalamos el Sistema Protecci\u00f3n para Ni\u00f1os, Ni\u00f1as Adolescentes, por primera vez la Comisi\u00f3n de la Primera Infancia que me ha tocado el honor de coordinar, en donde estamos las dependencias de Igualdad e Inclusi\u00f3n, tambi\u00e9n Salud, Educaci\u00f3n, el DIF, la Secretar\u00eda de las Mujeres, organizaciones de la sociedad civil, las escuelas, instancias de cooperaci\u00f3n internacional y empresas, participamos m\u00e1s de 200 instituciones en la comisi\u00f3n&#8221;, agreg\u00f3 Herrera.<\/p>\n\n\n\n<p>La titular de la Secretar\u00eda de Igualdad e Inclusi\u00f3n dijo que se han realizado convocatorias para apoyar econ\u00f3micamente y en conjunto con el Estado a organizaciones de la sociedad civil, enfocadas en atender a la primera infancia, y hoy en d\u00eda se cuenta con m\u00e1s 115 estancias que se activaron.<\/p>\n\n\n\n<figure class=\"wp-block-image size-large\"><img loading=\"lazy\" decoding=\"async\" width=\"1024\" height=\"731\" src=\"https:\/\/digitalreportmx.com\/wp-content\/uploads\/2025\/11\/1000336383-1024x731.jpg\" alt=\"\" class=\"wp-image-24998\" srcset=\"https:\/\/digitalreportmx.com\/wp-content\/uploads\/2025\/11\/1000336383-1024x731.jpg 1024w, https:\/\/digitalreportmx.com\/wp-content\/uploads\/2025\/11\/1000336383-300x214.jpg 300w, https:\/\/digitalreportmx.com\/wp-content\/uploads\/2025\/11\/1000336383-768x548.jpg 768w, https:\/\/digitalreportmx.com\/wp-content\/uploads\/2025\/11\/1000336383-1536x1097.jpg 1536w, https:\/\/digitalreportmx.com\/wp-content\/uploads\/2025\/11\/1000336383-2048x1463.jpg 2048w\" sizes=\"auto, (max-width: 1024px) 100vw, 1024px\" \/><\/figure>\n","protected":false},"excerpt":{"rendered":"<p>Monterrey, Nuevo Le\u00f3n En el marco del 25 aniversario del Encuentro Internacional de Educaci\u00f3n Inicial y Preescolar, la Secretaria de Igualdad e Inclusi\u00f3n de Nuevo Le\u00f3n, Martha Herrera, reconoci\u00f3 que el Estado ha marcado como prioridad atender las condiciones de la primera infancia. El evento, organizado por los Centros de Desarrollo Infantil (Cendis), Herrera comparti\u00f3 [&hellip;]<\/p>\n","protected":false},"author":1,"featured_media":24997,"comment_status":"open","ping_status":"open","sticky":false,"template":"","format":"standard","meta":{"om_disable_all_campaigns":false,"_monsterinsights_skip_tracking":false,"_monsterinsights_sitenote_active":false,"_monsterinsights_sitenote_note":"","_monsterinsights_sitenote_category":0,"footnotes":""},"categories":[16,13],"tags":[],"class_list":["post-24996","post","type-post","status-publish","format-standard","has-post-thumbnail","hentry","category-relevante-2","category-reporte-local"],"aioseo_notices":[],"_links":{"self":[{"href":"https:\/\/digitalreportmx.com\/index.php\/wp-json\/wp\/v2\/posts\/24996","targetHints":{"allow":["GET"]}}],"collection":[{"href":"https:\/\/digitalreportmx.com\/index.php\/wp-json\/wp\/v2\/posts"}],"about":[{"href":"https:\/\/digitalreportmx.com\/index.php\/wp-json\/wp\/v2\/types\/post"}],"author":[{"embeddable":true,"href":"https:\/\/digitalreportmx.com\/index.php\/wp-json\/wp\/v2\/users\/1"}],"replies":[{"embeddable":true,"href":"https:\/\/digitalreportmx.com\/index.php\/wp-json\/wp\/v2\/comments?post=24996"}],"version-history":[{"count":1,"href":"https:\/\/digitalreportmx.com\/index.php\/wp-json\/wp\/v2\/posts\/24996\/revisions"}],"predecessor-version":[{"id":24999,"href":"https:\/\/digitalreportmx.com\/index.php\/wp-json\/wp\/v2\/posts\/24996\/revisions\/24999"}],"wp:featuredmedia":[{"embeddable":true,"href":"https:\/\/digitalreportmx.com\/index.php\/wp-json\/wp\/v2\/media\/24997"}],"wp:attachment":[{"href":"https:\/\/digitalreportmx.com\/index.php\/wp-json\/wp\/v2\/media?parent=24996"}],"wp:term":[{"taxonomy":"category","embeddable":true,"href":"https:\/\/digitalreportmx.com\/index.php\/wp-json\/wp\/v2\/categories?post=24996"},{"taxonomy":"post_tag","embeddable":true,"href":"https:\/\/digitalreportmx.com\/index.php\/wp-json\/wp\/v2\/tags?post=24996"}],"curies":[{"name":"wp","href":"https:\/\/api.w.org\/{rel}","templated":true}]}}