{"id":25112,"date":"2025-11-23T17:10:02","date_gmt":"2025-11-23T23:10:02","guid":{"rendered":"https:\/\/digitalreportmx.com\/?p=25112"},"modified":"2025-11-23T17:10:03","modified_gmt":"2025-11-23T23:10:03","slug":"impulsa-nava-desarrollo-de-ninos-y-ninas-con-autismo","status":"publish","type":"post","link":"https:\/\/digitalreportmx.com\/index.php\/2025\/11\/23\/impulsa-nava-desarrollo-de-ninos-y-ninas-con-autismo\/","title":{"rendered":"Impulsa Nava desarrollo de ni\u00f1os y ni\u00f1as con autismo"},"content":{"rendered":"\n<p><kbd>Santa Catarina<\/kbd><\/p>\n\n\n\n<p>El Gobierno de Santa Catarina, a trav\u00e9s del DIF Municipal, realiz\u00f3 una edici\u00f3n especial culinaria del taller Almas Creativas, donde ni\u00f1as y ni\u00f1os con autismo aprendieron habilidades b\u00e1sicas de cocina, fomentando su autonom\u00eda y su participaci\u00f3n en las actividades en el hogar.<\/p>\n\n\n\n<p>La jornada estuvo encabezada por el Alcalde Jes\u00fas Nava Rivera; la Presidenta del DIF Municipal, Paola Garc\u00eda Yves y la Titular de la dependencia, Elizabeth Galicia Ruiz, quienes supervisaron a los participantes en cada una de sus actividades.<\/p>\n\n\n\n<p>\u201cEsta edici\u00f3n culinaria fue dise\u00f1ada especialmente para fortalecer su independencia. Buscamos que nuestros ni\u00f1os aprendan, se desenvuelvan, as\u00ed como colaboren en casa, y poco a poco ganen m\u00e1s autonom\u00eda en su vida diaria\u201d, se\u00f1al\u00f3 el Edil.<\/p>\n\n\n\n<p>Durante el taller, los menores trabajaron de manera guiada para conocer pasos simples y seguros en la cocina a la hora de preparar diversos alimentos, mientras conviv\u00edan en un ambiente adecuado a sus necesidades.<\/p>\n\n\n\n<p>Garc\u00eda Yves destac\u00f3 la importancia de impulsar actividades pr\u00e1cticas donde los menores desarrollen habilidades \u00fatiles para su d\u00eda a d\u00eda.<\/p>\n\n\n\n<p>\u201cEsta edici\u00f3n de Almas Creativas se suma a los esfuerzos que hacemos en el municipio por promover el bienestar, la inclusi\u00f3n y el desarrollo integral de ni\u00f1as y ni\u00f1os autistas en Santa Catarina\u201d, indic\u00f3.<\/p>\n\n\n\n<figure class=\"wp-block-image size-large\"><img loading=\"lazy\" decoding=\"async\" width=\"1024\" height=\"682\" src=\"https:\/\/digitalreportmx.com\/wp-content\/uploads\/2025\/11\/1000340017-1024x682.jpg\" alt=\"\" class=\"wp-image-25115\" srcset=\"https:\/\/digitalreportmx.com\/wp-content\/uploads\/2025\/11\/1000340017-1024x682.jpg 1024w, https:\/\/digitalreportmx.com\/wp-content\/uploads\/2025\/11\/1000340017-300x200.jpg 300w, https:\/\/digitalreportmx.com\/wp-content\/uploads\/2025\/11\/1000340017-768x512.jpg 768w, https:\/\/digitalreportmx.com\/wp-content\/uploads\/2025\/11\/1000340017-1536x1023.jpg 1536w, https:\/\/digitalreportmx.com\/wp-content\/uploads\/2025\/11\/1000340017.jpg 1600w\" sizes=\"auto, (max-width: 1024px) 100vw, 1024px\" \/><\/figure>\n","protected":false},"excerpt":{"rendered":"<p>Santa Catarina El Gobierno de Santa Catarina, a trav\u00e9s del DIF Municipal, realiz\u00f3 una edici\u00f3n especial culinaria del taller Almas Creativas, donde ni\u00f1as y ni\u00f1os con autismo aprendieron habilidades b\u00e1sicas de cocina, fomentando su autonom\u00eda y su participaci\u00f3n en las actividades en el hogar. La jornada estuvo encabezada por el Alcalde Jes\u00fas Nava Rivera; la [&hellip;]<\/p>\n","protected":false},"author":1,"featured_media":25114,"comment_status":"open","ping_status":"open","sticky":false,"template":"","format":"standard","meta":{"om_disable_all_campaigns":false,"_monsterinsights_skip_tracking":false,"_monsterinsights_sitenote_active":false,"_monsterinsights_sitenote_note":"","_monsterinsights_sitenote_category":0,"footnotes":""},"categories":[16,13],"tags":[],"class_list":["post-25112","post","type-post","status-publish","format-standard","has-post-thumbnail","hentry","category-relevante-2","category-reporte-local"],"aioseo_notices":[],"_links":{"self":[{"href":"https:\/\/digitalreportmx.com\/index.php\/wp-json\/wp\/v2\/posts\/25112","targetHints":{"allow":["GET"]}}],"collection":[{"href":"https:\/\/digitalreportmx.com\/index.php\/wp-json\/wp\/v2\/posts"}],"about":[{"href":"https:\/\/digitalreportmx.com\/index.php\/wp-json\/wp\/v2\/types\/post"}],"author":[{"embeddable":true,"href":"https:\/\/digitalreportmx.com\/index.php\/wp-json\/wp\/v2\/users\/1"}],"replies":[{"embeddable":true,"href":"https:\/\/digitalreportmx.com\/index.php\/wp-json\/wp\/v2\/comments?post=25112"}],"version-history":[{"count":1,"href":"https:\/\/digitalreportmx.com\/index.php\/wp-json\/wp\/v2\/posts\/25112\/revisions"}],"predecessor-version":[{"id":25116,"href":"https:\/\/digitalreportmx.com\/index.php\/wp-json\/wp\/v2\/posts\/25112\/revisions\/25116"}],"wp:featuredmedia":[{"embeddable":true,"href":"https:\/\/digitalreportmx.com\/index.php\/wp-json\/wp\/v2\/media\/25114"}],"wp:attachment":[{"href":"https:\/\/digitalreportmx.com\/index.php\/wp-json\/wp\/v2\/media?parent=25112"}],"wp:term":[{"taxonomy":"category","embeddable":true,"href":"https:\/\/digitalreportmx.com\/index.php\/wp-json\/wp\/v2\/categories?post=25112"},{"taxonomy":"post_tag","embeddable":true,"href":"https:\/\/digitalreportmx.com\/index.php\/wp-json\/wp\/v2\/tags?post=25112"}],"curies":[{"name":"wp","href":"https:\/\/api.w.org\/{rel}","templated":true}]}}