{"id":25125,"date":"2025-11-23T19:05:13","date_gmt":"2025-11-24T01:05:13","guid":{"rendered":"https:\/\/digitalreportmx.com\/?p=25125"},"modified":"2025-11-23T19:06:52","modified_gmt":"2025-11-24T01:06:52","slug":"presentan-el-cuento-sobre-migracion-osos-en-el-cielo","status":"publish","type":"post","link":"https:\/\/digitalreportmx.com\/index.php\/2025\/11\/23\/presentan-el-cuento-sobre-migracion-osos-en-el-cielo\/","title":{"rendered":"Presentan el cuento sobre migraci\u00f3n: Osos en el cielo"},"content":{"rendered":"\n<p><kbd>Monterrey<\/kbd><\/p>\n\n\n\n<p>El Instituto Estatal Electoral y de Participaci\u00f3n Ciudadana de Nuevo Le\u00f3n (IEEPCNL) present\u00f3 el cuento infantil <em>Osos en el cielo<\/em>, escrito por Carmen \u00c1vila e ilustrado por David Almaguer, ante alumnas y alumnos de la Escuela Secundaria T\u00e9cnica No. 38 Juan Olivas Franco y ciudadan\u00eda en general, este 21 de noviembre.<\/p>\n\n\n\n<p>El Consejero Electoral, Diego Aar\u00f3n G\u00f3mez Herrera, destac\u00f3 que esta obra de la colecci\u00f3n Libros de la Anacahuita del Instituto, invita a reflexionar los desaf\u00edos que enfrentan las personas migrantes en la b\u00fasqueda de mejores oportunidades.<\/p>\n\n\n\n<p>\u201cLa obra es muy intensa, en el sentido de que les va a evocar muchas emociones, emociones muy fuertes y yo creo que, \u00e9sa es una de las intenciones de la autora, de contemplar lo que es la migraci\u00f3n, desde una perspectiva humana\u201d, expres\u00f3 G\u00f3mez Herrera, al moderar el evento en el IEEPCNL.<\/p>\n\n\n\n<p>Durante la presentaci\u00f3n, Carmen \u00c1vila comparti\u00f3 que, para escribir la historia de <em>Osos en el cielo,<\/em> protagonizada por Osiel Osorio, un oso audaz que viaja de Per\u00fa a Estados Unidos, se inspir\u00f3 en diversas experiencias y testimonios sobre migraci\u00f3n que ha experimentado.<\/p>\n\n\n\n<p>\u201c\u00c9chenle un ojo. Este libro lo escrib\u00ed para que sintamos la compasi\u00f3n hacia las personas que migran, que (el desplazamiento) no es su elecci\u00f3n muchas veces, que se ven forzados y que aqu\u00ed lo vemos en Nuevo Le\u00f3n, en Coahuila\u201d, enfatiz\u00f3 la autora.<\/p>\n\n\n\n<p>A su vez, Grethy Manzanares, representante en Nuevo Le\u00f3n de la Asociaci\u00f3n de Nicarag\u00fcenses en M\u00e9xico, consider\u00f3 que, como mujer migrante, el libro de Carmen \u00c1vila, representa un \u201cabrazo al alma\u201d, partiendo de las aventuras de su personaje principal.<\/p>\n\n\n\n<p>\u201c\u00bfQu\u00e9 fue del viaje del oso Osiel Osorio? \u00bfLogr\u00f3 llegar a ese lugar d\u00f3nde \u00e9l pensaba que iba a hacer feliz? Lean el libro. Van a encontrar ah\u00ed la sensaci\u00f3n de que pueden estar en la piel de este osito en todo su viaje, pero tambi\u00e9n van a encontrar mucha sabidur\u00eda del pap\u00e1 oso\u201d, invit\u00f3 Manzanares.<\/p>\n\n\n\n<p>Por su parte, Marisol Vera Guerra, Directora de Ediciones Morgana, resalt\u00f3 que esta obra de literatura infantil aborda temas complejos como la migraci\u00f3n a trav\u00e9s de s\u00edmbolos, experiencias y reflexiones conmovedoras.<\/p>\n\n\n\n<p>\u201cEl libro de Carmen \u00c1vila piensa en un personaje, recopila todas estas experiencias y nos conecta con nuestros relatos personales\u201d, coment\u00f3 Vera Guerra.<\/p>\n\n\n\n<p>Al evento asistieron por parte del IEEPCNL, las Consejer\u00edas Electorales, Alejandra Esquivel Quintero, Carlos Alberto Pi\u00f1a Loredo y Michael Alberto Banda Espinosa, as\u00ed como el Secretario Ejecutivo, Mart\u00edn Gonz\u00e1lez Mu\u00f1oz.<\/p>\n\n\n\n<p><em>Osos en el cielo<\/em> es un libro gratuito y puede leerse y\/o descargarse en:<\/p>\n\n\n\n<figure class=\"wp-block-embed\"><div class=\"wp-block-embed__wrapper\">\nhttps:\/\/www.ieepcnl.mx\/data\/info\/publicaciones\/2025\/OsosEnElCielo.pdf\n<\/div><\/figure>\n","protected":false},"excerpt":{"rendered":"<p>Monterrey El Instituto Estatal Electoral y de Participaci\u00f3n Ciudadana de Nuevo Le\u00f3n (IEEPCNL) present\u00f3 el cuento infantil Osos en el cielo, escrito por Carmen \u00c1vila e ilustrado por David Almaguer, ante alumnas y alumnos de la Escuela Secundaria T\u00e9cnica No. 38 Juan Olivas Franco y ciudadan\u00eda en general, este 21 de noviembre. El Consejero Electoral, [&hellip;]<\/p>\n","protected":false},"author":1,"featured_media":25127,"comment_status":"open","ping_status":"open","sticky":false,"template":"","format":"standard","meta":{"om_disable_all_campaigns":false,"_monsterinsights_skip_tracking":false,"_monsterinsights_sitenote_active":false,"_monsterinsights_sitenote_note":"","_monsterinsights_sitenote_category":0,"footnotes":""},"categories":[12,16],"tags":[],"class_list":["post-25125","post","type-post","status-publish","format-standard","has-post-thumbnail","hentry","category-cooltura","category-relevante-2"],"aioseo_notices":[],"_links":{"self":[{"href":"https:\/\/digitalreportmx.com\/index.php\/wp-json\/wp\/v2\/posts\/25125","targetHints":{"allow":["GET"]}}],"collection":[{"href":"https:\/\/digitalreportmx.com\/index.php\/wp-json\/wp\/v2\/posts"}],"about":[{"href":"https:\/\/digitalreportmx.com\/index.php\/wp-json\/wp\/v2\/types\/post"}],"author":[{"embeddable":true,"href":"https:\/\/digitalreportmx.com\/index.php\/wp-json\/wp\/v2\/users\/1"}],"replies":[{"embeddable":true,"href":"https:\/\/digitalreportmx.com\/index.php\/wp-json\/wp\/v2\/comments?post=25125"}],"version-history":[{"count":1,"href":"https:\/\/digitalreportmx.com\/index.php\/wp-json\/wp\/v2\/posts\/25125\/revisions"}],"predecessor-version":[{"id":25126,"href":"https:\/\/digitalreportmx.com\/index.php\/wp-json\/wp\/v2\/posts\/25125\/revisions\/25126"}],"wp:featuredmedia":[{"embeddable":true,"href":"https:\/\/digitalreportmx.com\/index.php\/wp-json\/wp\/v2\/media\/25127"}],"wp:attachment":[{"href":"https:\/\/digitalreportmx.com\/index.php\/wp-json\/wp\/v2\/media?parent=25125"}],"wp:term":[{"taxonomy":"category","embeddable":true,"href":"https:\/\/digitalreportmx.com\/index.php\/wp-json\/wp\/v2\/categories?post=25125"},{"taxonomy":"post_tag","embeddable":true,"href":"https:\/\/digitalreportmx.com\/index.php\/wp-json\/wp\/v2\/tags?post=25125"}],"curies":[{"name":"wp","href":"https:\/\/api.w.org\/{rel}","templated":true}]}}