{"id":25147,"date":"2025-11-23T21:04:53","date_gmt":"2025-11-24T03:04:53","guid":{"rendered":"https:\/\/digitalreportmx.com\/?p=25147"},"modified":"2025-11-23T21:04:54","modified_gmt":"2025-11-24T03:04:54","slug":"deja-huella-25-encuentro-mundial-de-educacion-cendi","status":"publish","type":"post","link":"https:\/\/digitalreportmx.com\/index.php\/2025\/11\/23\/deja-huella-25-encuentro-mundial-de-educacion-cendi\/","title":{"rendered":"Deja huella 25\u00b0 Encuentro Mundial de Educaci\u00f3n CENDI"},"content":{"rendered":"\n<p><kbd>Monterrey<\/kbd><\/p>\n\n\n\n<p>Satisfecha porque el 25\u00b0 Encuentro Internacional de Educaci\u00f3n Inicial y Preescolar dej\u00f3 huella y el beneficio ser\u00e1 para ni\u00f1as y ni\u00f1os en su infancia temprana, la directora general de los Centros de Desarrollo Infantil (CENDI) del Frente Popular \u2018Tierra y Libertad\u2019, la maestra Lupita Rodr\u00edguez Mart\u00ednez present\u00f3 hoy la Relator\u00eda del Encuentro.<\/p>\n\n\n\n<p>Refiri\u00f3 a la experta infantil de los Estados Unidos, Mary E-Ming Young, quien se\u00f1al\u00f3 que la celebraci\u00f3n del evento es un movimiento radical y hol\u00edstico convertido en encuentro de mentes comprometidas con una misma visi\u00f3n: que cada ni\u00f1a y ni\u00f1o merece vivir y tambi\u00e9n prosperar.<\/p>\n\n\n\n<p>\u201c25 a\u00f1os de di\u00e1logo, acci\u00f3n y aprendizaje se han convertido en un puente entre la ciencia y la pr\u00e1ctica, en una innovaci\u00f3n constante que el mundo necesita para la pr\u00f3xima era, donde prospere con equidad e inclusi\u00f3n nutrida una cultura de cuidado infantil\u201d, cit\u00f3.<\/p>\n\n\n\n<p>Expuso que el desaf\u00edo de la comunidad educadora es transformar el aula en un espacio de participaci\u00f3n real, donde la palabra de las infancias tenga peso en las decisiones y \u201cas\u00ed formar ni\u00f1as y ni\u00f1os que expresen mi vida importa, mi voz cuenta, soy capaz de cuidar y de construir un mundo m\u00e1s justo\u201d.<\/p>\n\n\n\n<p>Esto constituye, dijo, la base para una ciudadan\u00eda equitativa y \u201ceste futuro inicia cada d\u00eda con la interacci\u00f3n sensible y consciente entre maestras y alumnos y en esos gestos cotidianos se abren m\u00faltiples oportunidades que dignifican la experiencia infantil\u201d.<\/p>\n\n\n\n<p>En la Relator\u00eda record\u00f3 que el titular de la SEP, Mario Delgado Carrillo ratific\u00f3 su compromiso de dar prioridad a los CENDI para servir como el modelo de educaci\u00f3n inicial a implementar en todo el pa\u00eds, dio cuenta de 26 talleres, doce conferencias y seis paneles realizados y la presentaci\u00f3n de los libros \u201cSomos Naturaleza\u201d, del colombiano Marcelo Enrique Caruso Azc\u00e1rate\u201d y \u201cAlimentaci\u00f3n Complementaria\u201d, de T\u00e1mara D\u00edaz Lorenzo y Regino Pi\u00f1eiro Lamas, investigadores cubanos, as\u00ed como de la XV Reuni\u00f3n de la Red Hemisf\u00e9rica de Parlamentarios y Exparlamentarios por la Primera Infancia, con la participaci\u00f3n de cien legisladores de doce pa\u00edses.<\/p>\n\n\n\n<p>\u201cEsperamos haber cumplido las expectativas y los prop\u00f3sitos del Comit\u00e9 Organizador, del Comit\u00e9 Cient\u00edfico y de los organismos co-auspiciantes\u201d, dijo y agradeci\u00f3 a todas y a todos los asistentes.<\/p>\n\n\n\n<p>El senador y principal gestor de los CENDI, Alberto Anaya Guti\u00e9rrez clausur\u00f3 el Encuentro y pidi\u00f3 a las universidades p\u00fablicas y privadas de todo el pa\u00eds que hagan carrera de Estado a la Licenciatura en Educaci\u00f3n Inicial, que estudia la ni\u00f1ez desde la preconcepci\u00f3n hasta los seis a\u00f1os y as\u00ed poder cumplir con una obligaci\u00f3n constitucional.<\/p>\n\n\n\n<p>\u201cNo les pedimos presupuestos, sino que le den marco jur\u00eddico y la hagan carrera de Estado, porque somos contradictorios con el lamentable incendio en una instituci\u00f3n donde ni\u00f1os murieron y ning\u00fan adulto muri\u00f3\u201d, coment\u00f3 en referencia a la Guarder\u00eda ABC de Hermosillo, Sonora.<\/p>\n\n\n\n<p>Se\u00f1al\u00f3 que en Nuevo Le\u00f3n est\u00e1 la \u00fanica Universidad del pa\u00eds que ofrece la Licenciatura de Educaci\u00f3n Inicial y es la Universidad Emiliano Zapata (UNEZ).<\/p>\n\n\n\n<p>Anaya Guti\u00e9rrez fue condecorado con la Medalla \u2018Dr. Fraser Mustard\u2019, por su trayectoria al servicio de la educaci\u00f3n de la primera infancia.<\/p>\n","protected":false},"excerpt":{"rendered":"<p>Monterrey Satisfecha porque el 25\u00b0 Encuentro Internacional de Educaci\u00f3n Inicial y Preescolar dej\u00f3 huella y el beneficio ser\u00e1 para ni\u00f1as y ni\u00f1os en su infancia temprana, la directora general de los Centros de Desarrollo Infantil (CENDI) del Frente Popular \u2018Tierra y Libertad\u2019, la maestra Lupita Rodr\u00edguez Mart\u00ednez present\u00f3 hoy la Relator\u00eda del Encuentro. Refiri\u00f3 a [&hellip;]<\/p>\n","protected":false},"author":1,"featured_media":25148,"comment_status":"open","ping_status":"open","sticky":false,"template":"","format":"standard","meta":{"om_disable_all_campaigns":false,"_monsterinsights_skip_tracking":false,"_monsterinsights_sitenote_active":false,"_monsterinsights_sitenote_note":"","_monsterinsights_sitenote_category":0,"footnotes":""},"categories":[16,13],"tags":[],"class_list":["post-25147","post","type-post","status-publish","format-standard","has-post-thumbnail","hentry","category-relevante-2","category-reporte-local"],"aioseo_notices":[],"_links":{"self":[{"href":"https:\/\/digitalreportmx.com\/index.php\/wp-json\/wp\/v2\/posts\/25147","targetHints":{"allow":["GET"]}}],"collection":[{"href":"https:\/\/digitalreportmx.com\/index.php\/wp-json\/wp\/v2\/posts"}],"about":[{"href":"https:\/\/digitalreportmx.com\/index.php\/wp-json\/wp\/v2\/types\/post"}],"author":[{"embeddable":true,"href":"https:\/\/digitalreportmx.com\/index.php\/wp-json\/wp\/v2\/users\/1"}],"replies":[{"embeddable":true,"href":"https:\/\/digitalreportmx.com\/index.php\/wp-json\/wp\/v2\/comments?post=25147"}],"version-history":[{"count":1,"href":"https:\/\/digitalreportmx.com\/index.php\/wp-json\/wp\/v2\/posts\/25147\/revisions"}],"predecessor-version":[{"id":25149,"href":"https:\/\/digitalreportmx.com\/index.php\/wp-json\/wp\/v2\/posts\/25147\/revisions\/25149"}],"wp:featuredmedia":[{"embeddable":true,"href":"https:\/\/digitalreportmx.com\/index.php\/wp-json\/wp\/v2\/media\/25148"}],"wp:attachment":[{"href":"https:\/\/digitalreportmx.com\/index.php\/wp-json\/wp\/v2\/media?parent=25147"}],"wp:term":[{"taxonomy":"category","embeddable":true,"href":"https:\/\/digitalreportmx.com\/index.php\/wp-json\/wp\/v2\/categories?post=25147"},{"taxonomy":"post_tag","embeddable":true,"href":"https:\/\/digitalreportmx.com\/index.php\/wp-json\/wp\/v2\/tags?post=25147"}],"curies":[{"name":"wp","href":"https:\/\/api.w.org\/{rel}","templated":true}]}}