{"id":25154,"date":"2025-11-24T12:23:42","date_gmt":"2025-11-24T18:23:42","guid":{"rendered":"https:\/\/digitalreportmx.com\/?p=25154"},"modified":"2025-11-24T19:16:42","modified_gmt":"2025-11-25T01:16:42","slug":"deslumbra-gerda-gruber-entre-verde-y-agua-en-marco","status":"publish","type":"post","link":"https:\/\/digitalreportmx.com\/index.php\/2025\/11\/24\/deslumbra-gerda-gruber-entre-verde-y-agua-en-marco\/","title":{"rendered":"Deslumbra Gerda Gruber: Entre verde y agua en MARCO"},"content":{"rendered":"\n<p><kbd>Monterrey<\/kbd><br>El Museo de Arte Contempor\u00e1neo de Monterrey presenta la exposici\u00f3n Gerda Gruber: Entre verde y agua, la revisi\u00f3n m\u00e1s amplia hasta ahora de la artista, considerada un referente en la escultura contempor\u00e1nea de M\u00e9xico.<br>Nacida en 1940 en Bratislava, capital de Eslovaquia, Gruber lleg\u00f3 a M\u00e9xico en 1975. <\/p>\n\n\n\n<p>Desde su llegada hace 50 a\u00f1os, la artista ha trabajado de manera comprometida en su carrera art\u00edstica, que ha desarrollado a la par de su labor docente, formando a varias generaciones, teniendo como alumnos a artistas como Miriam Medrez y Javier Mar\u00edn.<br>La artista vivi\u00f3 en Ciudad de M\u00e9xico entre 1975 y 1988. Dentro de ese periodo, en 1976 fund\u00f3 el Taller de escultura en barro de la entonces Academia de San Carlos, donde imparti\u00f3 clases. <\/p>\n\n\n\n<figure class=\"wp-block-image size-large\"><img loading=\"lazy\" decoding=\"async\" width=\"943\" height=\"1024\" src=\"https:\/\/digitalreportmx.com\/wp-content\/uploads\/2025\/11\/1000341951-943x1024.jpg\" alt=\"\" class=\"wp-image-25210\" srcset=\"https:\/\/digitalreportmx.com\/wp-content\/uploads\/2025\/11\/1000341951-943x1024.jpg 943w, https:\/\/digitalreportmx.com\/wp-content\/uploads\/2025\/11\/1000341951-276x300.jpg 276w, https:\/\/digitalreportmx.com\/wp-content\/uploads\/2025\/11\/1000341951-768x834.jpg 768w, https:\/\/digitalreportmx.com\/wp-content\/uploads\/2025\/11\/1000341951.jpg 975w\" sizes=\"auto, (max-width: 943px) 100vw, 943px\" \/><\/figure>\n\n\n\n<p>Y en 1977 hizo su primer viaje a Nuevo Le\u00f3n, donde tuvo visitas y estancias intermitentes durante un periodo de 20 a\u00f1os, estableciendo colaboraciones con empresas de la regi\u00f3n, como Cer\u00e1mica Regiomontana, Aceros Monterrey y Vitro, lo que le permiti\u00f3 explorar nuevos materiales en un entorno industrial.<br>Por otro lado, la artista comenz\u00f3 a trabajar con el barro a partir de su inter\u00e9s por las culturas prehisp\u00e1nicas, impulsando tambi\u00e9n a sus alumnos a trabajarlo. <\/p>\n\n\n\n<figure class=\"wp-block-image size-full\"><img loading=\"lazy\" decoding=\"async\" width=\"800\" height=\"532\" src=\"https:\/\/digitalreportmx.com\/wp-content\/uploads\/2025\/11\/1000341940-1.jpg\" alt=\"\" class=\"wp-image-25211\" srcset=\"https:\/\/digitalreportmx.com\/wp-content\/uploads\/2025\/11\/1000341940-1.jpg 800w, https:\/\/digitalreportmx.com\/wp-content\/uploads\/2025\/11\/1000341940-1-300x200.jpg 300w, https:\/\/digitalreportmx.com\/wp-content\/uploads\/2025\/11\/1000341940-1-768x511.jpg 768w\" sizes=\"auto, (max-width: 800px) 100vw, 800px\" \/><\/figure>\n\n\n\n<p>Su constante inquietud y curiosidad por explorar nuevos panoramas la condujeron a Yucat\u00e1n, donde ha trabajado con madera y otros materiales org\u00e1nicos, adem\u00e1s de establecer ah\u00ed su residencia, desde finales de los a\u00f1os 80.<br>Bajo la curadur\u00eda de Daniela P\u00e9rez, la exhibici\u00f3n contextualiza a la artista y su producci\u00f3n, ahondando en su investigaci\u00f3n art\u00edstica enfocada tanto en los ciclos de transformaci\u00f3n natural como en la escultura en evoluci\u00f3n, que identifica la inteligencia en forma de semilla, como refugio y fuente de vida. <\/p>\n\n\n\n<p>La selecci\u00f3n incluye 113 obras realizadas a partir de su llegada a M\u00e9xico; las m\u00e1s antiguas son de mediados de los a\u00f1os 70, algunas piezas datan de los 80, y la mayor\u00eda son a partir de los 90 hasta la actualidad.<\/p>\n\n\n\n<figure class=\"wp-block-image size-large\"><img loading=\"lazy\" decoding=\"async\" width=\"1024\" height=\"683\" src=\"https:\/\/digitalreportmx.com\/wp-content\/uploads\/2025\/11\/1000341931-1-1024x683.jpg\" alt=\"\" class=\"wp-image-25212\" srcset=\"https:\/\/digitalreportmx.com\/wp-content\/uploads\/2025\/11\/1000341931-1-1024x683.jpg 1024w, https:\/\/digitalreportmx.com\/wp-content\/uploads\/2025\/11\/1000341931-1-300x200.jpg 300w, https:\/\/digitalreportmx.com\/wp-content\/uploads\/2025\/11\/1000341931-1-768x512.jpg 768w, https:\/\/digitalreportmx.com\/wp-content\/uploads\/2025\/11\/1000341931-1-1536x1024.jpg 1536w, https:\/\/digitalreportmx.com\/wp-content\/uploads\/2025\/11\/1000341931-1-2048x1365.jpg 2048w\" sizes=\"auto, (max-width: 1024px) 100vw, 1024px\" \/><figcaption class=\"wp-element-caption\">Gerda Gruber entre verde y agua Museo MARCO 2025<\/figcaption><\/figure>\n\n\n\n<p><br>\u201cLa preocupaci\u00f3n de Gerda por la vida vegetal le ha permitido integrar una interpretaci\u00f3n \u00fanica desde su imaginario art\u00edstico a partir del impacto de las capas de estructuras y de resguardo que le maravillan reconocer en semillas, sombra, viento, plantas, luz, nidos, agua, el movimiento, las plantas, e inclusive, la tradici\u00f3n proveniente del conocimiento milenario\u201d, indica Daniela P\u00e9rez, curadora de la muestra.<br>\u201cCon sus propuestas intuitivas, hoy celebramos la vigencia de una producci\u00f3n que, a lo largo del tiempo, ha encontrado caminos que le permiten mantenerse fiel y siempre en b\u00fasqueda de profundizaci\u00f3n, ante la evoluci\u00f3n escult\u00f3rica de los refugios que se comunican inevitablemente de ra\u00edz con la tierra\u201d.<br>A lo largo de las cuatro salas de planta baja por donde se despliega la muestra, las obras se distribuyen no por orden cronol\u00f3gico ni tem\u00e1tico, sino por los v\u00ednculos mat\u00e9ricos y discursivos entre sus creaciones. <\/p>\n\n\n\n<p>Como las obras son de distintas \u00e9pocas, materiales y narrativas, la decisi\u00f3n curatorial fue integrarlas bajo ciertos aspectos relevantes que coinciden en la producci\u00f3n de Gruber, permitiendo as\u00ed que convivan independientemente del periodo en el que fueron creadas:<br>Las relaciones posibles entre los materiales: a la artista le interesa huir de las convenciones y abrirse a experimentar con diversos materiales, pues considera que es una forma de encontrar fragmentos dispersos de s\u00ed misma en su entorno, a trav\u00e9s de la naturaleza, que contiene ciclos de vida complejos.<br>Sus diferentes investigaciones y procesos: Por la escala del espacio expositivo y el formato de revisi\u00f3n de la muestra, por primera vez se podr\u00e1n ver en conjunto tanto el proceso creativo de la artista como sus diferentes intereses en su investigaci\u00f3n art\u00edstica que ha realizado por a\u00f1os.<\/p>\n\n\n\n<figure class=\"wp-block-image size-large\"><img loading=\"lazy\" decoding=\"async\" width=\"683\" height=\"1024\" src=\"https:\/\/digitalreportmx.com\/wp-content\/uploads\/2025\/11\/1000341960-683x1024.jpg\" alt=\"\" class=\"wp-image-25215\" srcset=\"https:\/\/digitalreportmx.com\/wp-content\/uploads\/2025\/11\/1000341960-683x1024.jpg 683w, https:\/\/digitalreportmx.com\/wp-content\/uploads\/2025\/11\/1000341960-200x300.jpg 200w, https:\/\/digitalreportmx.com\/wp-content\/uploads\/2025\/11\/1000341960-768x1152.jpg 768w, https:\/\/digitalreportmx.com\/wp-content\/uploads\/2025\/11\/1000341960-1024x1536.jpg 1024w, https:\/\/digitalreportmx.com\/wp-content\/uploads\/2025\/11\/1000341960-1365x2048.jpg 1365w, https:\/\/digitalreportmx.com\/wp-content\/uploads\/2025\/11\/1000341960-scaled.jpg 1707w\" sizes=\"auto, (max-width: 683px) 100vw, 683px\" \/><figcaption class=\"wp-element-caption\">Museo MARCO 2025<\/figcaption><\/figure>\n\n\n\n<p>La curadora Daniela P\u00e9rez se\u00f1ala que a la artista le interesa investigar \u201cel estudio de la energ\u00eda regenerativa de lo natural, los ciclos, la transformaci\u00f3n, los procesos, la existencia y la vida\u201d.<br>La exposici\u00f3n forma parte del esfuerzo de MARCO por revisar la producci\u00f3n de artistas cuya trayectoria ha tenido un impacto y relevancia tanto en la escena nacional como en la internacional. <\/p>\n\n\n\n<p>Con la exhibici\u00f3n de Gerda Gruber, el museo a trav\u00e9s de su colaboraci\u00f3n interinstitucional con el MAM, realiza un aporte hist\u00f3rico en el arte tanto de M\u00e9xico como de Nuevo Le\u00f3n, al revisar y analizar la producci\u00f3n de una artista que ha impactado al arte contempor\u00e1neo, tanto con su producci\u00f3n art\u00edstica como con su compromiso en la formaci\u00f3n art\u00edstica.<\/p>\n\n\n\n<figure class=\"wp-block-image size-large\"><img loading=\"lazy\" decoding=\"async\" width=\"1024\" height=\"683\" src=\"https:\/\/digitalreportmx.com\/wp-content\/uploads\/2025\/11\/1000341964-1024x683.jpg\" alt=\"\" class=\"wp-image-25217\" srcset=\"https:\/\/digitalreportmx.com\/wp-content\/uploads\/2025\/11\/1000341964-1024x683.jpg 1024w, https:\/\/digitalreportmx.com\/wp-content\/uploads\/2025\/11\/1000341964-300x200.jpg 300w, https:\/\/digitalreportmx.com\/wp-content\/uploads\/2025\/11\/1000341964-768x512.jpg 768w, https:\/\/digitalreportmx.com\/wp-content\/uploads\/2025\/11\/1000341964-1536x1024.jpg 1536w, https:\/\/digitalreportmx.com\/wp-content\/uploads\/2025\/11\/1000341964-2048x1365.jpg 2048w\" sizes=\"auto, (max-width: 1024px) 100vw, 1024px\" \/><\/figure>\n\n\n\n<p><br>RECORRIDO POR SALAS<br>En la exposici\u00f3n de Gerda Gruber se encuentran tambi\u00e9n intervenciones de la artista, piezas in\u00e9ditas y esculturas presentadas a manera de instalaci\u00f3n, ahondando as\u00ed desde distintas perspectivas en el inter\u00e9s de la artista por la exploraci\u00f3n y la reflexi\u00f3n en torno a lo natural.<br>Una l\u00ednea de semillas insertada en el muro se encontrar\u00e1 al inicio de la muestra como una especie de apropiaci\u00f3n temporal del espacio del museo. Sus esculturas en porcelana y cer\u00e1mica de peque\u00f1o formato se re\u00fanen en una plataforma amplia, mientras que las de gran formato estar\u00e1n distribuidas en el espacio. Adem\u00e1s, se incluye una videoproyecci\u00f3n que muestra a la artista y su proceso de creaci\u00f3n. <\/p>\n\n\n\n<p>Por otro lado, las esculturas en madera hacen referencia al bosque, pues las maderas provienen de \u00e1rboles de frutos como aguacate, tamarindo, zapote, entre otros.<br>En esta primera sala se encuentra un fotomural que muestra una de las primeras obras de sitio espec\u00edfico y para el exterior que la artista hizo en Monterrey, de 1996; es Sin t\u00edtulo, aunque coloquialmente se le conoce como Conuco. Entre sus obras recientes est\u00e1 Navegar hacia\u2026 (2020-2022) una canoa elaborada con bamb\u00fa, manta y 700 piezas de arcilla, instalada en homenaje a los fallecidos por la pandemia del Covid-19 en Yucat\u00e1n.<br>Las semillas se han convertido en uno de los elementos m\u00e1s significativos de su producci\u00f3n, y en la segunda sala se re\u00fanen proyectos acerca de este inter\u00e9s. Uno es Campo magn\u00e9tico, una intervenci\u00f3n en una escuela p\u00fablica de Yucat\u00e1n que se muestra a trav\u00e9s de fotograf\u00eda. <\/p>\n\n\n\n<figure class=\"wp-block-image size-large\"><img loading=\"lazy\" decoding=\"async\" width=\"683\" height=\"1024\" src=\"https:\/\/digitalreportmx.com\/wp-content\/uploads\/2025\/11\/1000341961-683x1024.jpg\" alt=\"\" class=\"wp-image-25220\" srcset=\"https:\/\/digitalreportmx.com\/wp-content\/uploads\/2025\/11\/1000341961-683x1024.jpg 683w, https:\/\/digitalreportmx.com\/wp-content\/uploads\/2025\/11\/1000341961-200x300.jpg 200w, https:\/\/digitalreportmx.com\/wp-content\/uploads\/2025\/11\/1000341961-768x1152.jpg 768w, https:\/\/digitalreportmx.com\/wp-content\/uploads\/2025\/11\/1000341961-1024x1536.jpg 1024w, https:\/\/digitalreportmx.com\/wp-content\/uploads\/2025\/11\/1000341961-1365x2048.jpg 1365w, https:\/\/digitalreportmx.com\/wp-content\/uploads\/2025\/11\/1000341961-scaled.jpg 1707w\" sizes=\"auto, (max-width: 683px) 100vw, 683px\" \/><figcaption class=\"wp-element-caption\">Museo MARCO 2025<\/figcaption><\/figure>\n\n\n\n<p>Ah\u00ed, la artista, al observar que los alumnos no contaban con ning\u00fan tipo de vegetaci\u00f3n en el \u00e1rea recreativa, realiz\u00f3 una intervenci\u00f3n donde sembr\u00f3 \u00e1rboles neem colocados dentro de un espacio circular dise\u00f1ado por ella. <\/p>\n\n\n\n<p>Otro proyecto es la investigaci\u00f3n Cat\u00e1logo de semillas, cuyo detonante es la teor\u00eda de la NASA que pronostica un aumento en el nivel del mar por el cambio clim\u00e1tico que podr\u00eda sumergir algunas zonas de Yucat\u00e1n. <\/p>\n\n\n\n<p>El proyecto contempla la serie de esculturas Contenedores de semillas; en la exposici\u00f3n, se tiene planeado que al cierre de la muestra en MARCO, uno de esos contenedores resguarde en su interior un grupo de semillas provenientes de especies de Yucat\u00e1n y sea sepultado como c\u00e1psula de tiempo.<br>En la tercera sala predominan las esculturas trabajadas con procesos m\u00e1s relacionados con ensamble, tejido y uni\u00f3n, que refieren a formas similares a los capullos de la naturaleza. <\/p>\n\n\n\n<p>La serie de esculturas Semillas de jabim I, II y III, (2024) as\u00ed como Estructura de semilla de jabim I-III (2024-5) y Capullo (2023), se presentan suspendidas desde el techo mediante un tejido que las conecta.<\/p>\n\n\n\n<figure class=\"wp-block-image size-large\"><img loading=\"lazy\" decoding=\"async\" width=\"1024\" height=\"683\" src=\"https:\/\/digitalreportmx.com\/wp-content\/uploads\/2025\/11\/1000341983-1024x683.jpg\" alt=\"\" class=\"wp-image-25222\" srcset=\"https:\/\/digitalreportmx.com\/wp-content\/uploads\/2025\/11\/1000341983-1024x683.jpg 1024w, https:\/\/digitalreportmx.com\/wp-content\/uploads\/2025\/11\/1000341983-300x200.jpg 300w, https:\/\/digitalreportmx.com\/wp-content\/uploads\/2025\/11\/1000341983-768x512.jpg 768w, https:\/\/digitalreportmx.com\/wp-content\/uploads\/2025\/11\/1000341983-1536x1024.jpg 1536w, https:\/\/digitalreportmx.com\/wp-content\/uploads\/2025\/11\/1000341983-2048x1365.jpg 2048w\" sizes=\"auto, (max-width: 1024px) 100vw, 1024px\" \/><figcaption class=\"wp-element-caption\">Gerda Gruber entre verde y agua Museo MARCO 2025<\/figcaption><\/figure>\n\n\n\n<p><br>Para la cuarta y \u00faltima sala se re\u00fanen entre otras, esculturas en barro, uno de los materiales m\u00e1s significativos en la producci\u00f3n de la artista. Tambi\u00e9n se encuentran esculturas en madera y fieltro, otro de los m\u00e1s recientes materiales explorados por la artista como parte de su incesante experimentaci\u00f3n.<br>MARCO agradece el apoyo del Gobierno del Estado de Nuevo Le\u00f3n a trav\u00e9s de la Secretar\u00eda de Cultura del Estado de Nuevo Le\u00f3n, al Museo de Arte Moderno de la Ciudad de M\u00e9xico y al INBAL por ser aliados principales para esta exhibici\u00f3n. As\u00ed mismo, a las empresas Arca Continental, Cemex, Cydsa, Femsa, Frisa, Vector y Xignux, as\u00ed como a Arte Expuesto y VMedia Group, empresas benefactoras que apoyan cada a\u00f1o a la instituci\u00f3n.<\/p>\n\n\n\n<figure class=\"wp-block-image size-large\"><img loading=\"lazy\" decoding=\"async\" width=\"1024\" height=\"683\" src=\"https:\/\/digitalreportmx.com\/wp-content\/uploads\/2025\/11\/1000341982-1024x683.jpg\" alt=\"\" class=\"wp-image-25223\" srcset=\"https:\/\/digitalreportmx.com\/wp-content\/uploads\/2025\/11\/1000341982-1024x683.jpg 1024w, https:\/\/digitalreportmx.com\/wp-content\/uploads\/2025\/11\/1000341982-300x200.jpg 300w, https:\/\/digitalreportmx.com\/wp-content\/uploads\/2025\/11\/1000341982-768x512.jpg 768w, https:\/\/digitalreportmx.com\/wp-content\/uploads\/2025\/11\/1000341982-1536x1024.jpg 1536w, https:\/\/digitalreportmx.com\/wp-content\/uploads\/2025\/11\/1000341982-2048x1365.jpg 2048w\" sizes=\"auto, (max-width: 1024px) 100vw, 1024px\" \/><\/figure>\n\n\n\n<p><br>INFORMACI\u00d3N DE LA EXPOSICI\u00d3N:<br>T\u00edtulo: Gerda Gruber: entre verde y agua | Apertura al p\u00fablico: Viernes 12 de septiembre del 2025 | Permanencia: del 2025 | Museograf\u00eda: MARCO | Curadur\u00eda: Daniela P\u00e9rez | N\u00famero de obras: 113 | Salas: 1 a 4, Planta Baja | T\u00e9cnicas: Escultura en madera, barro, bronce, porcelana, cristal, algod\u00f3n, fieltro, bamb\u00fa, entre otros.<\/p>\n\n\n\n<p><br>SEMBLANZA DE LA ARTISTA<br>Gerda Gruber es maestra en artes visuales con especialidad en escultura por la Hochschule f\u00fcr Angewandte Kunst, en Viena, ciudad donde fue conocida como Gerda Spurey (1962-1980). Reside en M\u00e9xico desde 1975 y desde 1988 vive y trabaja en Yucat\u00e1n. <\/p>\n\n\n\n<p>Fue profesora en The Banff Centre (1975 y 1986) y en la University of Calgary (1975-76) en Canad\u00e1, y fundadora del Taller de escultura en barro de la Escuela Nacional de Artes Pl\u00e1sticas (ENAP) de la UNAM (1976-1986). En 2001 crea la Fundaci\u00f3n Gruber Jez, Educaci\u00f3n y Promoci\u00f3n en Artes Pl\u00e1sticas, con el objetivo de acoger residencias art\u00edsticas en investigaci\u00f3n y experimentaci\u00f3n para artistas visuales. <\/p>\n\n\n\n<figure class=\"wp-block-image size-large\"><img loading=\"lazy\" decoding=\"async\" width=\"1024\" height=\"768\" src=\"https:\/\/digitalreportmx.com\/wp-content\/uploads\/2025\/11\/1000341980-1024x768.jpg\" alt=\"\" class=\"wp-image-25224\" srcset=\"https:\/\/digitalreportmx.com\/wp-content\/uploads\/2025\/11\/1000341980-1024x768.jpg 1024w, https:\/\/digitalreportmx.com\/wp-content\/uploads\/2025\/11\/1000341980-300x225.jpg 300w, https:\/\/digitalreportmx.com\/wp-content\/uploads\/2025\/11\/1000341980-768x576.jpg 768w, https:\/\/digitalreportmx.com\/wp-content\/uploads\/2025\/11\/1000341980-1536x1152.jpg 1536w, https:\/\/digitalreportmx.com\/wp-content\/uploads\/2025\/11\/1000341980-2048x1536.jpg 2048w\" sizes=\"auto, (max-width: 1024px) 100vw, 1024px\" \/><\/figure>\n\n\n\n<p>En 2004 forma parte del proyecto inicial de la Escuela Superior de Artes de Yucat\u00e1n (ESAY), donde fue titular del taller de escultura. Ha sido reconocida con premios y distinciones en Alemania, Austria, Italia, Estados Unidos, Jap\u00f3n, M\u00e9xico, Portugal y Yugoslavia. <\/p>\n\n\n\n<p>Es Creador Art\u00edstico Honor\u00edfico del Sistema Nacional de Creadores de Arte FONCA; recibi\u00f3 la Medalla Yucat\u00e1n en el 2018. <\/p>\n\n\n\n<p>Su trabajo se ha mostrado en exhibiciones individuales y colectivas en museos y galer\u00edas de M\u00e9xico, Austria, Alemania, Dinamarca, Estados Unidos, Holanda, Italia y Venezuela, como el Museo de Arte Moderno, Ciudad de M\u00e9xico, Gaolin International Biennial Invitational Ceramic Exhibition (China Jingdezhen Ceramic Museum, Jingdezhen, 2000); Universit\u00e4t f\u00fcr angewandte Kunst, Viena, 1992; y la 5 Triennale Fellbach Kleinplastik en el Museum, Duisburg, Alemania, 1984. Su obra se encuentra en museos y colecciones particulares, entre ellos, el Victoria and Albert Museum (Londres), Mus\u00e9e Ariana (Ginebra), Hetjens Museum (D\u00fcsseldorf), Museo Internazionale della Ceramiche (Faenza), Kunstindustrimuseet (Copenhague) y el \u00d6sterreichisches Museum f\u00fcr angewandte Kunst (Viena). <\/p>\n\n\n\n<p>En M\u00e9xico, su obra se encuentra en instituciones como el Museo de Arte Moderno de la Ciudad de M\u00e9xico, Museo de la Ciudad de M\u00e9rida y el Museo del Vidrio.<\/p>\n\n\n\n<figure class=\"wp-block-image size-large\"><img loading=\"lazy\" decoding=\"async\" width=\"1024\" height=\"683\" src=\"https:\/\/digitalreportmx.com\/wp-content\/uploads\/2025\/11\/1000341985-1024x683.jpg\" alt=\"\" class=\"wp-image-25225\" srcset=\"https:\/\/digitalreportmx.com\/wp-content\/uploads\/2025\/11\/1000341985-1024x683.jpg 1024w, https:\/\/digitalreportmx.com\/wp-content\/uploads\/2025\/11\/1000341985-300x200.jpg 300w, https:\/\/digitalreportmx.com\/wp-content\/uploads\/2025\/11\/1000341985-768x512.jpg 768w, https:\/\/digitalreportmx.com\/wp-content\/uploads\/2025\/11\/1000341985-1536x1024.jpg 1536w, https:\/\/digitalreportmx.com\/wp-content\/uploads\/2025\/11\/1000341985-2048x1365.jpg 2048w\" sizes=\"auto, (max-width: 1024px) 100vw, 1024px\" \/><figcaption class=\"wp-element-caption\">Gerda Gruber entre verde y agua Museo MARCO 2025<\/figcaption><\/figure>\n","protected":false},"excerpt":{"rendered":"<p>MonterreyEl Museo de Arte Contempor\u00e1neo de Monterrey presenta la exposici\u00f3n Gerda Gruber: Entre verde y agua, la revisi\u00f3n m\u00e1s amplia hasta ahora de la artista, considerada un referente en la escultura contempor\u00e1nea de M\u00e9xico.Nacida en 1940 en Bratislava, capital de Eslovaquia, Gruber lleg\u00f3 a M\u00e9xico en 1975. Desde su llegada hace 50 a\u00f1os, la artista [&hellip;]<\/p>\n","protected":false},"author":1,"featured_media":25155,"comment_status":"open","ping_status":"open","sticky":false,"template":"","format":"standard","meta":{"om_disable_all_campaigns":false,"_monsterinsights_skip_tracking":false,"_monsterinsights_sitenote_active":false,"_monsterinsights_sitenote_note":"","_monsterinsights_sitenote_category":0,"footnotes":""},"categories":[12,16],"tags":[],"class_list":["post-25154","post","type-post","status-publish","format-standard","has-post-thumbnail","hentry","category-cooltura","category-relevante-2"],"aioseo_notices":[],"_links":{"self":[{"href":"https:\/\/digitalreportmx.com\/index.php\/wp-json\/wp\/v2\/posts\/25154","targetHints":{"allow":["GET"]}}],"collection":[{"href":"https:\/\/digitalreportmx.com\/index.php\/wp-json\/wp\/v2\/posts"}],"about":[{"href":"https:\/\/digitalreportmx.com\/index.php\/wp-json\/wp\/v2\/types\/post"}],"author":[{"embeddable":true,"href":"https:\/\/digitalreportmx.com\/index.php\/wp-json\/wp\/v2\/users\/1"}],"replies":[{"embeddable":true,"href":"https:\/\/digitalreportmx.com\/index.php\/wp-json\/wp\/v2\/comments?post=25154"}],"version-history":[{"count":3,"href":"https:\/\/digitalreportmx.com\/index.php\/wp-json\/wp\/v2\/posts\/25154\/revisions"}],"predecessor-version":[{"id":25226,"href":"https:\/\/digitalreportmx.com\/index.php\/wp-json\/wp\/v2\/posts\/25154\/revisions\/25226"}],"wp:featuredmedia":[{"embeddable":true,"href":"https:\/\/digitalreportmx.com\/index.php\/wp-json\/wp\/v2\/media\/25155"}],"wp:attachment":[{"href":"https:\/\/digitalreportmx.com\/index.php\/wp-json\/wp\/v2\/media?parent=25154"}],"wp:term":[{"taxonomy":"category","embeddable":true,"href":"https:\/\/digitalreportmx.com\/index.php\/wp-json\/wp\/v2\/categories?post=25154"},{"taxonomy":"post_tag","embeddable":true,"href":"https:\/\/digitalreportmx.com\/index.php\/wp-json\/wp\/v2\/tags?post=25154"}],"curies":[{"name":"wp","href":"https:\/\/api.w.org\/{rel}","templated":true}]}}