{"id":25170,"date":"2025-11-24T16:19:11","date_gmt":"2025-11-24T22:19:11","guid":{"rendered":"https:\/\/digitalreportmx.com\/?p=25170"},"modified":"2025-11-24T16:19:28","modified_gmt":"2025-11-24T22:19:28","slug":"tiene-municipio-de-monterrey-lazos-academicos-con-la-udem","status":"publish","type":"post","link":"https:\/\/digitalreportmx.com\/index.php\/2025\/11\/24\/tiene-municipio-de-monterrey-lazos-academicos-con-la-udem\/","title":{"rendered":"Tiene municipio de Monterrey lazos acad\u00e9micos con la UDEM"},"content":{"rendered":"\n<p><kbd>Monterrey, NL <\/kbd><\/p>\n\n\n\n<p>Con la intenci\u00f3n de integrar el conocimiento acad\u00e9mico en proyectos que beneficien a la comunidad, el Gobierno de la ciudad formaliz\u00f3 este lunes un convenio de colaboraci\u00f3n con la Universidad de Monterrey (UDEM).<\/p>\n\n\n\n<figure class=\"wp-block-image size-large\"><img loading=\"lazy\" decoding=\"async\" width=\"1024\" height=\"683\" src=\"https:\/\/digitalreportmx.com\/wp-content\/uploads\/2025\/11\/1000165821-1024x683.jpg\" alt=\"\" class=\"wp-image-25171\" srcset=\"https:\/\/digitalreportmx.com\/wp-content\/uploads\/2025\/11\/1000165821-1024x683.jpg 1024w, https:\/\/digitalreportmx.com\/wp-content\/uploads\/2025\/11\/1000165821-300x200.jpg 300w, https:\/\/digitalreportmx.com\/wp-content\/uploads\/2025\/11\/1000165821-768x512.jpg 768w, https:\/\/digitalreportmx.com\/wp-content\/uploads\/2025\/11\/1000165821.jpg 1280w\" sizes=\"auto, (max-width: 1024px) 100vw, 1024px\" \/><\/figure>\n\n\n\n<p>El alcalde Adri\u00e1n de la Garza acompa\u00f1ado de su esposa Gaby Oyervides, presidenta del DIF municipal, encabez\u00f3 la firma del acuerdo junto a autoridades universitarias, destacando que este tipo de alianzas fortalecen la preparaci\u00f3n de las juventudes, lo que permite avanzar en soluciones concretas para la ciudad.<\/p>\n\n\n\n<p>El edil subray\u00f3 la importancia de integrar a los estudiantes en proyectos que acerquen el aprendizaje a las necesidades sociales y al funcionamiento del gobierno municipal.<\/p>\n\n\n\n<p>\u201cTenemos la firme convicci\u00f3n y prop\u00f3sito en esta administraci\u00f3n de afianzar, mucho m\u00e1s, la ventaja que tiene Monterrey en ser una ciudad que alberga o tiene entre sus \u00e1reas del municipio a las mejores universidades, no nada m\u00e1s del pa\u00eds, sino incluso muchos de ellas de Latinoam\u00e9rica\u201d.<\/p>\n\n\n\n<p>El convenio contempla brindar espacios para servicio social, pr\u00e1cticas profesionales, proyectos conjuntos y participaci\u00f3n en actividades de voluntariado a los alumnos de la UDEM, a fin de impulsar su formaci\u00f3n profesional y, al mismo tiempo, mejorar procesos y servicios para las familias regiomontanas.<\/p>\n\n\n\n<p>La colaboraci\u00f3n tambi\u00e9n incluye becas de posgrado y doctorado para servidores p\u00fablicos, una oportunidad que permitir\u00e1 elevar la preparaci\u00f3n de los trabajadores municipales y avanzar hacia una gesti\u00f3n m\u00e1s especializada y de mayor calidad.<\/p>\n\n\n\n<p>Durante el acto, De la Garza enfatiz\u00f3 que la colaboraci\u00f3n entre la academia y el gobierno es clave para construir soluciones que tengan impacto en la vida diaria de las personas.<\/p>\n\n\n\n<p>\u201cCelebro la firma de este convenio que nos da la oportunidad de poder captar y tener a las y los mejores egresados qui\u00e9nes realizan de forma apasionada en la carrera el servicio p\u00fablico que no es f\u00e1cil al final de cuentas\u201d.<\/p>\n\n\n\n<p>A trav\u00e9s de este convenio, Monterrey avanza en la construcci\u00f3n de v\u00ednculos que aportan al desarrollo profesional, fortalecen la gesti\u00f3n p\u00fablica y generan oportunidades reales tanto para la comunidad estudiantil como para los ciudadanos.<\/p>\n\n\n\n<p>En la reuni\u00f3n acompa\u00f1aron al alcalde el secretario de Administraci\u00f3n, Marcelo Segovia; el secretario de Participaci\u00f3n Ciudadana, Rafael Ramos; la secretaria de Desarrollo Humano e Igualdad Sustantiva, Karina Barr\u00f3n; la directora general del Instituto Municipal de las Mujeres Regias, Wendy Cordero; la directora general del Instituto de la Juventud Regia, Maday Cant\u00fa; la directora general del DIF municipal, Ivonne \u00c1lvarez y el director de la Facultad de Derecho y Ciencias Sociales de la UDEM, Arturo Azuara.<\/p>\n","protected":false},"excerpt":{"rendered":"<p>Monterrey, NL Con la intenci\u00f3n de integrar el conocimiento acad\u00e9mico en proyectos que beneficien a la comunidad, el Gobierno de la ciudad formaliz\u00f3 este lunes un convenio de colaboraci\u00f3n con la Universidad de Monterrey (UDEM). El alcalde Adri\u00e1n de la Garza acompa\u00f1ado de su esposa Gaby Oyervides, presidenta del DIF municipal, encabez\u00f3 la firma del [&hellip;]<\/p>\n","protected":false},"author":1,"featured_media":25172,"comment_status":"open","ping_status":"open","sticky":false,"template":"","format":"standard","meta":{"om_disable_all_campaigns":false,"_monsterinsights_skip_tracking":false,"_monsterinsights_sitenote_active":false,"_monsterinsights_sitenote_note":"","_monsterinsights_sitenote_category":0,"footnotes":""},"categories":[15,6],"tags":[],"class_list":["post-25170","post","type-post","status-publish","format-standard","has-post-thumbnail","hentry","category-relevante","category-local"],"aioseo_notices":[],"_links":{"self":[{"href":"https:\/\/digitalreportmx.com\/index.php\/wp-json\/wp\/v2\/posts\/25170","targetHints":{"allow":["GET"]}}],"collection":[{"href":"https:\/\/digitalreportmx.com\/index.php\/wp-json\/wp\/v2\/posts"}],"about":[{"href":"https:\/\/digitalreportmx.com\/index.php\/wp-json\/wp\/v2\/types\/post"}],"author":[{"embeddable":true,"href":"https:\/\/digitalreportmx.com\/index.php\/wp-json\/wp\/v2\/users\/1"}],"replies":[{"embeddable":true,"href":"https:\/\/digitalreportmx.com\/index.php\/wp-json\/wp\/v2\/comments?post=25170"}],"version-history":[{"count":1,"href":"https:\/\/digitalreportmx.com\/index.php\/wp-json\/wp\/v2\/posts\/25170\/revisions"}],"predecessor-version":[{"id":25173,"href":"https:\/\/digitalreportmx.com\/index.php\/wp-json\/wp\/v2\/posts\/25170\/revisions\/25173"}],"wp:featuredmedia":[{"embeddable":true,"href":"https:\/\/digitalreportmx.com\/index.php\/wp-json\/wp\/v2\/media\/25172"}],"wp:attachment":[{"href":"https:\/\/digitalreportmx.com\/index.php\/wp-json\/wp\/v2\/media?parent=25170"}],"wp:term":[{"taxonomy":"category","embeddable":true,"href":"https:\/\/digitalreportmx.com\/index.php\/wp-json\/wp\/v2\/categories?post=25170"},{"taxonomy":"post_tag","embeddable":true,"href":"https:\/\/digitalreportmx.com\/index.php\/wp-json\/wp\/v2\/tags?post=25170"}],"curies":[{"name":"wp","href":"https:\/\/api.w.org\/{rel}","templated":true}]}}