{"id":25273,"date":"2025-11-25T14:44:31","date_gmt":"2025-11-25T20:44:31","guid":{"rendered":"https:\/\/digitalreportmx.com\/?p=25273"},"modified":"2025-11-25T14:44:32","modified_gmt":"2025-11-25T20:44:32","slug":"se-suma-sc-al-combate-de-la-violencia-contra-la-mujer","status":"publish","type":"post","link":"https:\/\/digitalreportmx.com\/index.php\/2025\/11\/25\/se-suma-sc-al-combate-de-la-violencia-contra-la-mujer\/","title":{"rendered":"Se suma SC al combate de la violencia contra la mujer"},"content":{"rendered":"\n<p><kbd>Santa Catarina <\/kbd><\/p>\n\n\n\n<p>El Gobierno de Santa Catarina se sum\u00f3 a la conmemoraci\u00f3n del D\u00eda Internacional de la Eliminaci\u00f3n de la Violencia contra la Mujer, refrendando su compromiso con las acciones nacionales para erradicar cualquier forma de agresi\u00f3n hacia mujeres y ni\u00f1as.<\/p>\n\n\n\n<p>Como parte de esta jornada, el Municipio llev\u00f3 a cabo un acto simb\u00f3lico en el que personal administrativo y operativo de las distintas secretar\u00edas asisti\u00f3 vestido de color morado, tanto mujeres como hombres, en se\u00f1al de unidad y solidaridad a la causa.<\/p>\n\n\n\n<p>El Alcalde Jes\u00fas Nava Rivera reiter\u00f3 que continuar\u00e1n impulsando pol\u00edticas p\u00fablicas, programas de prevenci\u00f3n y mecanismos de apoyo que fortalezcan la seguridad, el respeto y la igualdad de oportunidades para todas las mujeres de Santa Catarina.<\/p>\n\n\n\n<figure class=\"wp-block-image size-large\"><img loading=\"lazy\" decoding=\"async\" width=\"1024\" height=\"768\" src=\"https:\/\/digitalreportmx.com\/wp-content\/uploads\/2025\/11\/1000343326-1024x768.jpg\" alt=\"\" class=\"wp-image-25275\" srcset=\"https:\/\/digitalreportmx.com\/wp-content\/uploads\/2025\/11\/1000343326-1024x768.jpg 1024w, https:\/\/digitalreportmx.com\/wp-content\/uploads\/2025\/11\/1000343326-300x225.jpg 300w, https:\/\/digitalreportmx.com\/wp-content\/uploads\/2025\/11\/1000343326-768x576.jpg 768w, https:\/\/digitalreportmx.com\/wp-content\/uploads\/2025\/11\/1000343326.jpg 1381w\" sizes=\"auto, (max-width: 1024px) 100vw, 1024px\" \/><\/figure>\n","protected":false},"excerpt":{"rendered":"<p>Santa Catarina El Gobierno de Santa Catarina se sum\u00f3 a la conmemoraci\u00f3n del D\u00eda Internacional de la Eliminaci\u00f3n de la Violencia contra la Mujer, refrendando su compromiso con las acciones nacionales para erradicar cualquier forma de agresi\u00f3n hacia mujeres y ni\u00f1as. Como parte de esta jornada, el Municipio llev\u00f3 a cabo un acto simb\u00f3lico en [&hellip;]<\/p>\n","protected":false},"author":1,"featured_media":25274,"comment_status":"open","ping_status":"open","sticky":false,"template":"","format":"standard","meta":{"om_disable_all_campaigns":false,"_monsterinsights_skip_tracking":false,"_monsterinsights_sitenote_active":false,"_monsterinsights_sitenote_note":"","_monsterinsights_sitenote_category":0,"footnotes":""},"categories":[16,13],"tags":[],"class_list":["post-25273","post","type-post","status-publish","format-standard","has-post-thumbnail","hentry","category-relevante-2","category-reporte-local"],"aioseo_notices":[],"_links":{"self":[{"href":"https:\/\/digitalreportmx.com\/index.php\/wp-json\/wp\/v2\/posts\/25273","targetHints":{"allow":["GET"]}}],"collection":[{"href":"https:\/\/digitalreportmx.com\/index.php\/wp-json\/wp\/v2\/posts"}],"about":[{"href":"https:\/\/digitalreportmx.com\/index.php\/wp-json\/wp\/v2\/types\/post"}],"author":[{"embeddable":true,"href":"https:\/\/digitalreportmx.com\/index.php\/wp-json\/wp\/v2\/users\/1"}],"replies":[{"embeddable":true,"href":"https:\/\/digitalreportmx.com\/index.php\/wp-json\/wp\/v2\/comments?post=25273"}],"version-history":[{"count":1,"href":"https:\/\/digitalreportmx.com\/index.php\/wp-json\/wp\/v2\/posts\/25273\/revisions"}],"predecessor-version":[{"id":25276,"href":"https:\/\/digitalreportmx.com\/index.php\/wp-json\/wp\/v2\/posts\/25273\/revisions\/25276"}],"wp:featuredmedia":[{"embeddable":true,"href":"https:\/\/digitalreportmx.com\/index.php\/wp-json\/wp\/v2\/media\/25274"}],"wp:attachment":[{"href":"https:\/\/digitalreportmx.com\/index.php\/wp-json\/wp\/v2\/media?parent=25273"}],"wp:term":[{"taxonomy":"category","embeddable":true,"href":"https:\/\/digitalreportmx.com\/index.php\/wp-json\/wp\/v2\/categories?post=25273"},{"taxonomy":"post_tag","embeddable":true,"href":"https:\/\/digitalreportmx.com\/index.php\/wp-json\/wp\/v2\/tags?post=25273"}],"curies":[{"name":"wp","href":"https:\/\/api.w.org\/{rel}","templated":true}]}}