{"id":25277,"date":"2025-11-25T14:48:33","date_gmt":"2025-11-25T20:48:33","guid":{"rendered":"https:\/\/digitalreportmx.com\/?p=25277"},"modified":"2025-11-25T14:49:48","modified_gmt":"2025-11-25T20:49:48","slug":"fortalece-monterrey-espacios-diferentes-en-zona-norte","status":"publish","type":"post","link":"https:\/\/digitalreportmx.com\/index.php\/2025\/11\/25\/fortalece-monterrey-espacios-diferentes-en-zona-norte\/","title":{"rendered":"Fortalece Monterrey Espacios DIFerentes en zona norte"},"content":{"rendered":"\n<p><kbd>Monterre<\/kbd>y<\/p>\n\n\n\n<p>Junto a su esposa y presidenta del DIF, Gaby Oyervides y acompa\u00f1ado por funcionarios municipales, recorri\u00f3 las renovadas instalaciones con las que se busca mejorar y dignificar los servicios que se brindan a la comunidad.<\/p>\n\n\n\n<p>&#8220;Vemos c\u00f3mo todo este espacio es un espacio de intervenci\u00f3n social para un buen desarrollo de comunidad. Eso es lo que buscamos principalmente, que haya mejor calidad de vida&#8221; destac\u00f3 el edil.<\/p>\n\n\n\n<p>Durante su mensaje, De la Garza mencion\u00f3 que la prioridad de su Administraci\u00f3n es el bienestar y desarrollo de los regiomontanos.<\/p>\n\n\n\n<p>&#8220;Eso es lo que nos impulsa a trabajar, verlos contentos, verlos felices, verlos realizados, ver una comunidad que se junta, que convive y vamos a hacer todos los esfuerzos que sean necesarios para que todos y cada uno de ustedes est\u00e9n mejor<br>todos los d\u00edas&#8221;.<\/p>\n\n\n\n<p><\/p>\n\n\n\n<figure class=\"wp-block-image size-large\"><img loading=\"lazy\" decoding=\"async\" width=\"1024\" height=\"683\" src=\"https:\/\/digitalreportmx.com\/wp-content\/uploads\/2025\/11\/1000343246-1024x683.jpg\" alt=\"\" class=\"wp-image-25280\" srcset=\"https:\/\/digitalreportmx.com\/wp-content\/uploads\/2025\/11\/1000343246-1024x683.jpg 1024w, https:\/\/digitalreportmx.com\/wp-content\/uploads\/2025\/11\/1000343246-300x200.jpg 300w, https:\/\/digitalreportmx.com\/wp-content\/uploads\/2025\/11\/1000343246-768x512.jpg 768w, https:\/\/digitalreportmx.com\/wp-content\/uploads\/2025\/11\/1000343246.jpg 1280w\" sizes=\"auto, (max-width: 1024px) 100vw, 1024px\" \/><\/figure>\n\n\n\n<p>Un mantenimiento integral, climatizaci\u00f3n nueva, cambio de mobiliario, remodelaci\u00f3n de fachada e interiores fueron algunos de los trabajos en dicho centro, cuya rehabilitaci\u00f3n forma parte del programa \u201cEspacios DIFerentes\u201d con el que se intervienen 31 inmuebles del Sistema para el Desarrollo Integral de la Familia de Monterrey.<\/p>\n\n\n\n<p>La presidenta del DIF, coment\u00f3 que el Centro entregado este d\u00eda es el m\u00e1s concurrido de todos con hasta 500 personas por semana de lunes a domingo, por eso la necesidad de transformarlo en un lugar seguro, accesible, c\u00f3modo y eficiente.<\/p>\n\n\n\n<figure class=\"wp-block-video\"><video controls src=\"https:\/\/digitalreportmx.com\/wp-content\/uploads\/2025\/11\/1000343312.mp4\"><\/video><\/figure>\n\n\n\n<p>En la reinauguraci\u00f3n del CBF Valle de Infonavit asistieron el jefe de Gabinete, Fernando Marg\u00e1in; el secretario de Administraci\u00f3n, Marcelo Segovia; la directora del DIF, Ivonne \u00c1lvarez; el director de mantenimiento y equipamiento, Roberto Tomasichi y la integrante del comit\u00e9 del Centro de Bienestar Familiar de Valle de Infonavit, Nancy V\u00e1zquez.<\/p>\n\n\n\n<figure class=\"wp-block-image size-large\"><img loading=\"lazy\" decoding=\"async\" width=\"1024\" height=\"683\" src=\"https:\/\/digitalreportmx.com\/wp-content\/uploads\/2025\/11\/1000343248-1024x683.jpg\" alt=\"\" class=\"wp-image-25279\" srcset=\"https:\/\/digitalreportmx.com\/wp-content\/uploads\/2025\/11\/1000343248-1024x683.jpg 1024w, https:\/\/digitalreportmx.com\/wp-content\/uploads\/2025\/11\/1000343248-300x200.jpg 300w, https:\/\/digitalreportmx.com\/wp-content\/uploads\/2025\/11\/1000343248-768x512.jpg 768w, https:\/\/digitalreportmx.com\/wp-content\/uploads\/2025\/11\/1000343248.jpg 1280w\" sizes=\"auto, (max-width: 1024px) 100vw, 1024px\" \/><\/figure>\n","protected":false},"excerpt":{"rendered":"<p>Monterrey Junto a su esposa y presidenta del DIF, Gaby Oyervides y acompa\u00f1ado por funcionarios municipales, recorri\u00f3 las renovadas instalaciones con las que se busca mejorar y dignificar los servicios que se brindan a la comunidad. &#8220;Vemos c\u00f3mo todo este espacio es un espacio de intervenci\u00f3n social para un buen desarrollo de comunidad. Eso es [&hellip;]<\/p>\n","protected":false},"author":1,"featured_media":25278,"comment_status":"open","ping_status":"open","sticky":false,"template":"","format":"standard","meta":{"om_disable_all_campaigns":false,"_monsterinsights_skip_tracking":false,"_monsterinsights_sitenote_active":false,"_monsterinsights_sitenote_note":"","_monsterinsights_sitenote_category":0,"footnotes":""},"categories":[16,13],"tags":[],"class_list":["post-25277","post","type-post","status-publish","format-standard","has-post-thumbnail","hentry","category-relevante-2","category-reporte-local"],"aioseo_notices":[],"_links":{"self":[{"href":"https:\/\/digitalreportmx.com\/index.php\/wp-json\/wp\/v2\/posts\/25277","targetHints":{"allow":["GET"]}}],"collection":[{"href":"https:\/\/digitalreportmx.com\/index.php\/wp-json\/wp\/v2\/posts"}],"about":[{"href":"https:\/\/digitalreportmx.com\/index.php\/wp-json\/wp\/v2\/types\/post"}],"author":[{"embeddable":true,"href":"https:\/\/digitalreportmx.com\/index.php\/wp-json\/wp\/v2\/users\/1"}],"replies":[{"embeddable":true,"href":"https:\/\/digitalreportmx.com\/index.php\/wp-json\/wp\/v2\/comments?post=25277"}],"version-history":[{"count":2,"href":"https:\/\/digitalreportmx.com\/index.php\/wp-json\/wp\/v2\/posts\/25277\/revisions"}],"predecessor-version":[{"id":25284,"href":"https:\/\/digitalreportmx.com\/index.php\/wp-json\/wp\/v2\/posts\/25277\/revisions\/25284"}],"wp:featuredmedia":[{"embeddable":true,"href":"https:\/\/digitalreportmx.com\/index.php\/wp-json\/wp\/v2\/media\/25278"}],"wp:attachment":[{"href":"https:\/\/digitalreportmx.com\/index.php\/wp-json\/wp\/v2\/media?parent=25277"}],"wp:term":[{"taxonomy":"category","embeddable":true,"href":"https:\/\/digitalreportmx.com\/index.php\/wp-json\/wp\/v2\/categories?post=25277"},{"taxonomy":"post_tag","embeddable":true,"href":"https:\/\/digitalreportmx.com\/index.php\/wp-json\/wp\/v2\/tags?post=25277"}],"curies":[{"name":"wp","href":"https:\/\/api.w.org\/{rel}","templated":true}]}}