{"id":25411,"date":"2025-11-27T14:34:43","date_gmt":"2025-11-27T20:34:43","guid":{"rendered":"https:\/\/digitalreportmx.com\/?p=25411"},"modified":"2025-11-27T14:36:42","modified_gmt":"2025-11-27T20:36:42","slug":"cedhnl-entrega-distincion-mujeres-dignidad-y-derechos","status":"publish","type":"post","link":"https:\/\/digitalreportmx.com\/index.php\/2025\/11\/27\/cedhnl-entrega-distincion-mujeres-dignidad-y-derechos\/","title":{"rendered":"CEDHNL entrega distinci\u00f3n Mujeres, Dignidad y Derechos"},"content":{"rendered":"\n<p>Monterrey <br>La Comisi\u00f3n Estatal de Derechos Humanos del Estado deNuevo Le\u00f3n, llev\u00f3 a cabo la ceremonia de entrega del Reconocimiento \u201cMujeres, Dignidad y Derechos: Carlota Vargas Garza\u201d edici\u00f3n 2025, con el prop\u00f3sito de visibilizar la trayectoria de mujeres que han dedicado su vida a la promoci\u00f3n de la justicia social, la defensa de los derechos humanos y la dignidad de las personas, especialmente de aquellas en situaci\u00f3n de vulnerabilidad.<br>La Presidenta de la CEDHNL, Susana M\u00e9ndez Arellano, destac\u00f3 que este reconocimiento busca colocar en el centro la labor de las mujeres, reconocer sus luchas, resignificar sus aportaciones y fortalecer una visi\u00f3n de derechos humanos basada en la igualdad, la libertad y la no discriminaci\u00f3n, reafirmando a la dignidad humana como eje fundamental para la construcci\u00f3n de sociedades m\u00e1s justas y pac\u00edficas.<br>\u201cEste reconocimiento tiene por objeto poner en el centro la labor de las mujeres, resignificar sus esfuerzos y promover una visi\u00f3n que impulse la libertad y la igualdad, sin prejuicios ni estereotipos\u201d, expres\u00f3.<\/p>\n\n\n\n<figure class=\"wp-block-image size-large\"><img loading=\"lazy\" decoding=\"async\" width=\"1024\" height=\"768\" src=\"https:\/\/digitalreportmx.com\/wp-content\/uploads\/2025\/11\/1000346526-1024x768.jpg\" alt=\"\" class=\"wp-image-25416\" srcset=\"https:\/\/digitalreportmx.com\/wp-content\/uploads\/2025\/11\/1000346526-1024x768.jpg 1024w, https:\/\/digitalreportmx.com\/wp-content\/uploads\/2025\/11\/1000346526-300x225.jpg 300w, https:\/\/digitalreportmx.com\/wp-content\/uploads\/2025\/11\/1000346526-768x576.jpg 768w, https:\/\/digitalreportmx.com\/wp-content\/uploads\/2025\/11\/1000346526-1536x1152.jpg 1536w, https:\/\/digitalreportmx.com\/wp-content\/uploads\/2025\/11\/1000346526-2048x1536.jpg 2048w\" sizes=\"auto, (max-width: 1024px) 100vw, 1024px\" \/><\/figure>\n\n\n\n<p><br>En esta edici\u00f3n, fueron reconocidas Ang\u00e9lica Elizondo Riojas y Mercedes Jaime de Fern\u00e1ndez, por su destacada trayectoria en el acompa\u00f1amiento de personas privadas de la libertad, as\u00ed como por su trabajo a favor de sus familias, ni\u00f1as, ni\u00f1os y adolescentes que enfrentan contextos de exclusi\u00f3n social, invisibilizaci\u00f3n y m\u00faltiples violencias.<br>Ang\u00e9lica Elisondo Riojas subray\u00f3 que este reconocimiento representa un compromiso renovado para continuar su labor social y comunitaria \u201cLo tomo con toda la responsabilidad para seguir trabajando y hacer m\u00e1s por las ni\u00f1as, los ni\u00f1os, las adolescentes, las mujeres y las personas adultas mayores que podamos ayudar\u201d.<\/p>\n\n\n\n<figure class=\"wp-block-image size-large\"><img loading=\"lazy\" decoding=\"async\" width=\"1024\" height=\"768\" src=\"https:\/\/digitalreportmx.com\/wp-content\/uploads\/2025\/11\/1000346527-1024x768.jpg\" alt=\"\" class=\"wp-image-25418\" srcset=\"https:\/\/digitalreportmx.com\/wp-content\/uploads\/2025\/11\/1000346527-1024x768.jpg 1024w, https:\/\/digitalreportmx.com\/wp-content\/uploads\/2025\/11\/1000346527-300x225.jpg 300w, https:\/\/digitalreportmx.com\/wp-content\/uploads\/2025\/11\/1000346527-768x576.jpg 768w, https:\/\/digitalreportmx.com\/wp-content\/uploads\/2025\/11\/1000346527-1536x1152.jpg 1536w, https:\/\/digitalreportmx.com\/wp-content\/uploads\/2025\/11\/1000346527-2048x1536.jpg 2048w\" sizes=\"auto, (max-width: 1024px) 100vw, 1024px\" \/><\/figure>\n\n\n\n<p><br>Por su parte, Mercedes Jaime de Fern\u00e1ndez reconoci\u00f3 que este tipo de distinciones fortalecen la convicci\u00f3n de continuar apoyando a quienes m\u00e1s lo necesitan: \u201cNo es por lo que lo hacemos, pero este reconocimiento nos ayuda a seguir adelante y a saber que la gente entiende lo que hacemos\u201d.<br>Durante la ceremonia, se resalt\u00f3 la trayectoria de ambas mujeres como referentes \u00e9ticos y humanos en la construcci\u00f3n de segundas oportunidades, la promoci\u00f3n de la reinserci\u00f3n social y la defensa de la dignidad de las personas privadas de la libertad, as\u00ed como el acompa\u00f1amiento a sus familias.<br>La CEDHNL reafirma, con esta entrega, su compromiso institucional de impulsar una cultura de respeto, igualdad sustantiva y garant\u00eda de los derechos humanos, reconociendo a quienes, desde la sociedad civil, transforman realidades y construyen caminos de esperanza.<\/p>\n\n\n\n<figure class=\"wp-block-image size-large\"><img loading=\"lazy\" decoding=\"async\" width=\"1024\" height=\"768\" src=\"https:\/\/digitalreportmx.com\/wp-content\/uploads\/2025\/11\/1000346525-1024x768.jpg\" alt=\"\" class=\"wp-image-25415\" srcset=\"https:\/\/digitalreportmx.com\/wp-content\/uploads\/2025\/11\/1000346525-1024x768.jpg 1024w, https:\/\/digitalreportmx.com\/wp-content\/uploads\/2025\/11\/1000346525-300x225.jpg 300w, https:\/\/digitalreportmx.com\/wp-content\/uploads\/2025\/11\/1000346525-768x576.jpg 768w, https:\/\/digitalreportmx.com\/wp-content\/uploads\/2025\/11\/1000346525-1536x1152.jpg 1536w, https:\/\/digitalreportmx.com\/wp-content\/uploads\/2025\/11\/1000346525-2048x1536.jpg 2048w\" sizes=\"auto, (max-width: 1024px) 100vw, 1024px\" \/><\/figure>\n","protected":false},"excerpt":{"rendered":"<p>Monterrey La Comisi\u00f3n Estatal de Derechos Humanos del Estado deNuevo Le\u00f3n, llev\u00f3 a cabo la ceremonia de entrega del Reconocimiento \u201cMujeres, Dignidad y Derechos: Carlota Vargas Garza\u201d edici\u00f3n 2025, con el prop\u00f3sito de visibilizar la trayectoria de mujeres que han dedicado su vida a la promoci\u00f3n de la justicia social, la defensa de los derechos [&hellip;]<\/p>\n","protected":false},"author":1,"featured_media":25413,"comment_status":"open","ping_status":"open","sticky":false,"template":"","format":"standard","meta":{"om_disable_all_campaigns":false,"_monsterinsights_skip_tracking":false,"_monsterinsights_sitenote_active":false,"_monsterinsights_sitenote_note":"","_monsterinsights_sitenote_category":0,"footnotes":""},"categories":[16,13],"tags":[],"class_list":["post-25411","post","type-post","status-publish","format-standard","has-post-thumbnail","hentry","category-relevante-2","category-reporte-local"],"aioseo_notices":[],"_links":{"self":[{"href":"https:\/\/digitalreportmx.com\/index.php\/wp-json\/wp\/v2\/posts\/25411","targetHints":{"allow":["GET"]}}],"collection":[{"href":"https:\/\/digitalreportmx.com\/index.php\/wp-json\/wp\/v2\/posts"}],"about":[{"href":"https:\/\/digitalreportmx.com\/index.php\/wp-json\/wp\/v2\/types\/post"}],"author":[{"embeddable":true,"href":"https:\/\/digitalreportmx.com\/index.php\/wp-json\/wp\/v2\/users\/1"}],"replies":[{"embeddable":true,"href":"https:\/\/digitalreportmx.com\/index.php\/wp-json\/wp\/v2\/comments?post=25411"}],"version-history":[{"count":2,"href":"https:\/\/digitalreportmx.com\/index.php\/wp-json\/wp\/v2\/posts\/25411\/revisions"}],"predecessor-version":[{"id":25419,"href":"https:\/\/digitalreportmx.com\/index.php\/wp-json\/wp\/v2\/posts\/25411\/revisions\/25419"}],"wp:featuredmedia":[{"embeddable":true,"href":"https:\/\/digitalreportmx.com\/index.php\/wp-json\/wp\/v2\/media\/25413"}],"wp:attachment":[{"href":"https:\/\/digitalreportmx.com\/index.php\/wp-json\/wp\/v2\/media?parent=25411"}],"wp:term":[{"taxonomy":"category","embeddable":true,"href":"https:\/\/digitalreportmx.com\/index.php\/wp-json\/wp\/v2\/categories?post=25411"},{"taxonomy":"post_tag","embeddable":true,"href":"https:\/\/digitalreportmx.com\/index.php\/wp-json\/wp\/v2\/tags?post=25411"}],"curies":[{"name":"wp","href":"https:\/\/api.w.org\/{rel}","templated":true}]}}