{"id":25432,"date":"2025-11-27T15:40:00","date_gmt":"2025-11-27T21:40:00","guid":{"rendered":"https:\/\/digitalreportmx.com\/?p=25432"},"modified":"2025-11-27T15:40:01","modified_gmt":"2025-11-27T21:40:01","slug":"se-opone-marisol-gonzalez-a-centro-de-autismo-de-sc","status":"publish","type":"post","link":"https:\/\/digitalreportmx.com\/index.php\/2025\/11\/27\/se-opone-marisol-gonzalez-a-centro-de-autismo-de-sc\/","title":{"rendered":"Se opone Marisol Gonz\u00e1lez a Centro de Autismo de SC"},"content":{"rendered":"\n<p><kbd>Santa Catarina<\/kbd> <\/p>\n\n\n\n<p>La diputada local de Movimiento Ciudadano Marisol Gonz\u00e1lez se opone al beneficio de m\u00e1s de 300 familias con la construcci\u00f3n del Centro de Atenci\u00f3n al Autismo.<\/p>\n\n\n\n<p>En redes sociales circula un video en el que la legisladora cuestiona que el Municipio vaya a construir dicho centro a trav\u00e9s de la subasta de predios que se encuentran en zonas industriales.<\/p>\n\n\n\n<p>Trascendi\u00f3 en medios y redes sociales el anuncio que hizo el alcalde Jes\u00fas Nava sobre la subasta de 17 predios, que no cuentan con caracter\u00edsticas para destinar a \u00e1reas verdes por encontrarse dispersos y no en zonas habitacionales.<\/p>\n\n\n\n<p>En Santa Catarina habitan 300 familias, en las cuales uno o m\u00e1s de sus hijos cuentan con diagn\u00f3stico de espectro autista, quienes ser\u00e1n los beneficiados con el nuevo Centro de Atenci\u00f3n al Autismo.<\/p>\n\n\n\n<p>La diputada se opone as\u00ed a la obra que beneficiar\u00eda a muchas familias de Santa Catarina, anteponiendo sus intereses pol\u00edticos a los de la poblaci\u00f3n.<\/p>\n\n\n\n<p>La legisladora es una cr\u00edtica constante a la administraci\u00f3n de Morena ya que sus aspiraciones pol\u00edticas son mayores que el ayudar a la poblaci\u00f3n.<\/p>\n","protected":false},"excerpt":{"rendered":"<p>Santa Catarina La diputada local de Movimiento Ciudadano Marisol Gonz\u00e1lez se opone al beneficio de m\u00e1s de 300 familias con la construcci\u00f3n del Centro de Atenci\u00f3n al Autismo. En redes sociales circula un video en el que la legisladora cuestiona que el Municipio vaya a construir dicho centro a trav\u00e9s de la subasta de predios [&hellip;]<\/p>\n","protected":false},"author":1,"featured_media":25433,"comment_status":"open","ping_status":"open","sticky":false,"template":"","format":"standard","meta":{"om_disable_all_campaigns":false,"_monsterinsights_skip_tracking":false,"_monsterinsights_sitenote_active":false,"_monsterinsights_sitenote_note":"","_monsterinsights_sitenote_category":0,"footnotes":""},"categories":[16,13],"tags":[],"class_list":["post-25432","post","type-post","status-publish","format-standard","has-post-thumbnail","hentry","category-relevante-2","category-reporte-local"],"aioseo_notices":[],"_links":{"self":[{"href":"https:\/\/digitalreportmx.com\/index.php\/wp-json\/wp\/v2\/posts\/25432","targetHints":{"allow":["GET"]}}],"collection":[{"href":"https:\/\/digitalreportmx.com\/index.php\/wp-json\/wp\/v2\/posts"}],"about":[{"href":"https:\/\/digitalreportmx.com\/index.php\/wp-json\/wp\/v2\/types\/post"}],"author":[{"embeddable":true,"href":"https:\/\/digitalreportmx.com\/index.php\/wp-json\/wp\/v2\/users\/1"}],"replies":[{"embeddable":true,"href":"https:\/\/digitalreportmx.com\/index.php\/wp-json\/wp\/v2\/comments?post=25432"}],"version-history":[{"count":1,"href":"https:\/\/digitalreportmx.com\/index.php\/wp-json\/wp\/v2\/posts\/25432\/revisions"}],"predecessor-version":[{"id":25434,"href":"https:\/\/digitalreportmx.com\/index.php\/wp-json\/wp\/v2\/posts\/25432\/revisions\/25434"}],"wp:featuredmedia":[{"embeddable":true,"href":"https:\/\/digitalreportmx.com\/index.php\/wp-json\/wp\/v2\/media\/25433"}],"wp:attachment":[{"href":"https:\/\/digitalreportmx.com\/index.php\/wp-json\/wp\/v2\/media?parent=25432"}],"wp:term":[{"taxonomy":"category","embeddable":true,"href":"https:\/\/digitalreportmx.com\/index.php\/wp-json\/wp\/v2\/categories?post=25432"},{"taxonomy":"post_tag","embeddable":true,"href":"https:\/\/digitalreportmx.com\/index.php\/wp-json\/wp\/v2\/tags?post=25432"}],"curies":[{"name":"wp","href":"https:\/\/api.w.org\/{rel}","templated":true}]}}